{"id":310582,"date":"2021-09-10T09:30:56","date_gmt":"2021-09-10T12:30:56","guid":{"rendered":"https:\/\/notinor.com\/jujuy\/?p=310582"},"modified":"2021-09-10T09:31:01","modified_gmt":"2021-09-10T12:31:01","slug":"salario-minimo-vital-y-movil-oficializan-la-convocatoria-para-un-nuevo-aumento","status":"publish","type":"post","link":"https:\/\/notinor.com\/jujuy\/salario-minimo-vital-y-movil-oficializan-la-convocatoria-para-un-nuevo-aumento\/","title":{"rendered":"Salario M\u00ednimo Vital y M\u00f3vil: oficializan la convocatoria para un nuevo aumento"},"content":{"rendered":"\n<p>Ante la inflaci\u00f3n que erosiona los sueldos, el Gobierno llam\u00f3 al Consejo del Salario para actualizar el monto.<\/p>\n\n\n\n<div class=\"wp-block-image\"><figure class=\"aligncenter size-large is-resized\"><img decoding=\"async\" loading=\"lazy\" src=\"https:\/\/notinor.com\/jujuy\/wp-content\/uploads\/2021\/09\/sueldo-640x480.jpg\" alt=\"\" class=\"wp-image-310589\" width=\"508\" height=\"381\" srcset=\"https:\/\/notinor.com\/jujuy\/wp-content\/uploads\/2021\/09\/sueldo-640x480.jpg 640w, https:\/\/notinor.com\/jujuy\/wp-content\/uploads\/2021\/09\/sueldo-487x365.jpg 487w, https:\/\/notinor.com\/jujuy\/wp-content\/uploads\/2021\/09\/sueldo-768x576.jpg 768w, https:\/\/notinor.com\/jujuy\/wp-content\/uploads\/2021\/09\/sueldo-750x563.jpg 750w, https:\/\/notinor.com\/jujuy\/wp-content\/uploads\/2021\/09\/sueldo.jpg 1024w\" sizes=\"(max-width: 508px) 100vw, 508px\" \/><\/figure><\/div>\n\n\n\n<p>El Gobierno nacional oficializ\u00f3 este viernes el llamado al Consejo del Salario para el 30 de septiembre con el fin de fijar un nuevo haber m\u00ednimo, seg\u00fan se comunic\u00f3 a trav\u00e9s de la Resoluci\u00f3n 7\/2021 del Bolet\u00edn oficial luego de que el jueves el Ministerio de Trabajo confirmara la convocatoria.<\/p>\n\n\n\n<p>\"ART\u00cdCULO 1\u00b0.- Conv\u00f3case a los integrantes del CONSEJO NACIONAL DEL EMPLEO, LA PRODUCTIVIDAD Y EL SALARIO M\u00cdNIMO, VITAL Y M\u00d3VIL, a reunirse en sesi\u00f3n plenaria ordinaria el d\u00eda 30 de septiembre de 2021, a las 15:00 HORAS (QUINCE HORAS), a celebrarse mediante plataforma virtual. D\u00e9jase establecido, a los fines previstos en el art\u00edculo 137 de la Ley N\u00b0 24.013 y sus modificatorias, la convocatoria a segunda sesi\u00f3n para las 16:30 HORAS (DIECISEIS TREINTA HORAS) de ese mismo d\u00eda\", detalla la resoluci\u00f3n firmada por el ministro de Trabajo, Claudio Moroni.<\/p>\n\n\n\n<p>En la orden del d\u00eda estar\u00e1 la determinaci\u00f3n del Salario M\u00ednimo, Vital y M\u00f3vil y de los montos m\u00ednimo y m\u00e1ximo de la prestaci\u00f3n por desempleo.<\/p>\n\n\n\n<p>En abril, representantes de gremios y empresas acordaron un aumento del 35% en el salario m\u00ednimo en siete tramos no acumulativos, que lo iba a llevar a $29.160 reci\u00e9n en febrero del 2022.<\/p>\n\n\n\n<p>En su prop\u00f3sito de evitar que la inflaci\u00f3n siga erosionando la evoluci\u00f3n de los ingresos de la poblaci\u00f3n, el Gobierno decidi\u00f3 corregir la implementaci\u00f3n del incremento pautado en la primera etapa del a\u00f1o.<\/p>\n\n\n\n<p>De ese modo, la administraci\u00f3n de Alberto Fern\u00e1ndez tom\u00f3 la determinaci\u00f3n de adelantar los incrementos, por lo que el \u00faltimo fue aplicado en septiembre, en lugar de febrero, mes en el que finalmente super\u00f3 los $29.000.<\/p>\n\n\n\n<p>El ajuste del salario m\u00ednimo constituye una pieza clave para la medici\u00f3n de la pobreza adem\u00e1s porque impacta en los programas sociales y la Prestaci\u00f3n por Desempleo.<\/p>\n","protected":false},"excerpt":{"rendered":"<p>Ante la inflaci\u00f3n que erosiona los sueldos, el Gobierno llam\u00f3 al Consejo del Salario para actualizar el monto. El Gobierno nacional oficializ\u00f3 este viernes el llamado al Consejo del Salario para el 30 de septiembre con el fin de fijar un nuevo haber m\u00ednimo, seg\u00fan se comunic\u00f3 a trav\u00e9s de la Resoluci\u00f3n 7\/2021 del Bolet\u00edn [&hellip;]<\/p>\n","protected":false},"author":5,"featured_media":310589,"comment_status":"open","ping_status":"open","sticky":false,"template":"","format":"standard","meta":{"_stopmodifiedupdate":false,"_modified_date":"","inline_featured_image":false,"spay_email":"","jetpack_publicize_message":""},"categories":[5],"tags":[],"jetpack_featured_media_url":"https:\/\/notinor.com\/jujuy\/wp-content\/uploads\/2021\/09\/sueldo.jpg","jetpack_publicize_connections":[],"_links":{"self":[{"href":"https:\/\/notinor.com\/jujuy\/wp-json\/wp\/v2\/posts\/310582"}],"collection":[{"href":"https:\/\/notinor.com\/jujuy\/wp-json\/wp\/v2\/posts"}],"about":[{"href":"https:\/\/notinor.com\/jujuy\/wp-json\/wp\/v2\/types\/post"}],"author":[{"embeddable":true,"href":"https:\/\/notinor.com\/jujuy\/wp-json\/wp\/v2\/users\/5"}],"replies":[{"embeddable":true,"href":"https:\/\/notinor.com\/jujuy\/wp-json\/wp\/v2\/comments?post=310582"}],"version-history":[{"count":1,"href":"https:\/\/notinor.com\/jujuy\/wp-json\/wp\/v2\/posts\/310582\/revisions"}],"predecessor-version":[{"id":310592,"href":"https:\/\/notinor.com\/jujuy\/wp-json\/wp\/v2\/posts\/310582\/revisions\/310592"}],"wp:featuredmedia":[{"embeddable":true,"href":"https:\/\/notinor.com\/jujuy\/wp-json\/wp\/v2\/media\/310589"}],"wp:attachment":[{"href":"https:\/\/notinor.com\/jujuy\/wp-json\/wp\/v2\/media?parent=310582"}],"wp:term":[{"taxonomy":"category","embeddable":true,"href":"https:\/\/notinor.com\/jujuy\/wp-json\/wp\/v2\/categories?post=310582"},{"taxonomy":"post_tag","embeddable":true,"href":"https:\/\/notinor.com\/jujuy\/wp-json\/wp\/v2\/tags?post=310582"}],"curies":[{"name":"wp","href":"https:\/\/api.w.org\/{rel}","templated":true}]}}