{"id":310571,"date":"2021-09-10T09:11:34","date_gmt":"2021-09-10T12:11:34","guid":{"rendered":"https:\/\/notinor.com\/jujuy\/?p=310571"},"modified":"2021-09-10T09:11:39","modified_gmt":"2021-09-10T12:11:39","slug":"dia-mundial-para-la-prevencion-del-suicidio-en-perico","status":"publish","type":"post","link":"https:\/\/notinor.com\/jujuy\/dia-mundial-para-la-prevencion-del-suicidio-en-perico\/","title":{"rendered":"D\u00eda Mundial Para la Prevenci\u00f3n del Suicidio en Perico"},"content":{"rendered":"\n<p>Para poder prevenir necesitamos estar informados, por eso, Autoridades del Municipio de Perico invita a la Comunidad a participar de la Charla taller a realizarse ma\u00f1ana Viernes 10 de Septiembre a horas 10:00, en el CIC 1 de Perico. Dicha Charla Inform\u00e1tiva sobre Prevenci\u00f3n del Suicidio, dictado por Profesionales de la Salud y Psic\u00f3logos especializados, invita Comisi\u00f3n de Salud, CIC 1 Perico.<\/p>\n\n\n\n<figure class=\"wp-block-image size-large is-resized\"><img decoding=\"async\" loading=\"lazy\" src=\"https:\/\/notinor.com\/jujuy\/wp-content\/uploads\/2021\/09\/WhatsApp-Image-2021-09-09-at-15.39.35.jpeg\" alt=\"\" class=\"wp-image-310574\" width=\"963\" height=\"963\" srcset=\"https:\/\/notinor.com\/jujuy\/wp-content\/uploads\/2021\/09\/WhatsApp-Image-2021-09-09-at-15.39.35.jpeg 480w, https:\/\/notinor.com\/jujuy\/wp-content\/uploads\/2021\/09\/WhatsApp-Image-2021-09-09-at-15.39.35-365x365.jpeg 365w, https:\/\/notinor.com\/jujuy\/wp-content\/uploads\/2021\/09\/WhatsApp-Image-2021-09-09-at-15.39.35-75x75.jpeg 75w\" sizes=\"(max-width: 963px) 100vw, 963px\" \/><\/figure>\n","protected":false},"excerpt":{"rendered":"<p>Para poder prevenir necesitamos estar informados, por eso, Autoridades del Municipio de Perico invita a la Comunidad a participar de la Charla taller a realizarse ma\u00f1ana Viernes 10 de Septiembre a horas 10:00, en el CIC 1 de Perico. Dicha Charla Inform\u00e1tiva sobre Prevenci\u00f3n del Suicidio, dictado por Profesionales de la Salud y Psic\u00f3logos especializados, [&hellip;]<\/p>\n","protected":false},"author":40,"featured_media":310574,"comment_status":"open","ping_status":"open","sticky":false,"template":"","format":"standard","meta":{"_stopmodifiedupdate":false,"_modified_date":"","inline_featured_image":false,"spay_email":"","jetpack_publicize_message":""},"categories":[4],"tags":[],"jetpack_featured_media_url":"https:\/\/notinor.com\/jujuy\/wp-content\/uploads\/2021\/09\/WhatsApp-Image-2021-09-09-at-15.39.35.jpeg","jetpack_publicize_connections":[],"_links":{"self":[{"href":"https:\/\/notinor.com\/jujuy\/wp-json\/wp\/v2\/posts\/310571"}],"collection":[{"href":"https:\/\/notinor.com\/jujuy\/wp-json\/wp\/v2\/posts"}],"about":[{"href":"https:\/\/notinor.com\/jujuy\/wp-json\/wp\/v2\/types\/post"}],"author":[{"embeddable":true,"href":"https:\/\/notinor.com\/jujuy\/wp-json\/wp\/v2\/users\/40"}],"replies":[{"embeddable":true,"href":"https:\/\/notinor.com\/jujuy\/wp-json\/wp\/v2\/comments?post=310571"}],"version-history":[{"count":1,"href":"https:\/\/notinor.com\/jujuy\/wp-json\/wp\/v2\/posts\/310571\/revisions"}],"predecessor-version":[{"id":310577,"href":"https:\/\/notinor.com\/jujuy\/wp-json\/wp\/v2\/posts\/310571\/revisions\/310577"}],"wp:featuredmedia":[{"embeddable":true,"href":"https:\/\/notinor.com\/jujuy\/wp-json\/wp\/v2\/media\/310574"}],"wp:attachment":[{"href":"https:\/\/notinor.com\/jujuy\/wp-json\/wp\/v2\/media?parent=310571"}],"wp:term":[{"taxonomy":"category","embeddable":true,"href":"https:\/\/notinor.com\/jujuy\/wp-json\/wp\/v2\/categories?post=310571"},{"taxonomy":"post_tag","embeddable":true,"href":"https:\/\/notinor.com\/jujuy\/wp-json\/wp\/v2\/tags?post=310571"}],"curies":[{"name":"wp","href":"https:\/\/api.w.org\/{rel}","templated":true}]}}