{"id":310560,"date":"2021-09-10T08:46:37","date_gmt":"2021-09-10T11:46:37","guid":{"rendered":"https:\/\/notinor.com\/jujuy\/?p=310560"},"modified":"2021-09-10T08:57:54","modified_gmt":"2021-09-10T11:57:54","slug":"la-provincia-registro-en-el-dia-de-ayer-42-casos-de-covid-y-una-persona-fallecida","status":"publish","type":"post","link":"https:\/\/notinor.com\/jujuy\/la-provincia-registro-en-el-dia-de-ayer-42-casos-de-covid-y-una-persona-fallecida\/","title":{"rendered":"La provincia registro en el d\u00eda de ayer 42 casos de covid y una persona fallecida"},"content":{"rendered":"\n<p>La Subdirecci\u00f3n de Epidemiolog\u00eda informa en su Reporte diario que hoy se confirmaron 42 nuevos casos de COVID-19 en Jujuy y recibieron el Alta M\u00e9dica 78 pacientes.<\/p>\n\n\n\n<div class=\"wp-block-image\"><figure class=\"aligncenter is-resized\"><img decoding=\"async\" loading=\"lazy\" src=\"https:\/\/media.prensa.jujuy.gob.ar\/p\/1e5dbb24b1e44af2abc282e016bfca8d\/adjuntos\/301\/imagenes\/000\/301\/0000301533\/coejpg.jpg\" alt=\"Reporte Diario Covid-19\" width=\"511\" height=\"288\" title=\"Reporte Diario Covid-19\"\/><\/figure><\/div>\n\n\n\n<p><a href=\"https:\/\/media.prensa.jujuy.gob.ar\/p\/1e5dbb24b1e44af2abc282e016bfca8d\/adjuntos\/301\/imagenes\/000\/301\/0000301533\/coejpg.jpg\"><\/a><\/p>\n\n\n\n<p><strong>Detalle de casos positivos seg\u00fan localidad:<\/strong><\/p>\n\n\n\n<p>SAN SALVADOR DE\u00a0JUJUY\u00a020<\/p>\n\n\n\n<p>SAN PEDRO 7<\/p>\n\n\n\n<p>LIBERTADOR GENERAL SAN MART\u00cdN 6<\/p>\n\n\n\n<p>PERICO 3<\/p>\n\n\n\n<p>PALPAL\u00c1 3<\/p>\n\n\n\n<p>ROSARIO DE RIO GRANDE 1<\/p>\n\n\n\n<p>MAIMAR\u00c1 1<\/p>\n\n\n\n<p>HUMAHUACA 1<\/p>\n\n\n\n<p><strong>Estado de situaci\u00f3n desde el inicio de la\u00a0pandemia:<\/strong><\/p>\n\n\n\n<p>Hasta el momento se realizaron 214.145 tests en toda la Provincia, arrojando un total de 47.476 casos positivos. Se recuperaron de la enfermedad 45.893. Fallecieron 1.506 personas.<\/p>\n\n\n\n<p>Se notific\u00f3 1 fallecimientos por Covid-19: una mujer de 55 a\u00f1os de edad. Cabe aclarar que los fallecimientos son reportado e informados por el Registro Civil de la Provincia de Jujuy y corresponden a d\u00edas anteriores.<\/p>\n\n\n\n<p>El Gobierno de Jujuy lamenta la p\u00e9rdida y acompa\u00f1a con profundo dolor a la familia.<\/p>\n\n\n\n<p>Ante el m\u00ednimo s\u00edntoma que tengas, qu\u00e9date en casa y consult\u00e1 con tu m\u00e9dico de cabecera o pod\u00e9s llamar al 0800-888-4767 las 24 horas o al 388 -4310494 (COE) de 08.00 a 20.00 hs.<\/p>\n","protected":false},"excerpt":{"rendered":"<p>La Subdirecci\u00f3n de Epidemiolog\u00eda informa en su Reporte diario que hoy se confirmaron 42 nuevos casos de COVID-19 en Jujuy y recibieron el Alta M\u00e9dica 78 pacientes. Detalle de casos positivos seg\u00fan localidad: SAN SALVADOR DE\u00a0JUJUY\u00a020 SAN PEDRO 7 LIBERTADOR GENERAL SAN MART\u00cdN 6 PERICO 3 PALPAL\u00c1 3 ROSARIO DE RIO GRANDE 1 MAIMAR\u00c1 1 [&hellip;]<\/p>\n","protected":false},"author":5,"featured_media":310565,"comment_status":"open","ping_status":"open","sticky":false,"template":"","format":"standard","meta":{"_stopmodifiedupdate":false,"_modified_date":"","inline_featured_image":false,"spay_email":"","jetpack_publicize_message":""},"categories":[514],"tags":[],"jetpack_featured_media_url":"https:\/\/notinor.com\/jujuy\/wp-content\/uploads\/2021\/09\/coejpg.jpg","jetpack_publicize_connections":[],"_links":{"self":[{"href":"https:\/\/notinor.com\/jujuy\/wp-json\/wp\/v2\/posts\/310560"}],"collection":[{"href":"https:\/\/notinor.com\/jujuy\/wp-json\/wp\/v2\/posts"}],"about":[{"href":"https:\/\/notinor.com\/jujuy\/wp-json\/wp\/v2\/types\/post"}],"author":[{"embeddable":true,"href":"https:\/\/notinor.com\/jujuy\/wp-json\/wp\/v2\/users\/5"}],"replies":[{"embeddable":true,"href":"https:\/\/notinor.com\/jujuy\/wp-json\/wp\/v2\/comments?post=310560"}],"version-history":[{"count":1,"href":"https:\/\/notinor.com\/jujuy\/wp-json\/wp\/v2\/posts\/310560\/revisions"}],"predecessor-version":[{"id":310566,"href":"https:\/\/notinor.com\/jujuy\/wp-json\/wp\/v2\/posts\/310560\/revisions\/310566"}],"wp:featuredmedia":[{"embeddable":true,"href":"https:\/\/notinor.com\/jujuy\/wp-json\/wp\/v2\/media\/310565"}],"wp:attachment":[{"href":"https:\/\/notinor.com\/jujuy\/wp-json\/wp\/v2\/media?parent=310560"}],"wp:term":[{"taxonomy":"category","embeddable":true,"href":"https:\/\/notinor.com\/jujuy\/wp-json\/wp\/v2\/categories?post=310560"},{"taxonomy":"post_tag","embeddable":true,"href":"https:\/\/notinor.com\/jujuy\/wp-json\/wp\/v2\/tags?post=310560"}],"curies":[{"name":"wp","href":"https:\/\/api.w.org\/{rel}","templated":true}]}}