{"id":309519,"date":"2021-09-01T00:50:00","date_gmt":"2021-09-01T03:50:00","guid":{"rendered":"https:\/\/notinor.com\/jujuy\/?p=309519"},"modified":"2021-09-01T12:43:03","modified_gmt":"2021-09-01T15:43:03","slug":"una-precandidata-cercana-a-patricia-bullrich-replico-a-vidal-y-dijo-estar-a-favor-de-legalizar-la-marihuana","status":"publish","type":"post","link":"https:\/\/notinor.com\/jujuy\/una-precandidata-cercana-a-patricia-bullrich-replico-a-vidal-y-dijo-estar-a-favor-de-legalizar-la-marihuana\/","title":{"rendered":"Una precandidata cercana a Patricia Bullrich replic\u00f3 a Vidal y dijo estar a favor de legalizar la marihuana"},"content":{"rendered":"\n<p>La discusi\u00f3n sobre la legalizaci\u00f3n de la marihuana recreacional se puso en el centro de la agenda pol\u00edtica en la ciudad de Buenos Aires a menos de dos semanas para las PASO, sobre todo luego de las declaraciones de\u00a0<strong>Mar\u00eda Eugenia Vidal<\/strong>\u00a0en las que\u00a0<a href=\"https:\/\/www.infobae.com\/politica\/2021\/09\/01\/una-precandidata-cercana-a-patricia-bullrich-replico-a-vidal-y-dijo-estar-a-favor-de-legalizar-la-marihuana\/\" target=\"_blank\" rel=\"noreferrer noopener\">argument\u00f3 su rechazo a la iniciativa\u00a0<\/a>al se\u00f1alar que \u201cuna cosa es fumarte un porro en Palermo y otra es vivir en la 1-11-14 rodeado de narcos y que te ofrezcan\u201d.<\/p>\n\n\n\n<p>Entre las personas que reaccionaron a esta intervenci\u00f3n se encuentra la polit\u00f3loga&nbsp;<a href=\"https:\/\/www.infobae.com\/politica\/2021\/07\/20\/patricia-bullrich-presento-a-sabrina-ajmechet-como-su-candidata-para-la-lista-de-juntos-por-el-cambio-en-la-ciudad\/\" target=\"_blank\" rel=\"noreferrer noopener\"><mark><strong>Sabrina Ajmechet, cercana a Patricia Bullrich<\/strong><\/mark><\/a><mark><strong>,<\/strong><\/mark>&nbsp;e integrante de la lista a diputados nacionales en CABA de Juntos por el Cambio que encabeza, justamente, la ex gobernadora bonaerense.<\/p>\n\n\n\n<p>\u201c<mark><strong>A favor de legalizar la marihuana<\/strong><\/mark>\u201d, afirm\u00f3 Ajmechet a trav\u00e9s de las redes sociales, al tiempo que ampli\u00f3: \u201c<strong>Y a favor de dar debates con seriedad y compromiso: Legalicemosl\u00e1 y, al mismo tiempo, trabajemos en formas de contenci\u00f3n para quienes puedan necesitarla. Celebro estar en una lista diversa y plural, eso tambi\u00e9n muestra nuestro liberalismo<\/strong>\u201d.<img decoding=\"async\" loading=\"lazy\" alt=\"La presidenta del PRO, Patricia Bullrich, y la precandidata a diputada nacional, Sabrina Ajmechet\" height=\"1080\" width=\"1920\" src=\"https:\/\/www.infobae.com\/new-resizer\/VKZNKkmketDHtuAHQL3_vCz9Uds=\/420x236\/filters:format(jpg):quality(85)\/cloudfront-us-east-1.images.arcpublishing.com\/infobae\/XIM4C4GG7BEJJBLGNYZIU7HDQQ.jpg%20420w\" srcset=\"https:\/\/www.infobae.com\/new-resizer\/VKZNKkmketDHtuAHQL3_vCz9Uds=\/420x236\/filters:format(jpg):quality(85)\/cloudfront-us-east-1.images.arcpublishing.com\/infobae\/XIM4C4GG7BEJJBLGNYZIU7HDQQ.jpg 420w,https:\/\/www.infobae.com\/new-resizer\/jLoQ0s9ts7w5MlvpzpvA9N7u388=\/768x432\/filters:format(jpg):quality(85)\/cloudfront-us-east-1.images.arcpublishing.com\/infobae\/XIM4C4GG7BEJJBLGNYZIU7HDQQ.jpg 768w,https:\/\/www.infobae.com\/new-resizer\/BiMZHIBGN3SFXSE58YJ5A8UGuxI=\/992x558\/filters:format(jpg):quality(85)\/cloudfront-us-east-1.images.arcpublishing.com\/infobae\/XIM4C4GG7BEJJBLGNYZIU7HDQQ.jpg 992w,https:\/\/www.infobae.com\/new-resizer\/NS7dVAsNgKkl_pmoeqr9sFcYnWk=\/1200x675\/filters:format(jpg):quality(85)\/cloudfront-us-east-1.images.arcpublishing.com\/infobae\/XIM4C4GG7BEJJBLGNYZIU7HDQQ.jpg 1200w,https:\/\/www.infobae.com\/new-resizer\/6GCA44QGP9jSthYFpzM_HwPRRpA=\/1440x810\/filters:format(jpg):quality(85)\/cloudfront-us-east-1.images.arcpublishing.com\/infobae\/XIM4C4GG7BEJJBLGNYZIU7HDQQ.jpg 1440w\">La presidenta del PRO, Patricia Bullrich, y la precandidata a diputada nacional, Sabrina Ajmechet<\/p>\n\n\n\n<p>Por \u00faltimo, complet\u00f3: \u201cUnamos el fortalecimiento de las libertades individuales con la experiencia de los pa\u00edses que ya recorrieron este camino, para poder ampliar nuestros derechos con responsabilidad\u201d.<\/p>\n\n\n\n<p>La candidata de Bullrich&nbsp;<strong>tiene 39 a\u00f1os, se recibi\u00f3 de doctora en Historia (UBA)<\/strong>, tiene un mag\u00edster en Historia (IDAES - Universidad Nacional de San Mart\u00edn) y es licenciada en Ciencias Pol\u00edticas (UBA). Adem\u00e1s, es profesora de Pensamiento Pol\u00edtico Argentino (UBA) y vicepresidenta del Club Pol\u00edtico Argentino.<\/p>\n\n\n\n<p>Vidal, en el marco de una entrevista para Filo.elecciones, se\u00f1al\u00f3 que para los chicos y chicas de las villas&nbsp;<strong>\u201cla marihuana no es un consumo ocasional y de recreo, plenamente elegido<\/strong>, sino que es parte del inicio de un camino mucho m\u00e1s jodido y m\u00e1s duro, donde tienen muchas menos oportunidades de elegir\u201d.<\/p>\n\n\n\n<p>En esa l\u00ednea, la ex gobernadora, que asegur\u00f3 que \u201ccamina los barrios pobres\u201d hace 15 a\u00f1os, explic\u00f3 que adopt\u00f3 esa postura tras hablar con las madres de los chicos adictos al paco y a los curas villeros.&nbsp;<strong>\u201cNo me lo cuenta nadie, vi esas realidades, y me parece que no estamos, por esos pibes, listos para eso\u201d<\/strong>, concluy\u00f3.<\/p>\n\n\n\n<p>Adem\u00e1s, en el plano pol\u00edtico, Vidal ayer evit\u00f3 contestar si Horacio Rodr\u00edguez Larreta o Mauricio Macri lideran el espacio opositor y destac\u00f3 que \u201c<mark><strong>lo bueno de Juntos por el Cambio es que hay varios liderazgos y yo me considero uno de ellos<\/strong><\/mark>, con otros como el de Patricia Bullrich y el de Mart\u00edn Lousteau\u201d.<img decoding=\"async\" loading=\"lazy\" alt=\"Maria Eugenia Vidal\" height=\"1080\" width=\"1920\" src=\"https:\/\/www.infobae.com\/new-resizer\/9VeBE6WT-42ER591SthMhzU91sc=\/420x236\/filters:format(jpg):quality(85)\/cloudfront-us-east-1.images.arcpublishing.com\/infobae\/QGFQQIE6PBDVNDRU5GCFAQUAEM.jpg%20420w\" srcset=\"https:\/\/www.infobae.com\/new-resizer\/9VeBE6WT-42ER591SthMhzU91sc=\/420x236\/filters:format(jpg):quality(85)\/cloudfront-us-east-1.images.arcpublishing.com\/infobae\/QGFQQIE6PBDVNDRU5GCFAQUAEM.jpg 420w,https:\/\/www.infobae.com\/new-resizer\/DLTFOI_qIxAuJ5NODS1veHOdjcg=\/768x432\/filters:format(jpg):quality(85)\/cloudfront-us-east-1.images.arcpublishing.com\/infobae\/QGFQQIE6PBDVNDRU5GCFAQUAEM.jpg 768w,https:\/\/www.infobae.com\/new-resizer\/vzEUT_50bkaMkJPZgkp4YH5210w=\/992x558\/filters:format(jpg):quality(85)\/cloudfront-us-east-1.images.arcpublishing.com\/infobae\/QGFQQIE6PBDVNDRU5GCFAQUAEM.jpg 992w,https:\/\/www.infobae.com\/new-resizer\/D6_1gnLY9cqPxzuAsCgcGdeFE-o=\/1200x675\/filters:format(jpg):quality(85)\/cloudfront-us-east-1.images.arcpublishing.com\/infobae\/QGFQQIE6PBDVNDRU5GCFAQUAEM.jpg 1200w,https:\/\/www.infobae.com\/new-resizer\/D_MUIGOrWNtdz8nKo0_i5nwwrL8=\/1440x810\/filters:format(jpg):quality(85)\/cloudfront-us-east-1.images.arcpublishing.com\/infobae\/QGFQQIE6PBDVNDRU5GCFAQUAEM.jpg 1440w\">Maria Eugenia Vidal<\/p>\n\n\n\n<p>Y agreg\u00f3: \u201cEs bueno que todos tengamos la libertad de crecer, que no haya una sola voz, sino muchas voces y que representen a diferentes sectores\u201d.<\/p>\n\n\n\n<p>Adem\u00e1s, dijo que \u201cno compra mucho esa discusi\u00f3n de duros o blandos\u201d dentro de Juntos por el Cambio y&nbsp;<mark><strong>afirm\u00f3 que le \u201cllama la atenci\u00f3n\u201d que la sit\u00faen entre las \u201cpalomas\u201d debido a que no se siente \u201cparte de ese lugar\u201d.<\/strong><\/mark><\/p>\n\n\n\n<p>\u201cYo siempre cre\u00ed en las peleas que hab\u00eda que dar, las di siempre y nunca, nunca me me dio miedo mi med\u00ed, ni calcul\u00e9, ni especul\u00e9.&nbsp;<strong>Por eso termin\u00e9 viviendo en una base militar durante cuatro a\u00f1os<\/strong>\u201d, afirm\u00f3.<\/p>\n\n\n\n<p>Al ser consultada sobre c\u00f3mo se gan\u00f3 la vida tras salir de la funci\u00f3n p\u00fablica, Vidal dijo que&nbsp;<strong>dict\u00f3 clases en la UBA, la Universidad de San Andr\u00e9s y la Di Tella y que trabaj\u00f3 para el sector privado<\/strong>&nbsp;y para organismos internacionales \u201caportando la experiencia que tra\u00eda y ayudando a otros pa\u00edses\u201d.<\/p>\n\n\n\n<p>\u201cFactur\u00e9 para pagar las cuentas de mi casa y as\u00ed voy a vivir este a\u00f1o tambi\u00e9n.<strong>&nbsp;Cuando sea diputada vivir\u00e9 de mi sueldo. No soy una persona de grandes fortunas, ni que tenga grandes gastos<\/strong>. Tengo tres hijos y quiero darles una buena educaci\u00f3n y que tengan una buena atenci\u00f3n de salud si lo necesitan. Y eso es todo\u201d, revel\u00f3.<\/p>\n","protected":false},"excerpt":{"rendered":"<p>La discusi\u00f3n sobre la legalizaci\u00f3n de la marihuana recreacional se puso en el centro de la agenda pol\u00edtica en la ciudad de Buenos Aires a menos de dos semanas para las PASO, sobre todo luego de las declaraciones de\u00a0Mar\u00eda Eugenia Vidal\u00a0en las que\u00a0argument\u00f3 su rechazo a la iniciativa\u00a0al se\u00f1alar que \u201cuna cosa es fumarte un [&hellip;]<\/p>\n","protected":false},"author":40,"featured_media":0,"comment_status":"open","ping_status":"open","sticky":false,"template":"","format":"standard","meta":{"_stopmodifiedupdate":false,"_modified_date":"","inline_featured_image":false,"spay_email":"","jetpack_publicize_message":""},"categories":[2],"tags":[],"jetpack_featured_media_url":"","jetpack_publicize_connections":[],"_links":{"self":[{"href":"https:\/\/notinor.com\/jujuy\/wp-json\/wp\/v2\/posts\/309519"}],"collection":[{"href":"https:\/\/notinor.com\/jujuy\/wp-json\/wp\/v2\/posts"}],"about":[{"href":"https:\/\/notinor.com\/jujuy\/wp-json\/wp\/v2\/types\/post"}],"author":[{"embeddable":true,"href":"https:\/\/notinor.com\/jujuy\/wp-json\/wp\/v2\/users\/40"}],"replies":[{"embeddable":true,"href":"https:\/\/notinor.com\/jujuy\/wp-json\/wp\/v2\/comments?post=309519"}],"version-history":[{"count":1,"href":"https:\/\/notinor.com\/jujuy\/wp-json\/wp\/v2\/posts\/309519\/revisions"}],"predecessor-version":[{"id":309521,"href":"https:\/\/notinor.com\/jujuy\/wp-json\/wp\/v2\/posts\/309519\/revisions\/309521"}],"wp:attachment":[{"href":"https:\/\/notinor.com\/jujuy\/wp-json\/wp\/v2\/media?parent=309519"}],"wp:term":[{"taxonomy":"category","embeddable":true,"href":"https:\/\/notinor.com\/jujuy\/wp-json\/wp\/v2\/categories?post=309519"},{"taxonomy":"post_tag","embeddable":true,"href":"https:\/\/notinor.com\/jujuy\/wp-json\/wp\/v2\/tags?post=309519"}],"curies":[{"name":"wp","href":"https:\/\/api.w.org\/{rel}","templated":true}]}}