{"id":309487,"date":"2021-09-01T08:25:00","date_gmt":"2021-09-01T11:25:00","guid":{"rendered":"https:\/\/notinor.com\/jujuy\/?p=309487"},"modified":"2021-09-01T11:17:51","modified_gmt":"2021-09-01T14:17:51","slug":"flores-rosalia","status":"publish","type":"post","link":"https:\/\/notinor.com\/jujuy\/flores-rosalia\/","title":{"rendered":"FLORES, Rosal\u00eda"},"content":{"rendered":"\n<p><strong>Falleci\u00f3 el d\u00eda 30 de agosto de 2021, a hs. 20:20. C.A.S.R. y B.P., a la edad de 74 a\u00f1os. Sus hijos: Javier Sebasti\u00e1n y Daniel Alejandro Rivero; sus hijas pol\u00edticas: Norma Silvia Berdon y M\u00f3nica Ortiz; sus nietos: Camila, Micaela, Roc\u00edo, Viviana, Lourdes, Daiana y Benjam\u00edn; sus hermanas: Floria y Leonor; sus sobrinos: Nelson, Jos\u00e9 Luis y dem\u00e1s familiares participan con profundo dolor su fallecimiento y comunican que sus restos ser\u00e1n inhumados hoy 01 de Setiembre en el cementerio Nuestra Se\u00f1ora del Rosario. FAE. Empresa La Piedad SA. Salta 727. Tel. 0388-4222487. L\u00ednea gratuita 0800-444-5274.<\/strong><\/p>\n","protected":false},"excerpt":{"rendered":"<p>Falleci\u00f3 el d\u00eda 30 de agosto de 2021, a hs. 20:20. C.A.S.R. y B.P., a la edad de 74 a\u00f1os. Sus hijos: Javier Sebasti\u00e1n y Daniel Alejandro Rivero; sus hijas pol\u00edticas: Norma Silvia Berdon y M\u00f3nica Ortiz; sus nietos: Camila, Micaela, Roc\u00edo, Viviana, Lourdes, Daiana y Benjam\u00edn; sus hermanas: Floria y Leonor; sus sobrinos: Nelson, [&hellip;]<\/p>\n","protected":false},"author":5,"featured_media":129725,"comment_status":"open","ping_status":"open","sticky":false,"template":"","format":"standard","meta":{"_stopmodifiedupdate":false,"_modified_date":"","inline_featured_image":false,"spay_email":"","jetpack_publicize_message":""},"categories":[523],"tags":[],"jetpack_featured_media_url":"https:\/\/notinor.com\/jujuy\/wp-content\/uploads\/2017\/08\/Obituarios2.jpg","jetpack_publicize_connections":[],"_links":{"self":[{"href":"https:\/\/notinor.com\/jujuy\/wp-json\/wp\/v2\/posts\/309487"}],"collection":[{"href":"https:\/\/notinor.com\/jujuy\/wp-json\/wp\/v2\/posts"}],"about":[{"href":"https:\/\/notinor.com\/jujuy\/wp-json\/wp\/v2\/types\/post"}],"author":[{"embeddable":true,"href":"https:\/\/notinor.com\/jujuy\/wp-json\/wp\/v2\/users\/5"}],"replies":[{"embeddable":true,"href":"https:\/\/notinor.com\/jujuy\/wp-json\/wp\/v2\/comments?post=309487"}],"version-history":[{"count":1,"href":"https:\/\/notinor.com\/jujuy\/wp-json\/wp\/v2\/posts\/309487\/revisions"}],"predecessor-version":[{"id":309490,"href":"https:\/\/notinor.com\/jujuy\/wp-json\/wp\/v2\/posts\/309487\/revisions\/309490"}],"wp:featuredmedia":[{"embeddable":true,"href":"https:\/\/notinor.com\/jujuy\/wp-json\/wp\/v2\/media\/129725"}],"wp:attachment":[{"href":"https:\/\/notinor.com\/jujuy\/wp-json\/wp\/v2\/media?parent=309487"}],"wp:term":[{"taxonomy":"category","embeddable":true,"href":"https:\/\/notinor.com\/jujuy\/wp-json\/wp\/v2\/categories?post=309487"},{"taxonomy":"post_tag","embeddable":true,"href":"https:\/\/notinor.com\/jujuy\/wp-json\/wp\/v2\/tags?post=309487"}],"curies":[{"name":"wp","href":"https:\/\/api.w.org\/{rel}","templated":true}]}}