{"id":309483,"date":"2021-09-01T08:10:59","date_gmt":"2021-09-01T11:10:59","guid":{"rendered":"https:\/\/notinor.com\/jujuy\/?p=309483"},"modified":"2021-09-01T11:00:08","modified_gmt":"2021-09-01T14:00:08","slug":"cortes-lidia","status":"publish","type":"post","link":"https:\/\/notinor.com\/jujuy\/cortes-lidia\/","title":{"rendered":"CORTES, Lidia"},"content":{"rendered":"\n<p><strong>Falleci\u00f3 el d\u00eda 31 de agosto de 2021, a hs. 07:00, a la edad de 62 a\u00f1os. Su esposo: Mario \u00c1ngel Chacon; sus hijos: Ismael, Brenda, Zaira, Nhhir; sus hijos pol\u00edticos: Rosa, Jos\u00e9; sus nietos: Nahel, Briana, Sair, Iara, Samir, Mijail y dem\u00e1s familiares, participan con profundo dolor de su fallecimiento y comunican que sus restos fueron inhumados ayer 31 de agosto en el cementerio \u201cSan Jos\u00e9\u201d, Perico,Dpto. El Carmen. Servicio y ceremonial empresa P\u00e1ez SRL. Tel. 4911211 Fax 4911813 Alberdi 302 esq. 25 de Mayo, Perico. Email.empre sa_paezsrl@hotmail.com C.P. (Y4610AGH) Perico.<\/strong><\/p>\n","protected":false},"excerpt":{"rendered":"<p>Falleci\u00f3 el d\u00eda 31 de agosto de 2021, a hs. 07:00, a la edad de 62 a\u00f1os. Su esposo: Mario \u00c1ngel Chacon; sus hijos: Ismael, Brenda, Zaira, Nhhir; sus hijos pol\u00edticos: Rosa, Jos\u00e9; sus nietos: Nahel, Briana, Sair, Iara, Samir, Mijail y dem\u00e1s familiares, participan con profundo dolor de su fallecimiento y comunican que sus [&hellip;]<\/p>\n","protected":false},"author":5,"featured_media":129725,"comment_status":"open","ping_status":"open","sticky":false,"template":"","format":"standard","meta":{"_stopmodifiedupdate":false,"_modified_date":"","inline_featured_image":false,"spay_email":"","jetpack_publicize_message":""},"categories":[523],"tags":[],"jetpack_featured_media_url":"https:\/\/notinor.com\/jujuy\/wp-content\/uploads\/2017\/08\/Obituarios2.jpg","jetpack_publicize_connections":[],"_links":{"self":[{"href":"https:\/\/notinor.com\/jujuy\/wp-json\/wp\/v2\/posts\/309483"}],"collection":[{"href":"https:\/\/notinor.com\/jujuy\/wp-json\/wp\/v2\/posts"}],"about":[{"href":"https:\/\/notinor.com\/jujuy\/wp-json\/wp\/v2\/types\/post"}],"author":[{"embeddable":true,"href":"https:\/\/notinor.com\/jujuy\/wp-json\/wp\/v2\/users\/5"}],"replies":[{"embeddable":true,"href":"https:\/\/notinor.com\/jujuy\/wp-json\/wp\/v2\/comments?post=309483"}],"version-history":[{"count":1,"href":"https:\/\/notinor.com\/jujuy\/wp-json\/wp\/v2\/posts\/309483\/revisions"}],"predecessor-version":[{"id":309484,"href":"https:\/\/notinor.com\/jujuy\/wp-json\/wp\/v2\/posts\/309483\/revisions\/309484"}],"wp:featuredmedia":[{"embeddable":true,"href":"https:\/\/notinor.com\/jujuy\/wp-json\/wp\/v2\/media\/129725"}],"wp:attachment":[{"href":"https:\/\/notinor.com\/jujuy\/wp-json\/wp\/v2\/media?parent=309483"}],"wp:term":[{"taxonomy":"category","embeddable":true,"href":"https:\/\/notinor.com\/jujuy\/wp-json\/wp\/v2\/categories?post=309483"},{"taxonomy":"post_tag","embeddable":true,"href":"https:\/\/notinor.com\/jujuy\/wp-json\/wp\/v2\/tags?post=309483"}],"curies":[{"name":"wp","href":"https:\/\/api.w.org\/{rel}","templated":true}]}}