{"id":309481,"date":"2021-09-01T08:05:30","date_gmt":"2021-09-01T11:05:30","guid":{"rendered":"https:\/\/notinor.com\/jujuy\/?p=309481"},"modified":"2021-09-01T10:55:50","modified_gmt":"2021-09-01T13:55:50","slug":"cuevas-ramon-adolfo","status":"publish","type":"post","link":"https:\/\/notinor.com\/jujuy\/cuevas-ramon-adolfo\/","title":{"rendered":"CUEVAS, Ram\u00f3n Adolfo"},"content":{"rendered":"\n<p><strong>Falleci\u00f3 el d\u00eda 31 de agosto de 2021, a hs. 06:00 a la edad de 51 a\u00f1os. Sus hermanos: Paula, Laura y Ricardo; sus sobrinos y dem\u00e1s familiares participan con profundo dolor su fallecimiento y comunican que sus restos fueron inhumados ayer 31 de agosto en el cementerio Virgen de Paypaya, Palpal\u00e1. Servicio y ceremonial Empresa P\u00e1ez SRL. Rep\u00fablica de Siria 149 Palpal\u00e1, Jujuy. Tel. 4273183 empresa_pa ezsrl@hotmail.com<\/strong><\/p>\n","protected":false},"excerpt":{"rendered":"<p>Falleci\u00f3 el d\u00eda 31 de agosto de 2021, a hs. 06:00 a la edad de 51 a\u00f1os. Sus hermanos: Paula, Laura y Ricardo; sus sobrinos y dem\u00e1s familiares participan con profundo dolor su fallecimiento y comunican que sus restos fueron inhumados ayer 31 de agosto en el cementerio Virgen de Paypaya, Palpal\u00e1. Servicio y ceremonial [&hellip;]<\/p>\n","protected":false},"author":5,"featured_media":129725,"comment_status":"open","ping_status":"open","sticky":false,"template":"","format":"standard","meta":{"_stopmodifiedupdate":false,"_modified_date":"","inline_featured_image":false,"spay_email":"","jetpack_publicize_message":""},"categories":[523],"tags":[],"jetpack_featured_media_url":"https:\/\/notinor.com\/jujuy\/wp-content\/uploads\/2017\/08\/Obituarios2.jpg","jetpack_publicize_connections":[],"_links":{"self":[{"href":"https:\/\/notinor.com\/jujuy\/wp-json\/wp\/v2\/posts\/309481"}],"collection":[{"href":"https:\/\/notinor.com\/jujuy\/wp-json\/wp\/v2\/posts"}],"about":[{"href":"https:\/\/notinor.com\/jujuy\/wp-json\/wp\/v2\/types\/post"}],"author":[{"embeddable":true,"href":"https:\/\/notinor.com\/jujuy\/wp-json\/wp\/v2\/users\/5"}],"replies":[{"embeddable":true,"href":"https:\/\/notinor.com\/jujuy\/wp-json\/wp\/v2\/comments?post=309481"}],"version-history":[{"count":1,"href":"https:\/\/notinor.com\/jujuy\/wp-json\/wp\/v2\/posts\/309481\/revisions"}],"predecessor-version":[{"id":309482,"href":"https:\/\/notinor.com\/jujuy\/wp-json\/wp\/v2\/posts\/309481\/revisions\/309482"}],"wp:featuredmedia":[{"embeddable":true,"href":"https:\/\/notinor.com\/jujuy\/wp-json\/wp\/v2\/media\/129725"}],"wp:attachment":[{"href":"https:\/\/notinor.com\/jujuy\/wp-json\/wp\/v2\/media?parent=309481"}],"wp:term":[{"taxonomy":"category","embeddable":true,"href":"https:\/\/notinor.com\/jujuy\/wp-json\/wp\/v2\/categories?post=309481"},{"taxonomy":"post_tag","embeddable":true,"href":"https:\/\/notinor.com\/jujuy\/wp-json\/wp\/v2\/tags?post=309481"}],"curies":[{"name":"wp","href":"https:\/\/api.w.org\/{rel}","templated":true}]}}