{"id":309478,"date":"2021-09-01T08:00:29","date_gmt":"2021-09-01T11:00:29","guid":{"rendered":"https:\/\/notinor.com\/jujuy\/?p=309478"},"modified":"2021-09-01T10:53:12","modified_gmt":"2021-09-01T13:53:12","slug":"ocaranza-juan-domingo","status":"publish","type":"post","link":"https:\/\/notinor.com\/jujuy\/ocaranza-juan-domingo\/","title":{"rendered":"OCARANZA, Juan Domingo"},"content":{"rendered":"\n<p><strong>Falleci\u00f3 el d\u00eda 30 de agosto de 2021, a hs. 21:00. C.A.S.R. y B.P., a la edad de 65 a\u00f1os. Sus hijos: Cristian, Nicol\u00e1s, Gimena, Joaqu\u00edn, Romina, Lautaro y Macarena; sus hermanos: Cornelia, Sonia y Carlos; sus nietos: Marta, Mirian, Carlos, Pamela, Nadia, Jos\u00e9, Erica, Mariana, Juan y dem\u00e1s familiares participan con profundo dolor su fallecimiento y comunican que sus restos fueron inhumados ayer 31 de agosto en el cementerio Virgen de Paypaya. FAE. Empresa La Piedad SA. Salta 727. Tel. 0388-4222487. L\u00ednea gratuita 0800-444-5274.<\/strong><\/p>\n","protected":false},"excerpt":{"rendered":"<p>Falleci\u00f3 el d\u00eda 30 de agosto de 2021, a hs. 21:00. C.A.S.R. y B.P., a la edad de 65 a\u00f1os. Sus hijos: Cristian, Nicol\u00e1s, Gimena, Joaqu\u00edn, Romina, Lautaro y Macarena; sus hermanos: Cornelia, Sonia y Carlos; sus nietos: Marta, Mirian, Carlos, Pamela, Nadia, Jos\u00e9, Erica, Mariana, Juan y dem\u00e1s familiares participan con profundo dolor su [&hellip;]<\/p>\n","protected":false},"author":5,"featured_media":129725,"comment_status":"open","ping_status":"open","sticky":false,"template":"","format":"standard","meta":{"_stopmodifiedupdate":false,"_modified_date":"","inline_featured_image":false,"spay_email":"","jetpack_publicize_message":""},"categories":[523],"tags":[],"jetpack_featured_media_url":"https:\/\/notinor.com\/jujuy\/wp-content\/uploads\/2017\/08\/Obituarios2.jpg","jetpack_publicize_connections":[],"_links":{"self":[{"href":"https:\/\/notinor.com\/jujuy\/wp-json\/wp\/v2\/posts\/309478"}],"collection":[{"href":"https:\/\/notinor.com\/jujuy\/wp-json\/wp\/v2\/posts"}],"about":[{"href":"https:\/\/notinor.com\/jujuy\/wp-json\/wp\/v2\/types\/post"}],"author":[{"embeddable":true,"href":"https:\/\/notinor.com\/jujuy\/wp-json\/wp\/v2\/users\/5"}],"replies":[{"embeddable":true,"href":"https:\/\/notinor.com\/jujuy\/wp-json\/wp\/v2\/comments?post=309478"}],"version-history":[{"count":1,"href":"https:\/\/notinor.com\/jujuy\/wp-json\/wp\/v2\/posts\/309478\/revisions"}],"predecessor-version":[{"id":309480,"href":"https:\/\/notinor.com\/jujuy\/wp-json\/wp\/v2\/posts\/309478\/revisions\/309480"}],"wp:featuredmedia":[{"embeddable":true,"href":"https:\/\/notinor.com\/jujuy\/wp-json\/wp\/v2\/media\/129725"}],"wp:attachment":[{"href":"https:\/\/notinor.com\/jujuy\/wp-json\/wp\/v2\/media?parent=309478"}],"wp:term":[{"taxonomy":"category","embeddable":true,"href":"https:\/\/notinor.com\/jujuy\/wp-json\/wp\/v2\/categories?post=309478"},{"taxonomy":"post_tag","embeddable":true,"href":"https:\/\/notinor.com\/jujuy\/wp-json\/wp\/v2\/tags?post=309478"}],"curies":[{"name":"wp","href":"https:\/\/api.w.org\/{rel}","templated":true}]}}