{"id":309418,"date":"2021-09-01T09:11:00","date_gmt":"2021-09-01T12:11:00","guid":{"rendered":"https:\/\/notinor.com\/jujuy\/?p=309418"},"modified":"2021-09-01T09:11:03","modified_gmt":"2021-09-01T12:11:03","slug":"barcelona-eligio-al-heredero-de-la-historica-numero-10-de-lionel-messi","status":"publish","type":"post","link":"https:\/\/notinor.com\/jujuy\/barcelona-eligio-al-heredero-de-la-historica-numero-10-de-lionel-messi\/","title":{"rendered":"Barcelona eligi\u00f3 al heredero de la hist\u00f3rica n\u00famero 10 de Lionel Messi"},"content":{"rendered":"\n<p>Despu\u00e9s de varios idas y vueltas, finalmente el club le dio el dorsal del astro argentino a la joven perla de la Mas\u00eda.<\/p>\n\n\n\n<figure class=\"wp-block-image\"><img decoding=\"async\" src=\"https:\/\/images.daznservices.com\/di\/library\/GOAL\/ce\/d3\/lionel-messi-barcelona-alaves_cj5rtcbfim141me3svij42myr.jpg?t=1324835981&amp;quality=100\" alt=\"Lionel Messi \u2013 Los Dioses de Diez\"\/><\/figure>\n\n\n\n<p>Finalmente sucedi\u00f3.&nbsp;<strong>Lionel Messi<\/strong>&nbsp;dej\u00f3 de ser el 10 del FC Barcelona despu\u00e9s de m\u00e1s de diez a\u00f1os y con su marcha al PSG&nbsp;<strong>el dorsal hab\u00eda quedado vacante&nbsp;<\/strong>en el seno azulgrana. Mucho se habl\u00f3 sobre qui\u00e9n ser\u00eda el heredero de esa pesada herencia. Muchos candidatos y finalmente un solo nombre:&nbsp;<strong>Ansu Fati.<\/strong><\/p>\n\n\n\n<p>La joven perla de la Mas\u00eda tendr\u00e1 la dif\u00edcil tarea de portar el n\u00famero que<strong>&nbsp;se convirti\u00f3 en historia pura<\/strong>&nbsp;para la instituci\u00f3n, a su vez, deber\u00e1 estar a la altura para continuar con un legado espectacular en el que, adem\u00e1s del argentino, pasaron nombres como&nbsp;<strong>Rivaldo, Ronaldinho, y Juan Rom\u00e1n Riquelme<\/strong>, entre otros.<\/p>\n\n\n\n<p>Fueron varios los que se rehusaron a llevar el n\u00famero 10 tras la salida de&nbsp;<em>La Pulga<\/em>, entre ellos su amigo Sergio&nbsp;<em>Kun<\/em>&nbsp;Ag\u00fcero despu\u00e9s de que&nbsp;<a href=\"https:\/\/www.infobae.com\/america\/deportes\/2021\/08\/16\/pique-revelo-que-le-ofrecio-a-sergio-aguero-la-10-que-messi-dejo-vacante-en-el-barcelona-cual-fue-la-respuesta-del-kun\/\" target=\"_blank\" rel=\"noreferrer noopener\">Gerard Piqu\u00e9 se la haya ofrecido<\/a>. Ahora, el joven delantero de nacionalidad espa\u00f1ola&nbsp;<strong>se calzar\u00e1 la camiseta y marcar\u00e1 su propia historia.<\/strong><\/p>\n\n\n\n<p><strong>\u201cNuestro nuevo n\u00famero 10. Hecho en la Mas\u00eda\u201d<\/strong>, escribi\u00f3 la cuenta oficial del FC Barcelona junto al video en el que el joven de 18 a\u00f1os se presenta con la camiseta en cuesti\u00f3n.<img decoding=\"async\" loading=\"lazy\" alt=\"El jugador del FC Barcelona Ansu Fati. EFE\/Alejandro Garc\u00eda\/Archivo\n\" height=\"2696\" width=\"4044\" src=\"https:\/\/www.infobae.com\/new-resizer\/3eOwN8KgvL6HE9fzpzd_t5CaLfk=\/420x280\/filters:format(jpg):quality(85)\/cloudfront-us-east-1.images.arcpublishing.com\/infobae\/Z7TU26GL7JHPZLXQ2MSJ5SGJZM.jpg%20420w\" srcset=\"https:\/\/www.infobae.com\/new-resizer\/3eOwN8KgvL6HE9fzpzd_t5CaLfk=\/420x280\/filters:format(jpg):quality(85)\/cloudfront-us-east-1.images.arcpublishing.com\/infobae\/Z7TU26GL7JHPZLXQ2MSJ5SGJZM.jpg 420w,https:\/\/www.infobae.com\/new-resizer\/BrT4EDySyWQzlyJCam5DbrSDYTs=\/768x512\/filters:format(jpg):quality(85)\/cloudfront-us-east-1.images.arcpublishing.com\/infobae\/Z7TU26GL7JHPZLXQ2MSJ5SGJZM.jpg 768w,https:\/\/www.infobae.com\/new-resizer\/5cPklw8s3R3XqofH-5OzjG_3sLE=\/992x661\/filters:format(jpg):quality(85)\/cloudfront-us-east-1.images.arcpublishing.com\/infobae\/Z7TU26GL7JHPZLXQ2MSJ5SGJZM.jpg 992w,https:\/\/www.infobae.com\/new-resizer\/1OSAVp1qKsl-mLFG0ZLikMgwD8w=\/1200x800\/filters:format(jpg):quality(85)\/cloudfront-us-east-1.images.arcpublishing.com\/infobae\/Z7TU26GL7JHPZLXQ2MSJ5SGJZM.jpg 1200w,https:\/\/www.infobae.com\/new-resizer\/tWgB9dXotvbP4npQ1P1ojiObNf4=\/1440x960\/filters:format(jpg):quality(85)\/cloudfront-us-east-1.images.arcpublishing.com\/infobae\/Z7TU26GL7JHPZLXQ2MSJ5SGJZM.jpg 1440w\">El jugador del FC Barcelona Ansu Fati. EFE\/Alejandro Garc\u00eda\/Archivo<\/p>\n\n\n\n<p>Al comienzo de la pretemporada el delantero&nbsp;<em>cul\u00e9&nbsp;<\/em><strong>hab\u00eda sido presentado con la n\u00famero 17<\/strong>, dorsal que hab\u00eda quedado vacante tras la salida de Francisco Trincao al Wolves. Sin embargo, con el objetivo de que todos los n\u00fameros del 1 al 26 formen parte del plantel, la entidad azulgrana decidi\u00f3 cambi\u00e1rselo.<\/p>\n\n\n\n<p>El \u00faltimo partido que disput\u00f3 Ansu Fati fue el&nbsp;<strong>7 de noviembre del 2020<\/strong>, cuando el Barcelona se impuso al Betis por 5-2 y \u00e9l&nbsp;<strong>se retir\u00f3 del campo al t\u00e9rmino del primer tiempo<\/strong>&nbsp;tras ser reemplazado por Lionel Messi, en ese entonces utilizaba la 22 en su espalda.<\/p>\n\n\n\n<p>Posteriormente, el club anunciaba a trav\u00e9s de sus redes sociales que el joven futbolista hab\u00eda sufrido una&nbsp;<strong>\u201crotura del menisco interno de la rodilla izquierda\u201d<\/strong>, una lesi\u00f3n que le demand\u00f3 un extenso per\u00edodo de recuperaci\u00f3n de m\u00e1s de diez meses y tres intervenciones quir\u00fargicas.<img decoding=\"async\" loading=\"lazy\" alt=\"24-08-2021 El jugador del FC Barcelona Ansu Fati en su primer entrenamiento, el 24 de agosto, tras la lesi\u00f3n sufrida en noviembre de 2020\nDEPORTES\nMIGUEL RUIZ\/FCB\n\" height=\"2000\" width=\"3200\" src=\"https:\/\/www.infobae.com\/new-resizer\/qUCEJG-23sio_QSjhVCa23Nh5vA=\/420x280\/filters:format(jpg):quality(85)\/cloudfront-us-east-1.images.arcpublishing.com\/infobae\/AFSAFNGDDNGOBL3WVNERWFKHOI.jpg%20420w\" srcset=\"https:\/\/www.infobae.com\/new-resizer\/qUCEJG-23sio_QSjhVCa23Nh5vA=\/420x280\/filters:format(jpg):quality(85)\/cloudfront-us-east-1.images.arcpublishing.com\/infobae\/AFSAFNGDDNGOBL3WVNERWFKHOI.jpg 420w,https:\/\/www.infobae.com\/new-resizer\/E-zTgxItF94i7e08ED6vEATXI2c=\/768x512\/filters:format(jpg):quality(85)\/cloudfront-us-east-1.images.arcpublishing.com\/infobae\/AFSAFNGDDNGOBL3WVNERWFKHOI.jpg 768w,https:\/\/www.infobae.com\/new-resizer\/xuP5ZZAOPliB0yIbFTeNsVul13Y=\/992x661\/filters:format(jpg):quality(85)\/cloudfront-us-east-1.images.arcpublishing.com\/infobae\/AFSAFNGDDNGOBL3WVNERWFKHOI.jpg 992w,https:\/\/www.infobae.com\/new-resizer\/fR1c1jN6OOkMfGUZKWKBfNBjP4A=\/1200x800\/filters:format(jpg):quality(85)\/cloudfront-us-east-1.images.arcpublishing.com\/infobae\/AFSAFNGDDNGOBL3WVNERWFKHOI.jpg 1200w,https:\/\/www.infobae.com\/new-resizer\/EWnN4Bt6MhD1480MPinl5ccIJIM=\/1440x960\/filters:format(jpg):quality(85)\/cloudfront-us-east-1.images.arcpublishing.com\/infobae\/AFSAFNGDDNGOBL3WVNERWFKHOI.jpg 1440w\">24-08-2021 El jugador del FC Barcelona Ansu Fati en su primer entrenamiento, el 24 de agosto, tras la lesi\u00f3n sufrida en noviembre de 2020 DEPORTES MIGUEL RUIZ\/FCB<\/p>\n\n\n\n<p>A casi un a\u00f1o de su \u00faltimo partido, ahora&nbsp;<strong>atraviesa la \u00faltima etapa de rehabilitaci\u00f3n.<\/strong>&nbsp;Las \u00faltimas im\u00e1genes que public\u00f3 el club en sus redes sociales mostraron al jugador entrenando con el grupo. De todos modos&nbsp;<strong>Koeman intent\u00f3 llevar calma sobre su vuelta&nbsp;<\/strong>en la conferencia de prensa previa al \u00faltimo duelo en el que Barcelona se impuso al Getafe por 2-1.<\/p>\n\n\n\n<p>\u201cFalta bastante para que compita al m\u00e1ximo nivel. Ha estado mucho tiempo fuera de los terrenos de juego y&nbsp;necesita m\u00e1s entrenamientos. He le\u00eddo en la prensa que llegar\u00e1 contra el Sevilla, pero olv\u00eddense.&nbsp;<strong>No va a jugar. No vamos a correr ning\u00fan riesgo con \u00e9l, queremos que sea importante en el futuro\u201d, sentenci\u00f3.<\/strong><\/p>\n\n\n\n<figure class=\"wp-block-image\"><img decoding=\"async\" src=\"https:\/\/www.infobae.com\/new-resizer\/B6Vqi8APKaY-z5nRdToOyDPPkd8=\/420x747\/filters:format(jpg):quality(85)\/cloudfront-us-east-1.images.arcpublishing.com\/infobae\/OWYAX7SF5JCJJGYZO22SYEVSKA.jpg%20420w\" alt=\"\"\/><\/figure>\n\n\n\n<p><strong>\u201cTodo los chicos que llegamos a la Masia so\u00f1amos con poder jugar junto a ti<\/strong>, me siento afortunado por haberlo cumplido. Quer\u00eda agradecerte estos dos a\u00f1os por tus gestos de cari\u00f1o hacia m\u00ed y por todo lo que aprend\u00ed.&nbsp;<em>Leo<\/em>&nbsp;mi Familia y yo siempre estaremos eternamente agradecidos, te deseo todo lo mejor a ti y a los tuyos\u201d, escrib\u00eda Ansu Fati en sus redes sociales despu\u00e9s de conocer la noticia de que el astro argentino no iba a continuar formando parte de la instituci\u00f3n.<img decoding=\"async\" loading=\"lazy\" alt=\"El posteo de Lionel Messi tras el debut de Fati \" height=\"1244\" width=\"1920\" src=\"https:\/\/www.infobae.com\/new-resizer\/yGktKZROSkd1N4n-cX-RZGqHfQc=\/420x280\/filters:format(jpg):quality(85)\/cloudfront-us-east-1.images.arcpublishing.com\/infobae\/VWKGF25UP5AEVJPF6E4XXGQ5WU.jpg%20420w\" srcset=\"https:\/\/www.infobae.com\/new-resizer\/yGktKZROSkd1N4n-cX-RZGqHfQc=\/420x280\/filters:format(jpg):quality(85)\/cloudfront-us-east-1.images.arcpublishing.com\/infobae\/VWKGF25UP5AEVJPF6E4XXGQ5WU.jpg 420w,https:\/\/www.infobae.com\/new-resizer\/qz3IgRoygP4EeTgbGlLzxm_lBWA=\/768x512\/filters:format(jpg):quality(85)\/cloudfront-us-east-1.images.arcpublishing.com\/infobae\/VWKGF25UP5AEVJPF6E4XXGQ5WU.jpg 768w,https:\/\/www.infobae.com\/new-resizer\/NEOAs9k6mZTA5xsdGaDzrfz8Em4=\/992x661\/filters:format(jpg):quality(85)\/cloudfront-us-east-1.images.arcpublishing.com\/infobae\/VWKGF25UP5AEVJPF6E4XXGQ5WU.jpg 992w,https:\/\/www.infobae.com\/new-resizer\/aUtSFBbPWuk1qQ60rAjzAgEQFQU=\/1200x800\/filters:format(jpg):quality(85)\/cloudfront-us-east-1.images.arcpublishing.com\/infobae\/VWKGF25UP5AEVJPF6E4XXGQ5WU.jpg 1200w,https:\/\/www.infobae.com\/new-resizer\/rwh-YP__LD27V6nzCCnS3p3Wsk4=\/1440x960\/filters:format(jpg):quality(85)\/cloudfront-us-east-1.images.arcpublishing.com\/infobae\/VWKGF25UP5AEVJPF6E4XXGQ5WU.jpg 1440w\">El posteo de Lionel Messi tras el debut de Fati<\/p>\n\n\n\n<p>En agosto del 2019, el propio capit\u00e1n y referente azulgrana comparti\u00f3 una foto de&nbsp;<strong>un sentido abrazo con la joven promesa azulgrana.<\/strong>&nbsp;Una imagen que recorri\u00f3 el mundo y por la que todos comenzaron a llamarlo \u201csu heredero\u201d. \u201cGran partido de todos, 3 primeros puntos en&nbsp;<a href=\"https:\/\/www.instagram.com\/laliga\/\">l<\/a>a liga y muy feliz por ver a los chicos de la casa cumpliendo sus sue\u00f1os de llegar al primer equipo y de marcar en el Camp Nou en partido oficial\u201d.<\/p>\n\n\n\n<p><\/p>\n","protected":false},"excerpt":{"rendered":"<p>Despu\u00e9s de varios idas y vueltas, finalmente el club le dio el dorsal del astro argentino a la joven perla de la Mas\u00eda. Finalmente sucedi\u00f3.&nbsp;Lionel Messi&nbsp;dej\u00f3 de ser el 10 del FC Barcelona despu\u00e9s de m\u00e1s de diez a\u00f1os y con su marcha al PSG&nbsp;el dorsal hab\u00eda quedado vacante&nbsp;en el seno azulgrana. Mucho se habl\u00f3 [&hellip;]<\/p>\n","protected":false},"author":40,"featured_media":309419,"comment_status":"open","ping_status":"open","sticky":false,"template":"","format":"standard","meta":{"_stopmodifiedupdate":false,"_modified_date":"","inline_featured_image":false,"spay_email":"","jetpack_publicize_message":""},"categories":[7],"tags":[],"jetpack_featured_media_url":"https:\/\/notinor.com\/jujuy\/wp-content\/uploads\/2021\/09\/lionel-messi-barcelona-alaves_cj5rtcbfim141me3svij42myr.jpg","jetpack_publicize_connections":[],"_links":{"self":[{"href":"https:\/\/notinor.com\/jujuy\/wp-json\/wp\/v2\/posts\/309418"}],"collection":[{"href":"https:\/\/notinor.com\/jujuy\/wp-json\/wp\/v2\/posts"}],"about":[{"href":"https:\/\/notinor.com\/jujuy\/wp-json\/wp\/v2\/types\/post"}],"author":[{"embeddable":true,"href":"https:\/\/notinor.com\/jujuy\/wp-json\/wp\/v2\/users\/40"}],"replies":[{"embeddable":true,"href":"https:\/\/notinor.com\/jujuy\/wp-json\/wp\/v2\/comments?post=309418"}],"version-history":[{"count":1,"href":"https:\/\/notinor.com\/jujuy\/wp-json\/wp\/v2\/posts\/309418\/revisions"}],"predecessor-version":[{"id":309420,"href":"https:\/\/notinor.com\/jujuy\/wp-json\/wp\/v2\/posts\/309418\/revisions\/309420"}],"wp:featuredmedia":[{"embeddable":true,"href":"https:\/\/notinor.com\/jujuy\/wp-json\/wp\/v2\/media\/309419"}],"wp:attachment":[{"href":"https:\/\/notinor.com\/jujuy\/wp-json\/wp\/v2\/media?parent=309418"}],"wp:term":[{"taxonomy":"category","embeddable":true,"href":"https:\/\/notinor.com\/jujuy\/wp-json\/wp\/v2\/categories?post=309418"},{"taxonomy":"post_tag","embeddable":true,"href":"https:\/\/notinor.com\/jujuy\/wp-json\/wp\/v2\/tags?post=309418"}],"curies":[{"name":"wp","href":"https:\/\/api.w.org\/{rel}","templated":true}]}}