{"id":309415,"date":"2021-09-01T09:05:28","date_gmt":"2021-09-01T12:05:28","guid":{"rendered":"https:\/\/notinor.com\/jujuy\/?p=309415"},"modified":"2021-09-01T09:05:32","modified_gmt":"2021-09-01T12:05:32","slug":"leandro-santoro-respondio-la-incomoda-pregunta-de-javier-milei-y-el-economista-redoblo-la-apuesta","status":"publish","type":"post","link":"https:\/\/notinor.com\/jujuy\/leandro-santoro-respondio-la-incomoda-pregunta-de-javier-milei-y-el-economista-redoblo-la-apuesta\/","title":{"rendered":"Leandro Santoro respondi\u00f3 la inc\u00f3moda pregunta de Javier Milei y el economista redobl\u00f3 la apuesta"},"content":{"rendered":"\n<p>Javier Milei apunta y dispara fuertes y pol\u00e9micas declaraciones contra sus contrincantes de Juntos por el Cambio y el kirchnerismo. Luego de haber asegurado que Horacio Rodr\u00edguez Larreta \u201ces un zurdo de mierda\u201d, su siguiente objetivo fue el precandidato a diputado nacional por la Ciudad de Buenos Aires, Leandro Santoro, a quien acus\u00f3 de \u201cpar\u00e1sito del Estado\u201d.<\/p>\n\n\n\n<figure class=\"wp-block-image\"><img decoding=\"async\" src=\"https:\/\/fotos.perfil.com\/2021\/08\/31\/trim\/1140\/641\/milei-santoro-20210831-1224021.jpg\" alt=\"Peligro para la democracia&quot; vs &quot;par\u00e1sito del Estado&quot;, el duro cruce entre  Santoro y Milei | Perfil\"\/><\/figure>\n\n\n\n<p>El postulante del frente&nbsp;<strong>La Libertad Avanza<\/strong>&nbsp;inaugur\u00f3 este lunes en&nbsp;<em>Telef\u00e9 Noticias<\/em>&nbsp;una secci\u00f3n llamada&nbsp;<em>\u201cStaff de candidatos\u201d<\/em>, donde los invitados adem\u00e1s de hablar de las propuestas que presentar\u00e1n en el Congreso en caso de ser electos tambi\u00e9n dejan grabada una pregunta para que sea respondida por el candidato que visitar\u00e1 el programa al d\u00eda siguiente.<\/p>\n\n\n\n<p>\u201cHola Leandro, \u00bfc\u00f3mo est\u00e1s? Tengo entendido que ten\u00e9s 45 a\u00f1os y hac\u00e9s pol\u00edtica desde los 14. \u00bfAlguna vez en tu vida laburaste en el sector privado? \u00bfSab\u00e9s lo que es ganarse la vida sirviendo al pr\u00f3jimo con bienes de mejor calidad a un mejor precio?,&nbsp;<mark>\u00bfO siempre fuiste un par\u00e1sito del Estado que viv\u00eds de una fuente compulsiva de ingresos que se llaman impuestos? Es decir, que se pagan de manera coactiva\u201d<\/mark>, fue la pregunta del libertario destinada al elegido del oficialismo en la Ciudad.PlayJavier Milei chicane\u00f3 a Leandro Santoro con una inc\u00f3moda pregunta<\/p>\n\n\n\n<p>Leandro Santoro recogi\u00f3 el guante, reivindic\u00f3 su pasado laboral, y se\u00f1al\u00f3: \u201c<strong>\u00c9l confunde militancia con el trabajo<\/strong>. Son dos cosas distintas, yo empec\u00e9 a militar a los 13, a esa edad los nenes no trabajan, pero yo s\u00ed tuve que hacerlo\u201d, comenz\u00f3 a modo de pre\u00e1mbulo de la historia de su ni\u00f1ez y adolescencia.<\/p>\n\n\n\n<p>\u201cMi mam\u00e1 se separ\u00f3 de mi viejo, tuve una infancia muy dura con el marido de ella y desde los 13 tuve que acompa\u00f1arla en un peque\u00f1o almac\u00e9n; sal\u00eda del cole, cortaba fiambre, rotaba las heladeras\u201d, cont\u00f3.<\/p>\n\n\n\n<p>Agreg\u00f3 que se \u201cfundi\u00f3\u201d con \u201cla hiperinflaci\u00f3n de Menem\u201d y explic\u00f3: \u201cYo vengo de la econom\u00eda informal, de situaci\u00f3n precaria, labur\u00e9 con mi vieja, la pele\u00e9, sal\u00ed para adelante, tuvimos una casa de art\u00edculos de limpieza -se me manchaba la ropa cuando hac\u00eda lavandina-<mark>&nbsp;se lo que es sufrir y tener que laburar\u201d.<\/mark><\/p>\n\n\n\n<p>Tras comentar que con su madre arm\u00f3 una agencia de remises, relat\u00f3 que estudi\u00f3 Ciencias Pol\u00edticas y luego logr\u00f3 concursar un cargo en la Auditor\u00eda General de la Naci\u00f3n.<strong>&nbsp;\u201cNadie me me regal\u00f3 nada, soy planta permanente ah\u00ed pero no cobro desde que soy legislador\u201d.<\/strong><img decoding=\"async\" loading=\"lazy\" alt=\"&quot;Se lo que es sufrir y tener que laburar\u201d, respondi\u00f3 Santoro (Frente de Todos CABA)\" height=\"1281\" width=\"1920\" src=\"https:\/\/www.infobae.com\/new-resizer\/2MmvnOayTsf5ElyRe-9NaAkwXno=\/420x280\/filters:format(jpg):quality(85)\/cloudfront-us-east-1.images.arcpublishing.com\/infobae\/IPQBWMV2TRER3K3QIZ6N2DSSVY.jpg%20420w\" srcset=\"https:\/\/www.infobae.com\/new-resizer\/2MmvnOayTsf5ElyRe-9NaAkwXno=\/420x280\/filters:format(jpg):quality(85)\/cloudfront-us-east-1.images.arcpublishing.com\/infobae\/IPQBWMV2TRER3K3QIZ6N2DSSVY.jpg 420w,https:\/\/www.infobae.com\/new-resizer\/UrhcNvmPM6APHhZEg-rG0pVhI30=\/768x512\/filters:format(jpg):quality(85)\/cloudfront-us-east-1.images.arcpublishing.com\/infobae\/IPQBWMV2TRER3K3QIZ6N2DSSVY.jpg 768w,https:\/\/www.infobae.com\/new-resizer\/GK9EaUWUsNbJHapVA3hw3JFPfjA=\/992x661\/filters:format(jpg):quality(85)\/cloudfront-us-east-1.images.arcpublishing.com\/infobae\/IPQBWMV2TRER3K3QIZ6N2DSSVY.jpg 992w,https:\/\/www.infobae.com\/new-resizer\/DTDbg8MjWmc4uPMN9QDkH5J2-Vw=\/1200x800\/filters:format(jpg):quality(85)\/cloudfront-us-east-1.images.arcpublishing.com\/infobae\/IPQBWMV2TRER3K3QIZ6N2DSSVY.jpg 1200w,https:\/\/www.infobae.com\/new-resizer\/xAhqtjxak0UWhe_jvLQReJ3BuLg=\/1440x960\/filters:format(jpg):quality(85)\/cloudfront-us-east-1.images.arcpublishing.com\/infobae\/IPQBWMV2TRER3K3QIZ6N2DSSVY.jpg 1440w\">\"Se lo que es sufrir y tener que laburar\u201d, respondi\u00f3 Santoro (Frente de Todos CABA)<\/p>\n\n\n\n<p>Santoro reconoci\u00f3 que trabaj\u00f3 \u201cen algunos momentos en el Estado\u201d, antes de ser electo y le se\u00f1al\u00f3 a Milei que \u201cpuede averiguar todo lo que estoy contando porque el tercer candidato a diputado de su lista,&nbsp;<strong>Oscar Zago<\/strong>, militaba conmigo en el radicalismo\u201d.<\/p>\n\n\n\n<p>El radical kirchnerista continu\u00f3 fustigando al precandidato de La Libertad Avanza:&nbsp;<mark>\u201c\u00c9l tambi\u00e9n fue empleado p\u00fablico, fue empleado del Congreso en la gesti\u00f3n del general&nbsp;<strong>Antonio Domingo Bussi<\/strong>\u201d.<\/mark><\/p>\n\n\n\n<p>\u201cSi le habl\u00e1s de libertad a los chicos por ah\u00ed no saben qui\u00e9n fue Bussi, fue gobernador de facto de la provincia de Tucum\u00e1n, termin\u00f3 condenando por violaciones a los derechos humanos, secuestr\u00f3, mat\u00f3, tortur\u00f3, viol\u00f3, se qued\u00f3 con bienes y vidas de miles de argentinos\u201d, sentenci\u00f3. \u201cSi le molest\u00f3 quedarse encerrado durante la pandemia que me explique c\u00f3mo puede ser que haya sido parte de eso\u201d, agreg\u00f3.<\/p>\n\n\n\n<p><strong>\u201cNo da hablar de la defensa de la libertad habiendo sido parte de eso\u201d<\/strong>, remarc\u00f3 Santoro, quien le pidi\u00f3 a Milei que \u201creflexione\u201d:&nbsp;<mark>\u201cPor estas formas de antagonismos irreductibles no vamos a ning\u00fan lado, meti\u00e9ndole bronca y odio a los pibes no va a conseguir nada\u201d.<\/mark><img decoding=\"async\" loading=\"lazy\" alt=\"Javier Milei, precandidato a diputado nacional por el frente La Libertad Avanza \" height=\"1080\" width=\"1920\" src=\"https:\/\/www.infobae.com\/new-resizer\/zDjUA9JJ8ywZA8eUzJI8RFLpl3A=\/420x236\/filters:format(jpg):quality(85)\/cloudfront-us-east-1.images.arcpublishing.com\/infobae\/VYYE4ZSTIVEILA5ZJSLG24UNOU.jpg%20420w\" srcset=\"https:\/\/www.infobae.com\/new-resizer\/zDjUA9JJ8ywZA8eUzJI8RFLpl3A=\/420x236\/filters:format(jpg):quality(85)\/cloudfront-us-east-1.images.arcpublishing.com\/infobae\/VYYE4ZSTIVEILA5ZJSLG24UNOU.jpg 420w,https:\/\/www.infobae.com\/new-resizer\/2Z8CdJe_wZdWgrGHUENia9qQUjk=\/768x432\/filters:format(jpg):quality(85)\/cloudfront-us-east-1.images.arcpublishing.com\/infobae\/VYYE4ZSTIVEILA5ZJSLG24UNOU.jpg 768w,https:\/\/www.infobae.com\/new-resizer\/negPk2Pl4ZJiLp0L5HV-nssOnXw=\/992x558\/filters:format(jpg):quality(85)\/cloudfront-us-east-1.images.arcpublishing.com\/infobae\/VYYE4ZSTIVEILA5ZJSLG24UNOU.jpg 992w,https:\/\/www.infobae.com\/new-resizer\/zrmDlajUT1bRfvBRxbioaOk7OV8=\/1200x675\/filters:format(jpg):quality(85)\/cloudfront-us-east-1.images.arcpublishing.com\/infobae\/VYYE4ZSTIVEILA5ZJSLG24UNOU.jpg 1200w,https:\/\/www.infobae.com\/new-resizer\/tRMHUP__H0PyH1izdxfwCpe0OZ4=\/1440x810\/filters:format(jpg):quality(85)\/cloudfront-us-east-1.images.arcpublishing.com\/infobae\/VYYE4ZSTIVEILA5ZJSLG24UNOU.jpg 1440w\">Javier Milei, precandidato a diputado nacional por el frente La Libertad Avanza<\/p>\n\n\n\n<p><strong>Milei redobl\u00f3 la apuesta<\/strong><\/p>\n\n\n\n<p>El economista libertario utiliz\u00f3 sus redes sociales para contestarle a Santoro. Una vez m\u00e1s, con pol\u00e9micas declaraciones: \u201cDec\u00eds que has trabajado en el sector privado laburando con tu mam\u00e1 siendo chico&nbsp;<strong>\u00bfAcaso est\u00e1s a favor del trabajo infantil? \u00bfAcaso tu mam\u00e1 era una explotadora?&nbsp;<\/strong>Y pasado ello, pasaste a trabajar en el Estado... ah\u00ed no te importa que te paguen con el fruto de un robo\u201d.<\/p>\n\n\n\n<p>\u201cSi opin\u00e1s que trabajar en el Estado est\u00e1 bien parece un poco improcedente criticar a alguien que lo hizo, en especial si esa persona fue elegida por la voluntad del pueblo&nbsp;<strong>\u00bfAcaso se te pasa que Bussi lleg\u00f3 a la banca por votaci\u00f3n? \u00bfAcaso reneg\u00e1s de la democracia?\u201d<\/strong>, chicane\u00f3 al legislador porte\u00f1o.<\/p>\n\n\n\n<p>Luego explic\u00f3 su v\u00ednculo con el gobierno de Bussi:&nbsp;<mark>\u201cSi us\u00e1s los recursos del Estado para investigar personas, te cuento el motivo de la contrataci\u00f3n transitoria. Hab\u00eda unos temas que afectaban a la Provincia de Tucum\u00e1n y necesitaban un economista que hiciera el an\u00e1lisis de las leyes que se quer\u00edan sancionar. Se termin\u00f3 y me fui\u201d.<\/mark><\/p>\n\n\n\n<p>Prosiguiendo con el hilo de tuits, argument\u00f3 que en su vida ha evolucionado \u201cdesde ser un post keynesiano con algo de estructuralista hasta hoy ser de la Escuela Austr\u00edaca\u201d. \u201c<mark>Yo evolucion\u00e9 hacia la LIBERTAD \u00bfy vos qu\u00e9? Ahora sos un enemigo de la LIBERTAD y parasit\u00e1s el trabajo ajeno. Din\u00e1mica letal\u201d<\/mark>, lanz\u00f3.<\/p>\n\n\n\n<p><strong>\u201cLeandro, no me sorprender\u00eda que en la pr\u00f3xima elecci\u00f3n seas un apasionado liberal porque tu fe es la de los conversos\u201d<\/strong>, ironiz\u00f3 haciendo referencia al pasado de Santoro, alejado del kirchnerismo.<strong>&nbsp;\u201cDe acusar al peronismo de ser el mal de todos los males a hacer la V de la victoria. Quiz\u00e1s en unos meses haces la L\u201d<\/strong>, concluy\u00f3.<\/p>\n\n\n\n<p>En su cuenta de Twitter, Santoro comparti\u00f3 sus palabras y el fragmento de la entrevista en la que le respondi\u00f3 al economista y finaliz\u00f3:&nbsp;<mark>\u201cJavier Milei, GAME OVER\u201d<\/mark>.<\/p>\n","protected":false},"excerpt":{"rendered":"<p>Javier Milei apunta y dispara fuertes y pol\u00e9micas declaraciones contra sus contrincantes de Juntos por el Cambio y el kirchnerismo. Luego de haber asegurado que Horacio Rodr\u00edguez Larreta \u201ces un zurdo de mierda\u201d, su siguiente objetivo fue el precandidato a diputado nacional por la Ciudad de Buenos Aires, Leandro Santoro, a quien acus\u00f3 de \u201cpar\u00e1sito [&hellip;]<\/p>\n","protected":false},"author":40,"featured_media":309416,"comment_status":"open","ping_status":"open","sticky":false,"template":"","format":"standard","meta":{"_stopmodifiedupdate":false,"_modified_date":"","inline_featured_image":false,"spay_email":"","jetpack_publicize_message":""},"categories":[5],"tags":[],"jetpack_featured_media_url":"https:\/\/notinor.com\/jujuy\/wp-content\/uploads\/2021\/09\/milei-santoro-20210831-1224021.jpg","jetpack_publicize_connections":[],"_links":{"self":[{"href":"https:\/\/notinor.com\/jujuy\/wp-json\/wp\/v2\/posts\/309415"}],"collection":[{"href":"https:\/\/notinor.com\/jujuy\/wp-json\/wp\/v2\/posts"}],"about":[{"href":"https:\/\/notinor.com\/jujuy\/wp-json\/wp\/v2\/types\/post"}],"author":[{"embeddable":true,"href":"https:\/\/notinor.com\/jujuy\/wp-json\/wp\/v2\/users\/40"}],"replies":[{"embeddable":true,"href":"https:\/\/notinor.com\/jujuy\/wp-json\/wp\/v2\/comments?post=309415"}],"version-history":[{"count":1,"href":"https:\/\/notinor.com\/jujuy\/wp-json\/wp\/v2\/posts\/309415\/revisions"}],"predecessor-version":[{"id":309417,"href":"https:\/\/notinor.com\/jujuy\/wp-json\/wp\/v2\/posts\/309415\/revisions\/309417"}],"wp:featuredmedia":[{"embeddable":true,"href":"https:\/\/notinor.com\/jujuy\/wp-json\/wp\/v2\/media\/309416"}],"wp:attachment":[{"href":"https:\/\/notinor.com\/jujuy\/wp-json\/wp\/v2\/media?parent=309415"}],"wp:term":[{"taxonomy":"category","embeddable":true,"href":"https:\/\/notinor.com\/jujuy\/wp-json\/wp\/v2\/categories?post=309415"},{"taxonomy":"post_tag","embeddable":true,"href":"https:\/\/notinor.com\/jujuy\/wp-json\/wp\/v2\/tags?post=309415"}],"curies":[{"name":"wp","href":"https:\/\/api.w.org\/{rel}","templated":true}]}}