{"id":309397,"date":"2021-09-01T08:43:12","date_gmt":"2021-09-01T11:43:12","guid":{"rendered":"https:\/\/notinor.com\/jujuy\/?p=309397"},"modified":"2021-09-01T08:43:17","modified_gmt":"2021-09-01T11:43:17","slug":"1-de-septiembre-dia-del-lapacho-la-flor-de-jujuy","status":"publish","type":"post","link":"https:\/\/notinor.com\/jujuy\/1-de-septiembre-dia-del-lapacho-la-flor-de-jujuy\/","title":{"rendered":"1 de septiembre, D\u00eda del Lapacho, la flor de Jujuy"},"content":{"rendered":"\n<h2>Hace m\u00e1s de 30 a\u00f1os fue declarada como la flor provincial.<\/h2>\n\n\n\n<figure class=\"wp-block-image is-resized\"><img decoding=\"async\" loading=\"lazy\" src=\"https:\/\/media.todojujuy.com\/p\/415a6424ad2dfa0f5c2c17ea38434e7b\/adjuntos\/227\/imagenes\/001\/413\/0001413088\/imagepng.png\" alt=\"Jujuy: hoy se celebra el D\u00eda del Lapacho\" width=\"1088\" height=\"613\"\/><\/figure>\n\n\n\n<p>Es sin duda nuestro emblema, el color de Jujuy. Cada primer d\u00eda de septiembre se celebra el d\u00eda de nuestra flor provincial, la flor del lapacho rosado. La especie fue primeramente declarada \u00e1rbol regional durante la gobernaci\u00f3n de Jorge Villafa\u00f1e, entre 1952 y 1955.<\/p>\n\n\n\n<p>En 1988, mediante la Ley provincial N\u00b0 4383, la flor del lapacho rosado fue elegida Flor provincial de Jujuy, y el primer d\u00eda del noveno mes, la jornada de celebraci\u00f3n. San Pedro, Ledesma, El Carmen, San Antonio, Palpal\u00e1 y Doctor Manuel Belgrano, es donde mayormente se encuentra el lapacho.<\/p>\n\n\n\n<p>El lapacho de flores rosadas tiene el nombre cient\u00edfico de Handroanthus impetiginosus, una especie nativa de la familia bot\u00e1nica Bignoniaceae y se encuentra no solo en nuestra provincia, sino tambi\u00e9n en Salta, Tucum\u00e1n y otras provincias del norte argentino.<\/p>\n\n\n\n<p>Pero en Jujuy tambi\u00e9n se puede hallar otra variante que es una variedad de flor blanca que se debe a una alteraci\u00f3n natural gen\u00e9tica de la rosada. Adem\u00e1s tambi\u00e9n se puede encontrar el lapacho de flor amarilla, o Tabebuia lapacho, todas con una misma \u00e9poca de floraci\u00f3n.<\/p>\n\n\n\n<p>Cl\u00e1sico por sus vistosas flores rosadas, su madera se aprovecha en construcci\u00f3n, y a la infusi\u00f3n de su corteza se le atribuyen propiedades medicinales. Es un \u00e1rbol de buen porte, pudiendo alcanzar los 8 dm de di\u00e1metro en el tronco y los 30 metros de altura, de los cuales 10 corresponden aproximadamente al fuste. La copa es semiglobosa, con el follaje concentrado en su parte m\u00e1s alta. Es caducifolio.<\/p>\n\n\n\n<p>Resulta imposible recorrer la geograf\u00eda juje\u00f1a y no extasiarse ante la belleza de los lapachos en flor. La acuarela de la naturaleza nos regala en cada invierno, los mejores tonos rosados, blancos y amarillos.<\/p>\n","protected":false},"excerpt":{"rendered":"<p>Hace m\u00e1s de 30 a\u00f1os fue declarada como la flor provincial. Es sin duda nuestro emblema, el color de Jujuy. Cada primer d\u00eda de septiembre se celebra el d\u00eda de nuestra flor provincial, la flor del lapacho rosado. La especie fue primeramente declarada \u00e1rbol regional durante la gobernaci\u00f3n de Jorge Villafa\u00f1e, entre 1952 y 1955. [&hellip;]<\/p>\n","protected":false},"author":40,"featured_media":309399,"comment_status":"open","ping_status":"open","sticky":false,"template":"","format":"standard","meta":{"_stopmodifiedupdate":false,"_modified_date":"","inline_featured_image":false,"spay_email":"","jetpack_publicize_message":""},"categories":[514],"tags":[],"jetpack_featured_media_url":"https:\/\/notinor.com\/jujuy\/wp-content\/uploads\/2021\/09\/1504220543281.jpg","jetpack_publicize_connections":[],"_links":{"self":[{"href":"https:\/\/notinor.com\/jujuy\/wp-json\/wp\/v2\/posts\/309397"}],"collection":[{"href":"https:\/\/notinor.com\/jujuy\/wp-json\/wp\/v2\/posts"}],"about":[{"href":"https:\/\/notinor.com\/jujuy\/wp-json\/wp\/v2\/types\/post"}],"author":[{"embeddable":true,"href":"https:\/\/notinor.com\/jujuy\/wp-json\/wp\/v2\/users\/40"}],"replies":[{"embeddable":true,"href":"https:\/\/notinor.com\/jujuy\/wp-json\/wp\/v2\/comments?post=309397"}],"version-history":[{"count":1,"href":"https:\/\/notinor.com\/jujuy\/wp-json\/wp\/v2\/posts\/309397\/revisions"}],"predecessor-version":[{"id":309400,"href":"https:\/\/notinor.com\/jujuy\/wp-json\/wp\/v2\/posts\/309397\/revisions\/309400"}],"wp:featuredmedia":[{"embeddable":true,"href":"https:\/\/notinor.com\/jujuy\/wp-json\/wp\/v2\/media\/309399"}],"wp:attachment":[{"href":"https:\/\/notinor.com\/jujuy\/wp-json\/wp\/v2\/media?parent=309397"}],"wp:term":[{"taxonomy":"category","embeddable":true,"href":"https:\/\/notinor.com\/jujuy\/wp-json\/wp\/v2\/categories?post=309397"},{"taxonomy":"post_tag","embeddable":true,"href":"https:\/\/notinor.com\/jujuy\/wp-json\/wp\/v2\/tags?post=309397"}],"curies":[{"name":"wp","href":"https:\/\/api.w.org\/{rel}","templated":true}]}}