{"id":309396,"date":"2021-09-01T08:56:06","date_gmt":"2021-09-01T11:56:06","guid":{"rendered":"https:\/\/notinor.com\/jujuy\/?p=309396"},"modified":"2021-09-01T08:56:10","modified_gmt":"2021-09-01T11:56:10","slug":"festejo-de-51o-aniversario-e-imposicion-de-nombre-en-barrio-santa-rosa","status":"publish","type":"post","link":"https:\/\/notinor.com\/jujuy\/festejo-de-51o-aniversario-e-imposicion-de-nombre-en-barrio-santa-rosa\/","title":{"rendered":"Festejo de 51\u00ba aniversario e imposici\u00f3n de nombre en barrio Santa Rosa"},"content":{"rendered":"\n<p>El lunes por la ma\u00f1ana se concret\u00f3 el acto protocolar por la conmemoraci\u00f3n de los 51 a\u00f1os del Barrio Santa Rosa y la imposici\u00f3n de nombre \"Padre Francisco Horvath\" a un espacio verde del sector.<\/p>\n\n\n\n<figure class=\"wp-block-image size-large\"><img decoding=\"async\" loading=\"lazy\" width=\"750\" height=\"244\" src=\"https:\/\/notinor.com\/jujuy\/wp-content\/uploads\/2021\/09\/Aniversario-1.jpg\" alt=\"\" class=\"wp-image-309405\" srcset=\"https:\/\/notinor.com\/jujuy\/wp-content\/uploads\/2021\/09\/Aniversario-1.jpg 750w, https:\/\/notinor.com\/jujuy\/wp-content\/uploads\/2021\/09\/Aniversario-1-660x215.jpg 660w\" sizes=\"(max-width: 750px) 100vw, 750px\" \/><\/figure>\n\n\n\n<p>La imposici\u00f3n del nombre se realiz\u00f3 en el marco de la ordenanza N\u00b0 7493\/2021. Por tal motivo, los concejales Lisandro Aguiar, Patricia Moya, y el concejal electo Mario Lobo, junto al grupo de oraci\u00f3n Buen Pastor de la comunidad parroquial San Lucas, y representantes del Centro Vecinal, descubrieron la placa identificatoria que dejar\u00e1 formalmente con nombre al espacio verde del barrio. &nbsp;<\/p>\n\n\n\n<p>Adem\u00e1s, se hizo entrega de la Minuta de Declaraci\u00f3n N\u00b06\/2021 a la Comisi\u00f3n Directiva del Centro Vecinal Santa Rosa, que declara de Inter\u00e9s Municipal el 50\u00b0 Aniversario y las correspondientes Bodas de Oro, que por motivo de la pandemia no pudieron celebrarse durante el 2020.<\/p>\n\n\n\n<p>Al respecto, Lisandro Aguiar, presidente del Concejo Deliberante, destac\u00f3 que \"en el d\u00eda de Santa Rosa de Lima, estamos en el barrio que cumple 51 a\u00f1os de vida, imponiendo el nombre a este espacio verde del Padre Francisco Horvath que ha tenido mucho que ver con la historia de este barrio\".<\/p>\n\n\n\n<p>Asimismo, Aguiar resalt\u00f3 que \"acompa\u00f1ando a los vecinos con nuevos desaf\u00edos y nuevas posibilidades. Se han habilitado recientemente el Mercado de Santa Rosa, el Juzgado de Faltas N\u00b04, el Centro Modelo de Zoonosis, y tantas otras instituciones que tienen que ver tanto con el barrio y su historia. Reci\u00e9n dec\u00eda que Santa Rosa es cuna de m\u00fasicos, deportistas, pol\u00edticos que han dado mucho a nuestra ciudad, y la idea es seguir construyendo esa ciudad colectiva que todos queremos\".<\/p>\n\n\n\n<figure class=\"wp-block-image size-large\"><img decoding=\"async\" loading=\"lazy\" width=\"750\" height=\"274\" src=\"https:\/\/notinor.com\/jujuy\/wp-content\/uploads\/2021\/09\/Aniversario.jpg\" alt=\"\" class=\"wp-image-309402\" srcset=\"https:\/\/notinor.com\/jujuy\/wp-content\/uploads\/2021\/09\/Aniversario.jpg 750w, https:\/\/notinor.com\/jujuy\/wp-content\/uploads\/2021\/09\/Aniversario-660x241.jpg 660w\" sizes=\"(max-width: 750px) 100vw, 750px\" \/><\/figure>\n\n\n\n<p>Mientras que Eduardo C\u00e1ceres, Presidente del Centro Vecinal del barrio, expres\u00f3 \"estamos celebrando los 51 a\u00f1os de nuestro barrio, agradecemos la colaboraci\u00f3n permanente del Municipio, el Concejo Deliberante y el Gobierno de la provincia, que a trav\u00e9s de distintas acciones siempre est\u00e1n respondiendo a las necesidades que van surgiendo en las tareas cotidianas y el convivir diario de nuestro sector\".<\/p>\n\n\n\n<p>Por \u00faltimo, C\u00e1ceres &nbsp;remarc\u00f3 que \"hoy nos toca festejar, el a\u00f1o pasado no lo pudimos hacer por la pandemia; lo positivo es que pese a eso los vecinos se fueron integrando con mayor fuerza, puesto que resurgieron los lazos de solidaridad\", finaliz\u00f3.&nbsp;<\/p>\n\n\n\n<figure class=\"wp-block-image size-large\"><img decoding=\"async\" loading=\"lazy\" width=\"750\" height=\"236\" src=\"https:\/\/notinor.com\/jujuy\/wp-content\/uploads\/2021\/09\/Aniversario-5-.jpg\" alt=\"\" class=\"wp-image-309407\" srcset=\"https:\/\/notinor.com\/jujuy\/wp-content\/uploads\/2021\/09\/Aniversario-5-.jpg 750w, https:\/\/notinor.com\/jujuy\/wp-content\/uploads\/2021\/09\/Aniversario-5--660x208.jpg 660w\" sizes=\"(max-width: 750px) 100vw, 750px\" \/><\/figure>\n","protected":false},"excerpt":{"rendered":"<p>El lunes por la ma\u00f1ana se concret\u00f3 el acto protocolar por la conmemoraci\u00f3n de los 51 a\u00f1os del Barrio Santa Rosa y la imposici\u00f3n de nombre \"Padre Francisco Horvath\" a un espacio verde del sector. La imposici\u00f3n del nombre se realiz\u00f3 en el marco de la ordenanza N\u00b0 7493\/2021. Por tal motivo, los concejales Lisandro [&hellip;]<\/p>\n","protected":false},"author":5,"featured_media":309398,"comment_status":"open","ping_status":"open","sticky":false,"template":"","format":"standard","meta":{"_stopmodifiedupdate":false,"_modified_date":"","inline_featured_image":false,"spay_email":"","jetpack_publicize_message":""},"categories":[514],"tags":[],"jetpack_featured_media_url":"https:\/\/notinor.com\/jujuy\/wp-content\/uploads\/2021\/09\/Aniversario-.jpg","jetpack_publicize_connections":[],"_links":{"self":[{"href":"https:\/\/notinor.com\/jujuy\/wp-json\/wp\/v2\/posts\/309396"}],"collection":[{"href":"https:\/\/notinor.com\/jujuy\/wp-json\/wp\/v2\/posts"}],"about":[{"href":"https:\/\/notinor.com\/jujuy\/wp-json\/wp\/v2\/types\/post"}],"author":[{"embeddable":true,"href":"https:\/\/notinor.com\/jujuy\/wp-json\/wp\/v2\/users\/5"}],"replies":[{"embeddable":true,"href":"https:\/\/notinor.com\/jujuy\/wp-json\/wp\/v2\/comments?post=309396"}],"version-history":[{"count":1,"href":"https:\/\/notinor.com\/jujuy\/wp-json\/wp\/v2\/posts\/309396\/revisions"}],"predecessor-version":[{"id":309408,"href":"https:\/\/notinor.com\/jujuy\/wp-json\/wp\/v2\/posts\/309396\/revisions\/309408"}],"wp:featuredmedia":[{"embeddable":true,"href":"https:\/\/notinor.com\/jujuy\/wp-json\/wp\/v2\/media\/309398"}],"wp:attachment":[{"href":"https:\/\/notinor.com\/jujuy\/wp-json\/wp\/v2\/media?parent=309396"}],"wp:term":[{"taxonomy":"category","embeddable":true,"href":"https:\/\/notinor.com\/jujuy\/wp-json\/wp\/v2\/categories?post=309396"},{"taxonomy":"post_tag","embeddable":true,"href":"https:\/\/notinor.com\/jujuy\/wp-json\/wp\/v2\/tags?post=309396"}],"curies":[{"name":"wp","href":"https:\/\/api.w.org\/{rel}","templated":true}]}}