{"id":309388,"date":"2021-09-01T08:34:50","date_gmt":"2021-09-01T11:34:50","guid":{"rendered":"https:\/\/notinor.com\/jujuy\/?p=309388"},"modified":"2021-09-01T08:35:17","modified_gmt":"2021-09-01T11:35:17","slug":"agosto-termino-con-48-menos-de-casos-de-coronavirus-en-jujuy","status":"publish","type":"post","link":"https:\/\/notinor.com\/jujuy\/agosto-termino-con-48-menos-de-casos-de-coronavirus-en-jujuy\/","title":{"rendered":"Agosto termin\u00f3 con 48% menos de casos de coronavirus en Jujuy"},"content":{"rendered":"\n<p>Este mes fallecieron 102 personas por coronavirus en Jujuy.<\/p>\n\n\n\n<div class=\"wp-block-image\"><figure class=\"aligncenter is-resized\"><img decoding=\"async\" loading=\"lazy\" src=\"https:\/\/media.prensa.jujuy.gob.ar\/p\/a06813c59c8792f80cc53eab89d28af8\/adjuntos\/301\/imagenes\/000\/218\/0000218039\/220121-gerardo-morales-rastrillaje-barrio-san-fransisco-alava-15jpg.jpg\" alt=\"Rastrillaje sanitario en San francisco de Alava\" width=\"690\" height=\"389\"\/><\/figure><\/div>\n\n\n\n<ul><li>&nbsp;<strong><a href=\"https:\/\/www.todojujuy.com\/casos-a2243\">Casos<\/a>&nbsp;reportados de&nbsp;<a href=\"https:\/\/www.todojujuy.com\/coronavirus-jujuy-a12551\">coronavirus en Jujuy<\/a>: 78<\/strong><\/li><li><strong>&nbsp;<a href=\"https:\/\/www.todojujuy.com\/muertes-a2420\">Muertes<\/a>&nbsp;informadas en la \u00faltima jornada: 1<\/strong><\/li><li><strong>&nbsp;Pacientes dados de alta el d\u00eda de hoy: 89<\/strong><\/li><\/ul>\n\n\n\n<p><strong>Detalle de casos positivos seg\u00fan localidad:<\/strong><\/p>\n\n\n\n<ul><li>SAN SALVADOR DE JUJUY 45<\/li><li>SAN PEDRO 11<\/li><li>PALPAL\u00c1 7<\/li><li>PERICO 4<\/li><li>HUMAHUACA 2<\/li><li>EL CARMEN 2<\/li><li>AGUAS CALIENTES 2<\/li><li>PURMAMARCA 1<\/li><li>MONTERRICO 1<\/li><li>MAIMARA 1<\/li><li>GUERRERO 1<\/li><li>ABRA PAMPA 1<\/li><\/ul>\n\n\n\n<p>Este martes la Subdirecci\u00f3n de Epidemiolog\u00eda de la provincia report\u00f3 78 nuevos casos de coronavirus en Jujuy. Con estos n\u00fameros, el total de contagios lleg\u00f3 a 47.029 desde el comienzo de la pandemia. Estos datos surgen de los 206.636 test realizados en toda la provincia desde marzo de 2020.<\/p>\n\n\n\n<p>De acuerdo con un recuento realizado por\u00a0<em>Todo Jujuy\u00a0<\/em>este mes que termina hubo un total de 3.528 casos de coronavirus en Jujuy, hubo 102 muertes por complicaciones de la enfermedad y se recuperaron 5.232 personas. Adem\u00e1s, agosto hab\u00eda comenzado con 160 casos registrados el primer d\u00eda del mes y concluye con 78, un 48,75% menos.<\/p>\n\n\n\n<p>El reporte sanitario inform\u00f3, por otro lado, que en la \u00faltima jornada 89 pacientes recibieron el alta tras superar al coronavirus en Jujuy. Con ellos, el total de personas que se recuperaron de la enfermedad de covid-19 en la provincia son 45.141.<\/p>\n\n\n\n<p>Por otro lado, el parte epidemiol\u00f3gico indica que fallecieron 1.497 personas por causas relacionadas con la enfermedad de covid-19. A esta suma llega con la cuatro nueva muerte notificada hoy. Seg\u00fan datos oficiales, un hombre de 53 a\u00f1os de edad. Esta muerte fue informada por el Registro Civil de la Provincia de Jujuy y corresponde a d\u00edas anteriores, de acuerdo con lo comunicado de manera oficial.<\/p>\n\n\n\n<h3><strong>Casos de coronavirus en Argentina<\/strong><\/h3>\n\n\n\n<ul><li>&nbsp;<strong>Casos reportados este martes: 6.731<\/strong><\/li><li><strong>&nbsp;Muertes informadas: 205<\/strong><\/li><\/ul>\n\n\n\n<p>El Ministerio de Salud de la Naci\u00f3n confirm\u00f3 este martes 6.731 casos nuevos de coronavirus y 205 muertes ocasionadas por complicaciones derivadas de la enfermedad. Con estos datos, el total de contagios registrados en el pa\u00eds desde que empez\u00f3 la pandemia llega a 5.185.620. De ese total, son pacientes recuperados 4.874.141 y 199.667 personas transitan la enfermedad actualmente.<\/p>\n\n\n\n<p>Adem\u00e1s, con los 247 fallecimientos informados hoy en la Sala de Situaci\u00f3n virtual que publica la cartera sanitaria nacional, el total de v\u00edctimas fatales del coronavirus en la Argentina llega a 111.812.<\/p>\n","protected":false},"excerpt":{"rendered":"<p>Este mes fallecieron 102 personas por coronavirus en Jujuy. &nbsp;Casos&nbsp;reportados de&nbsp;coronavirus en Jujuy: 78 &nbsp;Muertes&nbsp;informadas en la \u00faltima jornada: 1 &nbsp;Pacientes dados de alta el d\u00eda de hoy: 89 Detalle de casos positivos seg\u00fan localidad: SAN SALVADOR DE JUJUY 45 SAN PEDRO 11 PALPAL\u00c1 7 PERICO 4 HUMAHUACA 2 EL CARMEN 2 AGUAS CALIENTES 2 [&hellip;]<\/p>\n","protected":false},"author":40,"featured_media":309390,"comment_status":"open","ping_status":"open","sticky":false,"template":"","format":"standard","meta":{"_stopmodifiedupdate":false,"_modified_date":"","inline_featured_image":false,"spay_email":"","jetpack_publicize_message":""},"categories":[514],"tags":[],"jetpack_featured_media_url":"https:\/\/notinor.com\/jujuy\/wp-content\/uploads\/2021\/09\/unnamed.jpg","jetpack_publicize_connections":[],"_links":{"self":[{"href":"https:\/\/notinor.com\/jujuy\/wp-json\/wp\/v2\/posts\/309388"}],"collection":[{"href":"https:\/\/notinor.com\/jujuy\/wp-json\/wp\/v2\/posts"}],"about":[{"href":"https:\/\/notinor.com\/jujuy\/wp-json\/wp\/v2\/types\/post"}],"author":[{"embeddable":true,"href":"https:\/\/notinor.com\/jujuy\/wp-json\/wp\/v2\/users\/40"}],"replies":[{"embeddable":true,"href":"https:\/\/notinor.com\/jujuy\/wp-json\/wp\/v2\/comments?post=309388"}],"version-history":[{"count":2,"href":"https:\/\/notinor.com\/jujuy\/wp-json\/wp\/v2\/posts\/309388\/revisions"}],"predecessor-version":[{"id":309393,"href":"https:\/\/notinor.com\/jujuy\/wp-json\/wp\/v2\/posts\/309388\/revisions\/309393"}],"wp:featuredmedia":[{"embeddable":true,"href":"https:\/\/notinor.com\/jujuy\/wp-json\/wp\/v2\/media\/309390"}],"wp:attachment":[{"href":"https:\/\/notinor.com\/jujuy\/wp-json\/wp\/v2\/media?parent=309388"}],"wp:term":[{"taxonomy":"category","embeddable":true,"href":"https:\/\/notinor.com\/jujuy\/wp-json\/wp\/v2\/categories?post=309388"},{"taxonomy":"post_tag","embeddable":true,"href":"https:\/\/notinor.com\/jujuy\/wp-json\/wp\/v2\/tags?post=309388"}],"curies":[{"name":"wp","href":"https:\/\/api.w.org\/{rel}","templated":true}]}}