{"id":309387,"date":"2021-09-01T08:36:21","date_gmt":"2021-09-01T11:36:21","guid":{"rendered":"https:\/\/notinor.com\/jujuy\/?p=309387"},"modified":"2021-09-01T08:36:25","modified_gmt":"2021-09-01T11:36:25","slug":"la-comision-de-salud-recepciono-inquietudes-de-upcn","status":"publish","type":"post","link":"https:\/\/notinor.com\/jujuy\/la-comision-de-salud-recepciono-inquietudes-de-upcn\/","title":{"rendered":"La Comisi\u00f3n de Salud recepcion\u00f3 inquietudes de UPCN"},"content":{"rendered":"\n<p>En el Sal\u00f3n Marcos Paz de la Legislatura, la Comisi\u00f3n de Salud recibi\u00f3 a los referentes de UPCN del sector de la salud, para tratar una agenda de inquietudes en la que se incluy\u00f3 la re categorizaci\u00f3n al personal de salud, que se contemple la carrera administrativa, la posibilidad de una suma que reemplace a los bonos que se reciben por parte de Naci\u00f3n y de la Provincia, con motivo de la crisis sanitaria, entre otros temas.<\/p>\n\n\n\n<div class=\"wp-block-image\"><figure class=\"aligncenter size-large is-resized\"><img decoding=\"async\" loading=\"lazy\" src=\"https:\/\/notinor.com\/jujuy\/wp-content\/uploads\/2021\/09\/UPCN-1-719x480.jpeg\" alt=\"\" class=\"wp-image-309391\" width=\"435\" height=\"290\" srcset=\"https:\/\/notinor.com\/jujuy\/wp-content\/uploads\/2021\/09\/UPCN-1-719x480.jpeg 719w, https:\/\/notinor.com\/jujuy\/wp-content\/uploads\/2021\/09\/UPCN-1-547x365.jpeg 547w, https:\/\/notinor.com\/jujuy\/wp-content\/uploads\/2021\/09\/UPCN-1-768x512.jpeg 768w, https:\/\/notinor.com\/jujuy\/wp-content\/uploads\/2021\/09\/UPCN-1-750x500.jpeg 750w, https:\/\/notinor.com\/jujuy\/wp-content\/uploads\/2021\/09\/UPCN-1-1140x761.jpeg 1140w, https:\/\/notinor.com\/jujuy\/wp-content\/uploads\/2021\/09\/UPCN-1.jpeg 1280w\" sizes=\"(max-width: 435px) 100vw, 435px\" \/><\/figure><\/div>\n\n\n\n<p>La Comisi\u00f3n estuvo integrada por los legisladores Lourdes Navarro (presidenta), Mar\u00eda Teresa Ferr\u00edn, Marcelo Nasif y Sebasti\u00e1n Echavarri. En tanto que los dirigentes de UPCN fueron encabezados Miriam Cossio, secretaria Adjunta de UPCN, Javier Alonso, secretario gremial, Miriam Toconas y Silvia Uncini de comisi\u00f3n directiva.<\/p>\n\n\n\n<p>Luego de la reuni\u00f3n, la Dra. Lourdes Navarro se\u00f1al\u00f3 que \"recibimos inquietudes y reclamos que tienen sobre el sector, todas las necesidades que est\u00e1n teniendo\", expres\u00f3 la legisladora y a\u00f1adi\u00f3 la preocupaci\u00f3n que tiene el sector de la salud, expresamente por el bono de naci\u00f3n y de provincia \"la preocupaci\u00f3n del momento en que se corte este bono, con qu\u00e9 ser\u00eda reemplazado esta suma.\"<\/p>\n\n\n\n<p>\"Recibimos las inquietudes, vemos legislativamente como podemos colaborar, y obviamente todos los otros planteamientos, los recepcionamos y lo que podemos gestionar, ya se gestiona\", enfatiz\u00f3 la doctora Navarro.<\/p>\n\n\n\n<p>Agreg\u00f3 que los referentes de UPCN \"est\u00e1n representando a todos los que est\u00e1n en servicios generales de salud, tienen afiliados a 1800 personas a UPCN\".&nbsp; Y especific\u00f3 expresamente el pedido de que se revean situaciones de\" leyes antiguas con respecto a modificaciones en algunas de ellas\".<\/p>\n\n\n\n<p>Anticip\u00f3 que \"nos van hacer llegar las propuestas que tienen y que van viendo en cuanto a las modificaciones que ser\u00edan necesarias en base a los puntos que ellos han planteado, las recibiremos y la comisi\u00f3n la va a estudiar y vamos a ver c\u00f3mo podemos colaborar\", concluy\u00f3.<\/p>\n\n\n\n<div class=\"wp-block-image\"><figure class=\"aligncenter size-large is-resized\"><img decoding=\"async\" loading=\"lazy\" src=\"https:\/\/notinor.com\/jujuy\/wp-content\/uploads\/2021\/09\/UPCN-2-719x480.jpeg\" alt=\"\" class=\"wp-image-309394\" width=\"431\" height=\"287\" srcset=\"https:\/\/notinor.com\/jujuy\/wp-content\/uploads\/2021\/09\/UPCN-2-719x480.jpeg 719w, https:\/\/notinor.com\/jujuy\/wp-content\/uploads\/2021\/09\/UPCN-2-547x365.jpeg 547w, https:\/\/notinor.com\/jujuy\/wp-content\/uploads\/2021\/09\/UPCN-2-768x512.jpeg 768w, https:\/\/notinor.com\/jujuy\/wp-content\/uploads\/2021\/09\/UPCN-2-750x500.jpeg 750w, https:\/\/notinor.com\/jujuy\/wp-content\/uploads\/2021\/09\/UPCN-2-1140x761.jpeg 1140w, https:\/\/notinor.com\/jujuy\/wp-content\/uploads\/2021\/09\/UPCN-2.jpeg 1280w\" sizes=\"(max-width: 431px) 100vw, 431px\" \/><\/figure><\/div>\n","protected":false},"excerpt":{"rendered":"<p>En el Sal\u00f3n Marcos Paz de la Legislatura, la Comisi\u00f3n de Salud recibi\u00f3 a los referentes de UPCN del sector de la salud, para tratar una agenda de inquietudes en la que se incluy\u00f3 la re categorizaci\u00f3n al personal de salud, que se contemple la carrera administrativa, la posibilidad de una suma que reemplace a [&hellip;]<\/p>\n","protected":false},"author":5,"featured_media":309389,"comment_status":"open","ping_status":"open","sticky":false,"template":"","format":"standard","meta":{"_stopmodifiedupdate":false,"_modified_date":"","inline_featured_image":false,"spay_email":"","jetpack_publicize_message":""},"categories":[514],"tags":[],"jetpack_featured_media_url":"https:\/\/notinor.com\/jujuy\/wp-content\/uploads\/2021\/09\/UPCN.jpeg","jetpack_publicize_connections":[],"_links":{"self":[{"href":"https:\/\/notinor.com\/jujuy\/wp-json\/wp\/v2\/posts\/309387"}],"collection":[{"href":"https:\/\/notinor.com\/jujuy\/wp-json\/wp\/v2\/posts"}],"about":[{"href":"https:\/\/notinor.com\/jujuy\/wp-json\/wp\/v2\/types\/post"}],"author":[{"embeddable":true,"href":"https:\/\/notinor.com\/jujuy\/wp-json\/wp\/v2\/users\/5"}],"replies":[{"embeddable":true,"href":"https:\/\/notinor.com\/jujuy\/wp-json\/wp\/v2\/comments?post=309387"}],"version-history":[{"count":1,"href":"https:\/\/notinor.com\/jujuy\/wp-json\/wp\/v2\/posts\/309387\/revisions"}],"predecessor-version":[{"id":309395,"href":"https:\/\/notinor.com\/jujuy\/wp-json\/wp\/v2\/posts\/309387\/revisions\/309395"}],"wp:featuredmedia":[{"embeddable":true,"href":"https:\/\/notinor.com\/jujuy\/wp-json\/wp\/v2\/media\/309389"}],"wp:attachment":[{"href":"https:\/\/notinor.com\/jujuy\/wp-json\/wp\/v2\/media?parent=309387"}],"wp:term":[{"taxonomy":"category","embeddable":true,"href":"https:\/\/notinor.com\/jujuy\/wp-json\/wp\/v2\/categories?post=309387"},{"taxonomy":"post_tag","embeddable":true,"href":"https:\/\/notinor.com\/jujuy\/wp-json\/wp\/v2\/tags?post=309387"}],"curies":[{"name":"wp","href":"https:\/\/api.w.org\/{rel}","templated":true}]}}