{"id":309380,"date":"2021-09-01T08:29:18","date_gmt":"2021-09-01T11:29:18","guid":{"rendered":"https:\/\/notinor.com\/jujuy\/?p=309380"},"modified":"2021-09-01T08:29:20","modified_gmt":"2021-09-01T11:29:20","slug":"2-festival-de-la-frutilla-en-perico","status":"publish","type":"post","link":"https:\/\/notinor.com\/jujuy\/2-festival-de-la-frutilla-en-perico\/","title":{"rendered":"2* Festival de la Frutilla en Perico"},"content":{"rendered":"\n<p>Desde la oficina de Producci\u00f3n del Municipio de Perico, se invita a participar de la segunda edici\u00f3n del Concurso Gastron\u00f3mico de la Frutilla, inscripciones abiertas en la Subsecretar\u00eda de Desarrollo Productivo. <\/p>\n\n\n\n<figure class=\"wp-block-image size-large is-resized\"><img decoding=\"async\" loading=\"lazy\" src=\"https:\/\/notinor.com\/jujuy\/wp-content\/uploads\/2021\/09\/WhatsApp-Image-2021-08-31-at-18.48.56-1.jpeg\" alt=\"\" class=\"wp-image-309382\" width=\"866\" height=\"866\" srcset=\"https:\/\/notinor.com\/jujuy\/wp-content\/uploads\/2021\/09\/WhatsApp-Image-2021-08-31-at-18.48.56-1.jpeg 480w, https:\/\/notinor.com\/jujuy\/wp-content\/uploads\/2021\/09\/WhatsApp-Image-2021-08-31-at-18.48.56-1-365x365.jpeg 365w, https:\/\/notinor.com\/jujuy\/wp-content\/uploads\/2021\/09\/WhatsApp-Image-2021-08-31-at-18.48.56-1-75x75.jpeg 75w\" sizes=\"(max-width: 866px) 100vw, 866px\" \/><\/figure>\n\n\n\n<p>Informes e inscripciones en calle Nicolas Lamas s\/n D\u00edas Lunes a viernes de 08 a 13 horas. Tel\u00e9fono 3885050568.<\/p>\n","protected":false},"excerpt":{"rendered":"<p>Desde la oficina de Producci\u00f3n del Municipio de Perico, se invita a participar de la segunda edici\u00f3n del Concurso Gastron\u00f3mico de la Frutilla, inscripciones abiertas en la Subsecretar\u00eda de Desarrollo Productivo. Informes e inscripciones en calle Nicolas Lamas s\/n D\u00edas Lunes a viernes de 08 a 13 horas. Tel\u00e9fono 3885050568.<\/p>\n","protected":false},"author":40,"featured_media":309382,"comment_status":"open","ping_status":"open","sticky":false,"template":"","format":"standard","meta":{"_stopmodifiedupdate":false,"_modified_date":"","inline_featured_image":false,"spay_email":"","jetpack_publicize_message":""},"categories":[4],"tags":[],"jetpack_featured_media_url":"https:\/\/notinor.com\/jujuy\/wp-content\/uploads\/2021\/09\/WhatsApp-Image-2021-08-31-at-18.48.56-1.jpeg","jetpack_publicize_connections":[],"_links":{"self":[{"href":"https:\/\/notinor.com\/jujuy\/wp-json\/wp\/v2\/posts\/309380"}],"collection":[{"href":"https:\/\/notinor.com\/jujuy\/wp-json\/wp\/v2\/posts"}],"about":[{"href":"https:\/\/notinor.com\/jujuy\/wp-json\/wp\/v2\/types\/post"}],"author":[{"embeddable":true,"href":"https:\/\/notinor.com\/jujuy\/wp-json\/wp\/v2\/users\/40"}],"replies":[{"embeddable":true,"href":"https:\/\/notinor.com\/jujuy\/wp-json\/wp\/v2\/comments?post=309380"}],"version-history":[{"count":1,"href":"https:\/\/notinor.com\/jujuy\/wp-json\/wp\/v2\/posts\/309380\/revisions"}],"predecessor-version":[{"id":309385,"href":"https:\/\/notinor.com\/jujuy\/wp-json\/wp\/v2\/posts\/309380\/revisions\/309385"}],"wp:featuredmedia":[{"embeddable":true,"href":"https:\/\/notinor.com\/jujuy\/wp-json\/wp\/v2\/media\/309382"}],"wp:attachment":[{"href":"https:\/\/notinor.com\/jujuy\/wp-json\/wp\/v2\/media?parent=309380"}],"wp:term":[{"taxonomy":"category","embeddable":true,"href":"https:\/\/notinor.com\/jujuy\/wp-json\/wp\/v2\/categories?post=309380"},{"taxonomy":"post_tag","embeddable":true,"href":"https:\/\/notinor.com\/jujuy\/wp-json\/wp\/v2\/tags?post=309380"}],"curies":[{"name":"wp","href":"https:\/\/api.w.org\/{rel}","templated":true}]}}