{"id":309376,"date":"2021-09-01T08:25:37","date_gmt":"2021-09-01T11:25:37","guid":{"rendered":"https:\/\/notinor.com\/jujuy\/?p=309376"},"modified":"2021-09-01T08:25:42","modified_gmt":"2021-09-01T11:25:42","slug":"eleccion-reina-departamental-en-el-carmen","status":"publish","type":"post","link":"https:\/\/notinor.com\/jujuy\/eleccion-reina-departamental-en-el-carmen\/","title":{"rendered":"Elecci\u00f3n Reina Departamental en El Carmen"},"content":{"rendered":"\n<p>La Municipalidad de El Carmen a trav\u00e9s de la Secretaria de Gobierno, dieron a conocer que la elecci\u00f3n Reina Departamental de los Estudiantes se realizar\u00e1 en la Ciudad de El Carmen, por tal motivo se conformo reuni\u00f3n con el Coe Local para presentar el Protocolo correspondiente, cabe acotar que d\u00edas atr\u00e1s se mantuvo reuni\u00f3n con directivos de diferentes Establecimientos educativos del Departamento quedando c\u00f3mo lugar y escenario para el acontecimiento el Camping Municipal. <\/p>\n\n\n\n<figure class=\"wp-block-image size-large\"><img decoding=\"async\" loading=\"lazy\" width=\"480\" height=\"270\" src=\"https:\/\/notinor.com\/jujuy\/wp-content\/uploads\/2021\/09\/WhatsApp-Image-2021-08-31-at-18.48.23.jpeg\" alt=\"\" class=\"wp-image-309378\"\/><\/figure>\n\n\n\n<p>La misma se realizar\u00e1 el viernes 10 de Septiembre a partir de horas 18 y las Autoridades de escuelas p\u00fablicas y colegios privados aseguraron la participaci\u00f3n de 21 candidatas para esa noche m\u00e1gica estudiantil.<\/p>\n","protected":false},"excerpt":{"rendered":"<p>La Municipalidad de El Carmen a trav\u00e9s de la Secretaria de Gobierno, dieron a conocer que la elecci\u00f3n Reina Departamental de los Estudiantes se realizar\u00e1 en la Ciudad de El Carmen, por tal motivo se conformo reuni\u00f3n con el Coe Local para presentar el Protocolo correspondiente, cabe acotar que d\u00edas atr\u00e1s se mantuvo reuni\u00f3n con [&hellip;]<\/p>\n","protected":false},"author":40,"featured_media":309378,"comment_status":"open","ping_status":"open","sticky":false,"template":"","format":"standard","meta":{"_stopmodifiedupdate":false,"_modified_date":"","inline_featured_image":false,"spay_email":"","jetpack_publicize_message":""},"categories":[4],"tags":[],"jetpack_featured_media_url":"https:\/\/notinor.com\/jujuy\/wp-content\/uploads\/2021\/09\/WhatsApp-Image-2021-08-31-at-18.48.23.jpeg","jetpack_publicize_connections":[],"_links":{"self":[{"href":"https:\/\/notinor.com\/jujuy\/wp-json\/wp\/v2\/posts\/309376"}],"collection":[{"href":"https:\/\/notinor.com\/jujuy\/wp-json\/wp\/v2\/posts"}],"about":[{"href":"https:\/\/notinor.com\/jujuy\/wp-json\/wp\/v2\/types\/post"}],"author":[{"embeddable":true,"href":"https:\/\/notinor.com\/jujuy\/wp-json\/wp\/v2\/users\/40"}],"replies":[{"embeddable":true,"href":"https:\/\/notinor.com\/jujuy\/wp-json\/wp\/v2\/comments?post=309376"}],"version-history":[{"count":1,"href":"https:\/\/notinor.com\/jujuy\/wp-json\/wp\/v2\/posts\/309376\/revisions"}],"predecessor-version":[{"id":309379,"href":"https:\/\/notinor.com\/jujuy\/wp-json\/wp\/v2\/posts\/309376\/revisions\/309379"}],"wp:featuredmedia":[{"embeddable":true,"href":"https:\/\/notinor.com\/jujuy\/wp-json\/wp\/v2\/media\/309378"}],"wp:attachment":[{"href":"https:\/\/notinor.com\/jujuy\/wp-json\/wp\/v2\/media?parent=309376"}],"wp:term":[{"taxonomy":"category","embeddable":true,"href":"https:\/\/notinor.com\/jujuy\/wp-json\/wp\/v2\/categories?post=309376"},{"taxonomy":"post_tag","embeddable":true,"href":"https:\/\/notinor.com\/jujuy\/wp-json\/wp\/v2\/tags?post=309376"}],"curies":[{"name":"wp","href":"https:\/\/api.w.org\/{rel}","templated":true}]}}