{"id":309372,"date":"2021-09-01T08:18:26","date_gmt":"2021-09-01T11:18:26","guid":{"rendered":"https:\/\/notinor.com\/jujuy\/?p=309372"},"modified":"2021-09-01T08:18:30","modified_gmt":"2021-09-01T11:18:30","slug":"sarapura-logramos-superar-la-grieta-en-jujuy-y-por-eso-somos-la-unica-alternativa","status":"publish","type":"post","link":"https:\/\/notinor.com\/jujuy\/sarapura-logramos-superar-la-grieta-en-jujuy-y-por-eso-somos-la-unica-alternativa\/","title":{"rendered":"Sarapura: \u201cLogramos superar la grieta en Jujuy y por eso somos la \u00fanica alternativa\u201d"},"content":{"rendered":"\n<p>Rodeito y El Piquete fueron escenario de actos de presentaci\u00f3n de precandidatos a diputados nacionales por la Lista 502 A del Frente Cambia Jujuy, que integran Gustavo \u201cBacha\u201d Bouhid, Natalia Sarapura y Gaspar Santill\u00e1n.<\/p>\n\n\n\n<figure class=\"is-layout-flex wp-block-gallery-1 wp-block-gallery columns-1 is-cropped\"><ul class=\"blocks-gallery-grid\"><li class=\"blocks-gallery-item\"><figure><img decoding=\"async\" loading=\"lazy\" width=\"830\" height=\"480\" src=\"https:\/\/notinor.com\/jujuy\/wp-content\/uploads\/2021\/09\/WhatsApp-Image-2021-09-01-at-00.24.46-830x480.jpeg\" alt=\"\" data-id=\"309374\" data-full-url=\"https:\/\/notinor.com\/jujuy\/wp-content\/uploads\/2021\/09\/WhatsApp-Image-2021-09-01-at-00.24.46.jpeg\" data-link=\"https:\/\/notinor.com\/jujuy\/?attachment_id=309374\" class=\"wp-image-309374\" srcset=\"https:\/\/notinor.com\/jujuy\/wp-content\/uploads\/2021\/09\/WhatsApp-Image-2021-09-01-at-00.24.46-830x480.jpeg 830w, https:\/\/notinor.com\/jujuy\/wp-content\/uploads\/2021\/09\/WhatsApp-Image-2021-09-01-at-00.24.46-631x365.jpeg 631w, https:\/\/notinor.com\/jujuy\/wp-content\/uploads\/2021\/09\/WhatsApp-Image-2021-09-01-at-00.24.46-768x444.jpeg 768w, https:\/\/notinor.com\/jujuy\/wp-content\/uploads\/2021\/09\/WhatsApp-Image-2021-09-01-at-00.24.46-750x434.jpeg 750w, https:\/\/notinor.com\/jujuy\/wp-content\/uploads\/2021\/09\/WhatsApp-Image-2021-09-01-at-00.24.46-1140x659.jpeg 1140w, https:\/\/notinor.com\/jujuy\/wp-content\/uploads\/2021\/09\/WhatsApp-Image-2021-09-01-at-00.24.46.jpeg 1231w\" sizes=\"(max-width: 830px) 100vw, 830px\" \/><\/figure><\/li><\/ul><\/figure>\n\n\n\n<p><br>En compa\u00f1\u00eda de dirigentes y militantes de corrientes partidarias del Ramal, Sarapura enfatiz\u00f3 que \u201cen Jujuy demostramos que superar la grieta es posible, como tambi\u00e9n lo es un gobierno que verdaderamente responda a las necesidades del pueblo\u201d.<br><\/p>\n\n\n\n<p>En este sentido, continu\u00f3 se\u00f1alando que Cambia Jujuy \u201cuni\u00f3 a diversas fuerzas pol\u00edticas, lo que nos permiti\u00f3 superar la grieta en la provincia, dando prioridad a una clara propuesta de paz, desarrollo, respeto, educaci\u00f3n e igualdad\u201d.<\/p>\n\n\n\n<p><br>En otro orden, destac\u00f3 que \u201cen cada elecci\u00f3n Cambia Jujuy experimenta un crecimiento, en el marco de un proceso que tambi\u00e9n se nutre del trabajo en territorio del equipo de gobierno que conduce Gerardo Morales\u201d y a\u00f1adi\u00f3 que \u201cahora el desaf\u00edo es llevar a los tres candidatos de Cambia Jujuy al Congreso de la Naci\u00f3n, porque somos integrantes del equipo del gobernador Morales, tenemos el compromiso de defender los intereses de la provincia y nos impulsa la vocaci\u00f3n de llevar a todo el pa\u00eds el modelo de transformaci\u00f3n y desarrollo que se consolida en Jujuy\u201d.<\/p>\n\n\n\n<p><br>Sarapura record\u00f3 que \u201cen las elecciones provinciales de junio logramos un triunfo hist\u00f3rico\u201d y subray\u00f3 que \u201cen las PASO hay que ratificar ese pronunciamiento democr\u00e1tico en las urnas para consolidar el proyecto del gobernador Gerardo Morales, el cual deja en evidencia la falta de un plan de parte del gobierno nacional que est\u00e1 castigando a toda la gente\u201d.<\/p>\n\n\n\n<p><br>Por su parte y tras indicar que \u201cCambia Jujuy resume una amplitud de ideas y pensamientos, que es la base para superar la grieta\u201d, Santill\u00e1n ratific\u00f3 la vocaci\u00f3n del peronismo de \u201caportar desde sus ra\u00edces la construcci\u00f3n de una provincia con el futuro que todos merecemos\u201d.<br>\u201cEn la diversidad se puede construir cuando el inter\u00e9s primario es el crecimiento de Jujuy\u201d, asever\u00f3 por \u00faltimo.<\/p>\n\n\n\n<p><\/p>\n","protected":false},"excerpt":{"rendered":"<p>Rodeito y El Piquete fueron escenario de actos de presentaci\u00f3n de precandidatos a diputados nacionales por la Lista 502 A del Frente Cambia Jujuy, que integran Gustavo \u201cBacha\u201d Bouhid, Natalia Sarapura y Gaspar Santill\u00e1n. En compa\u00f1\u00eda de dirigentes y militantes de corrientes partidarias del Ramal, Sarapura enfatiz\u00f3 que \u201cen Jujuy demostramos que superar la grieta [&hellip;]<\/p>\n","protected":false},"author":40,"featured_media":309374,"comment_status":"open","ping_status":"open","sticky":false,"template":"","format":"standard","meta":{"_stopmodifiedupdate":false,"_modified_date":"","inline_featured_image":false,"spay_email":"","jetpack_publicize_message":""},"categories":[501],"tags":[],"jetpack_featured_media_url":"https:\/\/notinor.com\/jujuy\/wp-content\/uploads\/2021\/09\/WhatsApp-Image-2021-09-01-at-00.24.46.jpeg","jetpack_publicize_connections":[],"_links":{"self":[{"href":"https:\/\/notinor.com\/jujuy\/wp-json\/wp\/v2\/posts\/309372"}],"collection":[{"href":"https:\/\/notinor.com\/jujuy\/wp-json\/wp\/v2\/posts"}],"about":[{"href":"https:\/\/notinor.com\/jujuy\/wp-json\/wp\/v2\/types\/post"}],"author":[{"embeddable":true,"href":"https:\/\/notinor.com\/jujuy\/wp-json\/wp\/v2\/users\/40"}],"replies":[{"embeddable":true,"href":"https:\/\/notinor.com\/jujuy\/wp-json\/wp\/v2\/comments?post=309372"}],"version-history":[{"count":1,"href":"https:\/\/notinor.com\/jujuy\/wp-json\/wp\/v2\/posts\/309372\/revisions"}],"predecessor-version":[{"id":309375,"href":"https:\/\/notinor.com\/jujuy\/wp-json\/wp\/v2\/posts\/309372\/revisions\/309375"}],"wp:featuredmedia":[{"embeddable":true,"href":"https:\/\/notinor.com\/jujuy\/wp-json\/wp\/v2\/media\/309374"}],"wp:attachment":[{"href":"https:\/\/notinor.com\/jujuy\/wp-json\/wp\/v2\/media?parent=309372"}],"wp:term":[{"taxonomy":"category","embeddable":true,"href":"https:\/\/notinor.com\/jujuy\/wp-json\/wp\/v2\/categories?post=309372"},{"taxonomy":"post_tag","embeddable":true,"href":"https:\/\/notinor.com\/jujuy\/wp-json\/wp\/v2\/tags?post=309372"}],"curies":[{"name":"wp","href":"https:\/\/api.w.org\/{rel}","templated":true}]}}