{"id":309368,"date":"2021-08-31T08:29:00","date_gmt":"2021-08-31T11:29:00","guid":{"rendered":"https:\/\/notinor.com\/jujuy\/?p=309368"},"modified":"2021-09-01T08:30:11","modified_gmt":"2021-09-01T11:30:11","slug":"la-edicion-no17-de-la-feria-del-libro-y-la-1a-edicion-del-libro-vidas-paralelas-manuel-eduardo-arias-declarados-de-interes-municipal","status":"publish","type":"post","link":"https:\/\/notinor.com\/jujuy\/la-edicion-no17-de-la-feria-del-libro-y-la-1a-edicion-del-libro-vidas-paralelas-manuel-eduardo-arias-declarados-de-interes-municipal\/","title":{"rendered":"La Edici\u00f3n N\u00ba17 de la Feria del Libro y la 1\u00aa Edici\u00f3n del libro \"Vidas Paralelas Manuel Eduardo Arias\", declarados de inter\u00e9s municipal"},"content":{"rendered":"\n<p>En las afueras de la editorial ubicada en el predio de Rectorado de la Universidad Nacional &nbsp;de Jujuy, el Intendente Ra\u00fal Jorge, junto al presidente del Concejo Deliberante, Lisandro Aguiar y el Concejal Jos\u00e9 Rodr\u00edguez B\u00e1rcena, hicieron entrega de la Minuta de Declaraci\u00f3n de Inter\u00e9s Municipal a los organizadores de la Feria del Libro, por su d\u00e9cimo s\u00e9ptima edici\u00f3n. Adem\u00e1s, entregaron el dispositivo legal que declara de Inter\u00e9s Municipal la presentaci\u00f3n de la Primera Edici\u00f3n del Libro: \"Vidas Paralelas Manuel Eduardo Arias\", a su autor, Prof. V\u00edctor Rodolfo Arias.<\/p>\n\n\n\n<figure class=\"wp-block-image size-large\"><img decoding=\"async\" loading=\"lazy\" width=\"800\" height=\"310\" src=\"https:\/\/notinor.com\/jujuy\/wp-content\/uploads\/2021\/09\/Entrega-de-Minuta.jpg\" alt=\"\" class=\"wp-image-309377\" srcset=\"https:\/\/notinor.com\/jujuy\/wp-content\/uploads\/2021\/09\/Entrega-de-Minuta.jpg 800w, https:\/\/notinor.com\/jujuy\/wp-content\/uploads\/2021\/09\/Entrega-de-Minuta-660x256.jpg 660w, https:\/\/notinor.com\/jujuy\/wp-content\/uploads\/2021\/09\/Entrega-de-Minuta-768x298.jpg 768w, https:\/\/notinor.com\/jujuy\/wp-content\/uploads\/2021\/09\/Entrega-de-Minuta-750x291.jpg 750w\" sizes=\"(max-width: 800px) 100vw, 800px\" \/><\/figure>\n\n\n\n<p>En ese marco, el Lisandro Aguiar afirm\u00f3 que \"estamos declarando de inter\u00e9s la Feria del Libro que se est\u00e1 llevando adelante en el Rectorado de la Universidad Nacional de Jujuy, una forma de apoyar la cultura de la ciudad, apoyar la lectura que es tan importante para todos los seres humanos, como forma de transmitir conocimiento y tambi\u00e9n entretenerse\".<\/p>\n\n\n\n<p>En este sentido, agreg\u00f3: \"Agradecer a todos los organizadores, junto al Intendente Municipal Ra\u00fal Jorge hemos entregado una minuta de declaraci\u00f3n por los 17 a\u00f1os, y por supuesto instarlos a seguir a\u00f1o a a\u00f1o, porque es todo un desaf\u00edo de log\u00edstica y conocemos como trabajan para llevar adelante este emprendimiento\".<\/p>\n\n\n\n<p>M\u00e1s adelante, Aguiar destac\u00f3 que \"por otro lado, tambi\u00e9n declaramos de inter\u00e9s lo que es el libro Vidas Paralelas del profesor V\u00edctor Arias. Apoyar este libro resaltando la figura de Arias, sobre todo pensando en que el a\u00f1o que viene se cumple el bicentenario de su muerte y creemos que como juje\u00f1os debemos resaltar su figura, hacerla conocer y difundirla a nivel local y nacional. En ese marco, ya hemos dictado una ordenanza en el Concejo Deliberante que establece varios \u00edtems, entre ellos llevar adelante congresos, jornadas para su difusi\u00f3n. Pero adem\u00e1s hechos que son m\u00e1s emblem\u00e1ticos, como la modificaci\u00f3n del nombre de la avenida de ingreso a la ciudad de San Salvador de Jujuy a partir de Riobamba hasta el Puente Tucum\u00e1n se va a llamar Gral. Manuel Eduardo Arias, la construcci\u00f3n de un monumento a su figura en ese sector y, por supuesto, durante todo el transcurso del 2022 la papeler\u00eda de la municipalidad lleve la frase: ``En el Bicentenario de la muerte de Manuel Eduardo Arias\".<\/p>\n\n\n\n<p>Por su parte, el autor del libro, V\u00edctor Arias, se refiri\u00f3 al objetivo que busca con esta obra, \"que los juje\u00f1os conozcan la figura de Arias, posicionarlo donde se merece, porque la guerra gaucha no es sin\u00f3nimo de G\u00fcemes y sus gauchos, es hablar que G\u00fcemes luch\u00f3 junto a otras figuras muy importante, entre ellos Manuel Eduardo Arias\".<\/p>\n\n\n\n<p>En ese sentido, destac\u00f3 la inquietud por difundir la historia de Manuel Eduardo Arias, \"si bien hubo otros historiadores que escribieron sobre \u00e9l, yo sent\u00eda que hab\u00eda cosas que no estaban dichas todav\u00eda y la respuesta a una acusaci\u00f3n que pes\u00f3 injustamente sobre la figura: &nbsp;&nbsp;Arias era traidor, y nosotros lo convertimos en pregunta \u00bfArias era traidor?, la respuesta es absolutamente negativa. Puesto que las mismas fuentes documentales demuestran la inocencia de Arias\".<\/p>\n\n\n\n<p>Finalmente, Isidoro Cruz, Presidente del Instituto Gral. Manuel Eduardo Arias resalt\u00f3 que es fundamental que el pa\u00eds sepa que existi\u00f3 un pr\u00f3cer, un guerrero gaucho, que ayud\u00f3 a formar la patria, y que a trav\u00e9s de su lucha se consolidara la independencia nacional. Jujuy ha sido teatro de operaciones por la lucha de la independencia y ten\u00eda que tener l\u00edderes que la encabezaran y uno de ellos fue Arias\".<\/p>\n\n\n\n<p>\"Tenemos un gran apoyo de las autoridades municipales de San Salvador, al extremo de que ya se est\u00e1 trabajando en proyectos de imposici\u00f3n de nombre del Gral. Arias y vamos a seguir trabajando\", concluy\u00f3.&nbsp;&nbsp;<\/p>\n\n\n\n<figure class=\"wp-block-image size-large\"><img decoding=\"async\" loading=\"lazy\" width=\"800\" height=\"263\" src=\"https:\/\/notinor.com\/jujuy\/wp-content\/uploads\/2021\/09\/Entrega-de-MInuta-por-Libro1.jpg\" alt=\"\" class=\"wp-image-309383\" srcset=\"https:\/\/notinor.com\/jujuy\/wp-content\/uploads\/2021\/09\/Entrega-de-MInuta-por-Libro1.jpg 800w, https:\/\/notinor.com\/jujuy\/wp-content\/uploads\/2021\/09\/Entrega-de-MInuta-por-Libro1-660x217.jpg 660w, https:\/\/notinor.com\/jujuy\/wp-content\/uploads\/2021\/09\/Entrega-de-MInuta-por-Libro1-768x252.jpg 768w, https:\/\/notinor.com\/jujuy\/wp-content\/uploads\/2021\/09\/Entrega-de-MInuta-por-Libro1-750x247.jpg 750w\" sizes=\"(max-width: 800px) 100vw, 800px\" \/><\/figure>\n","protected":false},"excerpt":{"rendered":"<p>En las afueras de la editorial ubicada en el predio de Rectorado de la Universidad Nacional &nbsp;de Jujuy, el Intendente Ra\u00fal Jorge, junto al presidente del Concejo Deliberante, Lisandro Aguiar y el Concejal Jos\u00e9 Rodr\u00edguez B\u00e1rcena, hicieron entrega de la Minuta de Declaraci\u00f3n de Inter\u00e9s Municipal a los organizadores de la Feria del Libro, por [&hellip;]<\/p>\n","protected":false},"author":5,"featured_media":309373,"comment_status":"open","ping_status":"open","sticky":false,"template":"","format":"standard","meta":{"_stopmodifiedupdate":false,"_modified_date":"","inline_featured_image":false,"spay_email":"","jetpack_publicize_message":""},"categories":[13],"tags":[],"jetpack_featured_media_url":"https:\/\/notinor.com\/jujuy\/wp-content\/uploads\/2021\/09\/Presentaci\u00f3n-Libro.jpg","jetpack_publicize_connections":[],"_links":{"self":[{"href":"https:\/\/notinor.com\/jujuy\/wp-json\/wp\/v2\/posts\/309368"}],"collection":[{"href":"https:\/\/notinor.com\/jujuy\/wp-json\/wp\/v2\/posts"}],"about":[{"href":"https:\/\/notinor.com\/jujuy\/wp-json\/wp\/v2\/types\/post"}],"author":[{"embeddable":true,"href":"https:\/\/notinor.com\/jujuy\/wp-json\/wp\/v2\/users\/5"}],"replies":[{"embeddable":true,"href":"https:\/\/notinor.com\/jujuy\/wp-json\/wp\/v2\/comments?post=309368"}],"version-history":[{"count":2,"href":"https:\/\/notinor.com\/jujuy\/wp-json\/wp\/v2\/posts\/309368\/revisions"}],"predecessor-version":[{"id":309386,"href":"https:\/\/notinor.com\/jujuy\/wp-json\/wp\/v2\/posts\/309368\/revisions\/309386"}],"wp:featuredmedia":[{"embeddable":true,"href":"https:\/\/notinor.com\/jujuy\/wp-json\/wp\/v2\/media\/309373"}],"wp:attachment":[{"href":"https:\/\/notinor.com\/jujuy\/wp-json\/wp\/v2\/media?parent=309368"}],"wp:term":[{"taxonomy":"category","embeddable":true,"href":"https:\/\/notinor.com\/jujuy\/wp-json\/wp\/v2\/categories?post=309368"},{"taxonomy":"post_tag","embeddable":true,"href":"https:\/\/notinor.com\/jujuy\/wp-json\/wp\/v2\/tags?post=309368"}],"curies":[{"name":"wp","href":"https:\/\/api.w.org\/{rel}","templated":true}]}}