{"id":309348,"date":"2021-08-31T11:25:28","date_gmt":"2021-08-31T14:25:28","guid":{"rendered":"https:\/\/notinor.com\/jujuy\/?p=309348"},"modified":"2021-08-31T11:25:32","modified_gmt":"2021-08-31T14:25:32","slug":"messi-y-la-banda-del-psg-llegaron-a-venezuela","status":"publish","type":"post","link":"https:\/\/notinor.com\/jujuy\/messi-y-la-banda-del-psg-llegaron-a-venezuela\/","title":{"rendered":"Messi y la banda del PSG llegaron a Venezuela"},"content":{"rendered":"\n<p>Sonr\u00ede Scaloni: Messi lleg\u00f3 a Venezuela y la selecci\u00f3n argentina cuenta con el plantel completo para las Eliminatorias.<\/p>\n\n\n\n<figure class=\"wp-block-image is-resized\"><img decoding=\"async\" loading=\"lazy\" src=\"https:\/\/www.tiempodesanjuan.com\/u\/fotografias\/m\/2021\/8\/31\/f608x342-673278_703001_91.jpg\" alt=\"Messi y la banda del PSG se sumaron a la Selecci\u00f3n | Tiempo de San Juan\" width=\"1148\" height=\"647\"\/><\/figure>\n\n\n\n<p>La obtenci\u00f3n de la Copa Am\u00e9rica qued\u00f3 ante Brasil atr\u00e1s y la mira de la selecci\u00f3n argentina ya se encuentra depositada en las Eliminatorias Sudamericanas rumbo al Mundial de Qatar 2022. En las \u00faltimas horas Lionel Scaloni recibi\u00f3 una grata noticia, ya que<strong>&nbsp;arribaron a Caracas el capit\u00e1n Lionel Messi y sus compa\u00f1eros en el Paris Saint Germain Leandro Paredes y \u00c1ngel Di Mar\u00eda.<\/strong><\/p>\n\n\n\n<p>De esta manera el combinado&nbsp;<em>Albiceleste<\/em>, a diferencia de lo sucedido con la mayor\u00eda de las selecciones de la regi\u00f3n,&nbsp;cuenta con todo su plantel a disposici\u00f3n para afrontar los pr\u00f3ximos partidos.<\/p>\n\n\n\n<p>El primer compromiso ser\u00e1 el jueves 2 de septiembre ante Venezuela en Caracas, con arbitraje del uruguayo Leodan Gonz\u00e1lez. El domingo 5 volver\u00e1 a verse las caras con Brasil. En esta oportunidad se enfrentar\u00e1n en el Neo Qu\u00edmica (la casa del Corinthians) de la ciudad de San Pablo y el encargado de impartir justicia ser\u00e1 el venezolano Jes\u00fas Valenzuela. Luego cerrar\u00e1 como local el jueves 9 ante Bolivia, en el Monumental, con el peruano Kevin Ortega como juez principal.<img decoding=\"async\" loading=\"lazy\" alt=\"Paredes y Di Mar\u00eda tambi\u00e9n se sumaron a los entrenamientos de la Selecci\u00f3n (@argentina)\" height=\"1920\" width=\"1920\" src=\"https:\/\/www.infobae.com\/new-resizer\/_VMOkyZS1fHt5Ch6PJbqyDFuDZ8=\/420x420\/filters:format(jpg):quality(85)\/cloudfront-us-east-1.images.arcpublishing.com\/infobae\/D3UYKWYRINCLNME4QHVUXNRWFU.jpg%20420w\" srcset=\"https:\/\/www.infobae.com\/new-resizer\/_VMOkyZS1fHt5Ch6PJbqyDFuDZ8=\/420x420\/filters:format(jpg):quality(85)\/cloudfront-us-east-1.images.arcpublishing.com\/infobae\/D3UYKWYRINCLNME4QHVUXNRWFU.jpg 420w,https:\/\/www.infobae.com\/new-resizer\/VSz8Sog4gD9KwtLBvXy9zgRR5rc=\/768x768\/filters:format(jpg):quality(85)\/cloudfront-us-east-1.images.arcpublishing.com\/infobae\/D3UYKWYRINCLNME4QHVUXNRWFU.jpg 768w,https:\/\/www.infobae.com\/new-resizer\/rkQdtZwbOsivfowj-2ycAIwmRi0=\/992x992\/filters:format(jpg):quality(85)\/cloudfront-us-east-1.images.arcpublishing.com\/infobae\/D3UYKWYRINCLNME4QHVUXNRWFU.jpg 992w,https:\/\/www.infobae.com\/new-resizer\/N6jyIiowT-vwU0kvqZyBvbz_9Fk=\/1200x1200\/filters:format(jpg):quality(85)\/cloudfront-us-east-1.images.arcpublishing.com\/infobae\/D3UYKWYRINCLNME4QHVUXNRWFU.jpg 1200w,https:\/\/www.infobae.com\/new-resizer\/cni8bA2MuBpqPhpw3Atqgm1hBsc=\/1440x1440\/filters:format(jpg):quality(85)\/cloudfront-us-east-1.images.arcpublishing.com\/infobae\/D3UYKWYRINCLNME4QHVUXNRWFU.jpg 1440w\">Paredes y Di Mar\u00eda tambi\u00e9n se sumaron a los entrenamientos de la Selecci\u00f3n (@argentina)<\/p>\n\n\n\n<p>Vale destacar que&nbsp;<strong>varios conjuntos tuvieron problemas para conformar sus planteles luego de la iniciativa que tuvo la Premier League<\/strong>, que interpuso una prohibici\u00f3n de viajar a Sudam\u00e9rica a los futbolistas que deb\u00edan afrontar los compromisos de sus selecciones en la triple fecha de las Eliminatorias de la Conmebol. Esto provoc\u00f3 una especie de efecto domin\u00f3 que se propag\u00f3 en la Serie A de Italia, la Liga Nos de Portugal y La Liga de Espa\u00f1a.<\/p>\n\n\n\n<p>No obstante, el TAS rechaz\u00f3 la medida cautelar solicitada por la organizaci\u00f3n de la competici\u00f3n espa\u00f1ola, lo que permiti\u00f3 que todos los jugadores pudieran jugar para sus representativos nacionales. El organismo internacional sostuvo que \u201ces obligatorio la liberaci\u00f3n de ellos por parte de los clubes de todo el mundo\u201d.<img decoding=\"async\" loading=\"lazy\" alt=\"Lionel Messi, capit\u00e1n de la selecci\u00f3n argentina (@argentina)\" height=\"1279\" width=\"1920\" src=\"https:\/\/www.infobae.com\/new-resizer\/uwImDxxWxAOWIapBIH3V91lSAVs=\/420x280\/filters:format(jpg):quality(85)\/cloudfront-us-east-1.images.arcpublishing.com\/infobae\/XVZY3BSVA5EIBOP6QZPS2FZYII.jpg%20420w\" srcset=\"https:\/\/www.infobae.com\/new-resizer\/uwImDxxWxAOWIapBIH3V91lSAVs=\/420x280\/filters:format(jpg):quality(85)\/cloudfront-us-east-1.images.arcpublishing.com\/infobae\/XVZY3BSVA5EIBOP6QZPS2FZYII.jpg 420w,https:\/\/www.infobae.com\/new-resizer\/OFhZwMjuVif8eDkg1HLHnMJk3C4=\/768x512\/filters:format(jpg):quality(85)\/cloudfront-us-east-1.images.arcpublishing.com\/infobae\/XVZY3BSVA5EIBOP6QZPS2FZYII.jpg 768w,https:\/\/www.infobae.com\/new-resizer\/vG33lQMERvn5T5NT2zh-KRZTvrM=\/992x661\/filters:format(jpg):quality(85)\/cloudfront-us-east-1.images.arcpublishing.com\/infobae\/XVZY3BSVA5EIBOP6QZPS2FZYII.jpg 992w,https:\/\/www.infobae.com\/new-resizer\/YgxFLukhwcTVuTMuSmDloGShnrQ=\/1200x800\/filters:format(jpg):quality(85)\/cloudfront-us-east-1.images.arcpublishing.com\/infobae\/XVZY3BSVA5EIBOP6QZPS2FZYII.jpg 1200w,https:\/\/www.infobae.com\/new-resizer\/Kcblo8bDrFf3vO1adGDbm1ZtMOI=\/1440x960\/filters:format(jpg):quality(85)\/cloudfront-us-east-1.images.arcpublishing.com\/infobae\/XVZY3BSVA5EIBOP6QZPS2FZYII.jpg 1440w\">Lionel Messi, capit\u00e1n de la selecci\u00f3n argentina (@argentina)<\/p>\n\n\n\n<p><strong>Durante la tarde de hoy el conjunto nacional afrontar\u00e1 su segunda sesi\u00f3n de entrenamientos en el centro deportivo del club Deportivo La Guaira de Caracas.<\/strong>&nbsp;El entrenador tendr\u00e1 dos bajas confirmadas de cara al choque contra la Vinotinto (tras la renuncia del portugu\u00e9s Jos\u00e9 Peseiro, Leonardo Alberto Gonz\u00e1lez asumi\u00f3 de manera interina). No podr\u00e1 contar con los sancionados Cuti Romero y Leandro Paredes. En sus lugares podr\u00edan ingresar los jugadores del Betis Germ\u00e1n Pezzella y Guido Rodr\u00edguez.<\/p>\n\n\n\n<p>Luego de seis fechas disputadas, la Selecci\u00f3n aparece en la segunda colocaci\u00f3n en la tabla de posiciones con 12 unidades (3 victorias y 3 empates), a 6 de la&nbsp;<em>Verdeamarela<\/em>, l\u00edder con puntaje ideal. Un escal\u00f3n por detr\u00e1s aparecen Ecuador (9), Uruguay (8), Colombia (8) y Paraguay (7).<\/p>\n\n\n\n<p><strong>La lista de Lionel Scaloni para enfrentar a Venezuela, Brasil y Bolivia:<\/strong><\/p>\n\n\n\n<p><strong>Arqueros:&nbsp;<\/strong>Franco Armani (River), Emiliano Mart\u00ednez (Aston Villa), Ger\u00f3nimo Rulli (Villarreal) y Juan Musso (Atalanta).<\/p>\n\n\n\n<p><strong>Defensores:&nbsp;<\/strong>Gonzalo Montiel (Sevilla), Nahuel Molina Lucero (Udinese), Germ\u00e1n Pezzella (Betis), Juan Foyth (Villarreal), Cristian Romero (Tottenham), Nicol\u00e1s Otamendi (Benfica), Lucas Mart\u00ednez Quarta (Fiorentina), Lisandro Mart\u00ednez (Ajax), Marcos Acu\u00f1a (Sevilla) y Nicol\u00e1s Tagliafico (Ajax).<\/p>\n\n\n\n<p><strong>Mediocampistas:&nbsp;<\/strong>Rodrigo De Paul (Atl\u00e9tico Madrid), Exequiel Palacios (Bayern Leverkusen), Leandro Paredes (PSG), Giovani Lo Celso (Tottenham), Guido Rodr\u00edguez (Betis), Nicol\u00e1s Dom\u00ednguez (Bologna) y Alejandro G\u00f3mez (Sevilla).<\/p>\n\n\n\n<p><strong>Delanteros:&nbsp;<\/strong>Lionel Messi (PSG), Lautaro Mart\u00ednez (Inter), Nicol\u00e1s Gonz\u00e1lez (Fiorentina), \u00c1ngel Correa (Atl\u00e9tico Madrid), \u00c1ngel Di Mar\u00eda (PSG), Joaqu\u00edn Correa (Inter), Juli\u00e1n \u00c1lvarez (River), Emiliano Buend\u00eda (Aston Villa) y Paulo Dybala (Juventus).<\/p>\n","protected":false},"excerpt":{"rendered":"<p>Sonr\u00ede Scaloni: Messi lleg\u00f3 a Venezuela y la selecci\u00f3n argentina cuenta con el plantel completo para las Eliminatorias. La obtenci\u00f3n de la Copa Am\u00e9rica qued\u00f3 ante Brasil atr\u00e1s y la mira de la selecci\u00f3n argentina ya se encuentra depositada en las Eliminatorias Sudamericanas rumbo al Mundial de Qatar 2022. En las \u00faltimas horas Lionel Scaloni [&hellip;]<\/p>\n","protected":false},"author":40,"featured_media":309353,"comment_status":"open","ping_status":"open","sticky":false,"template":"","format":"standard","meta":{"_stopmodifiedupdate":false,"_modified_date":"","inline_featured_image":false,"spay_email":"","jetpack_publicize_message":""},"categories":[7],"tags":[],"jetpack_featured_media_url":"https:\/\/notinor.com\/jujuy\/wp-content\/uploads\/2021\/08\/4RqSE-KAF_1256x620__1.jpg","jetpack_publicize_connections":[],"_links":{"self":[{"href":"https:\/\/notinor.com\/jujuy\/wp-json\/wp\/v2\/posts\/309348"}],"collection":[{"href":"https:\/\/notinor.com\/jujuy\/wp-json\/wp\/v2\/posts"}],"about":[{"href":"https:\/\/notinor.com\/jujuy\/wp-json\/wp\/v2\/types\/post"}],"author":[{"embeddable":true,"href":"https:\/\/notinor.com\/jujuy\/wp-json\/wp\/v2\/users\/40"}],"replies":[{"embeddable":true,"href":"https:\/\/notinor.com\/jujuy\/wp-json\/wp\/v2\/comments?post=309348"}],"version-history":[{"count":1,"href":"https:\/\/notinor.com\/jujuy\/wp-json\/wp\/v2\/posts\/309348\/revisions"}],"predecessor-version":[{"id":309354,"href":"https:\/\/notinor.com\/jujuy\/wp-json\/wp\/v2\/posts\/309348\/revisions\/309354"}],"wp:featuredmedia":[{"embeddable":true,"href":"https:\/\/notinor.com\/jujuy\/wp-json\/wp\/v2\/media\/309353"}],"wp:attachment":[{"href":"https:\/\/notinor.com\/jujuy\/wp-json\/wp\/v2\/media?parent=309348"}],"wp:term":[{"taxonomy":"category","embeddable":true,"href":"https:\/\/notinor.com\/jujuy\/wp-json\/wp\/v2\/categories?post=309348"},{"taxonomy":"post_tag","embeddable":true,"href":"https:\/\/notinor.com\/jujuy\/wp-json\/wp\/v2\/tags?post=309348"}],"curies":[{"name":"wp","href":"https:\/\/api.w.org\/{rel}","templated":true}]}}