{"id":309311,"date":"2021-08-31T09:08:09","date_gmt":"2021-08-31T12:08:09","guid":{"rendered":"https:\/\/notinor.com\/jujuy\/?p=309311"},"modified":"2021-08-31T09:08:13","modified_gmt":"2021-08-31T12:08:13","slug":"clases-a-partir-de-manana-habra-presencialidad-plena-en-todo-el-pais","status":"publish","type":"post","link":"https:\/\/notinor.com\/jujuy\/clases-a-partir-de-manana-habra-presencialidad-plena-en-todo-el-pais\/","title":{"rendered":"Clases: A partir de ma\u00f1ana habr\u00e1 presencialidad plena en todo el pa\u00eds"},"content":{"rendered":"\n<p><strong>A partir de ma\u00f1ana,1\u00b0 de septiembre, las escuelas de todo el pa\u00eds podr\u00e1n recuperar la presencialidad plena en las aulas<\/strong>, tras la aprobaci\u00f3n ayer en el marco del Consejo Federal de\u00a0<a href=\"https:\/\/www.ambito.com\/educacion-a5123373\">Educaci\u00f3n<\/a>\u00a0del nuevo protocolo sanitario que, en rigor, se centra en la reducci\u00f3n a 90 cent\u00edmetros del espacio entre los alumnos, uso obligatorio de barbijos, ventilaci\u00f3n y otras medidas de cuidado.<\/p>\n\n\n\n<figure class=\"wp-block-image is-resized\"><img decoding=\"async\" loading=\"lazy\" src=\"https:\/\/static.eldiario.es\/clip\/28d51b3c-8858-478f-946e-4bbf9a5740aa_16-9-discover-aspect-ratio_default_0.jpg\" alt=\"CABA ya tiene las fechas de regreso a clases presenciales - elDiarioAR.com\" width=\"1188\" height=\"668\"\/><\/figure>\n\n\n\n<p>El cambio en los protocolos -que elimina el sistema bimodal de virtualidad y presencialidad actual-, responde al mejoramiento de los indicadores sanitarios, el avance de la vacunaci\u00f3n y el cambio de las condiciones clim\u00e1ticas. Adem\u00e1s tambi\u00e9n de la presi\u00f3n pol\u00edtica y social previa a las PASO del 12 de septiembre.<\/p>\n\n\n\n<p>Tras la reuni\u00f3n que encabez\u00f3 en el Palacio Pizzurno, el ministro de Educaci\u00f3n,&nbsp;<strong>Nicol\u00e1s Trotta,<\/strong>&nbsp;precis\u00f3 que&nbsp;<strong>podr\u00e1 establecerse una distancia m\u00ednima entre alumnos de 50 cent\u00edmetros en aquellas escuelas en las que resulte imposible aplicar el rango de 90 cent\u00edmetros para sostener la asistencia total de los estudiantes.<\/strong><\/p>\n\n\n\n<p>En esos casos de aulas poco espaciosas, las escuelas deber\u00e1n aplicar medidas preventivas adicionales, como los testeos a los estudiantes y el uso de medidores de di\u00f3xido de carbono, entre otras.<\/p>\n\n\n\n<h4><strong>Respaldo<\/strong><\/h4>\n\n\n\n<p>Trotta tambi\u00e9n ratific\u00f3 el \u201ccompromiso\u201d del Gobierno nacional en \u201cacompa\u00f1ar\u201d a las provincias en la \u201cadquisici\u00f3n\u201d de diferentes insumos para poner en marcha la presencialidad, tales como \u201cmedidores de carbono, kit de testeos y barbijos\u201d.<\/p>\n\n\n\n<p>En cuanto a la progresividad del regreso pleno a las aulas, qued\u00f3 establecido que<strong>&nbsp;la decisi\u00f3n quedar\u00e1 en manos de cada provincia.<\/strong>&nbsp;Tras el receso de invierno, la Ciudad de Buenos Aires y Mendoza hab\u00edan dado un paso diferencial al habilitar una mayor presencialidad en los distintos niveles, una decisi\u00f3n que fue duramente cuestionada por el Gobierno nacional.<\/p>\n\n\n\n<p>Al t\u00e9rmino de la reuni\u00f3n del Consejo Federal, los representantes de las \u00e1reas educativas mendocina y porte\u00f1a confirmaron su rechazo a la resoluci\u00f3n firmada por sus pares al considerar que avanza sobre sus autonom\u00edas.<\/p>\n\n\n\n<p>En ese sentido,&nbsp;<strong>Soledad Acu\u00f1a,<\/strong>&nbsp;titular de la cartera de Educaci\u00f3n del gobierno de Horacio Rodr\u00edguez Larreta, enfatiz\u00f3 que&nbsp;<strong>\u201cla educaci\u00f3n no puede estar sujeta a improvisaciones ni suposiciones. Despu\u00e9s de un a\u00f1o y medio de pandemia y con la evidencia de este tiempo, fuimos convocados anoche (por el mi\u00e9rcoles) para debatir hoy la presencialidad plena en todo el pa\u00eds\u201d.<\/strong><\/p>\n\n\n\n<p>Si bien la Ciudad de Buenos Aires y Mendoza fueron las primeras en romper con el esquema de burbujas, luego se sumaron otros distritos como Neuqu\u00e9n, R\u00edo Negro, Salta, Santa Fe y Entre R\u00edos, tambi\u00e9n bajo el argumento de una considerable mejora en las condiciones sanitarias.<\/p>\n\n\n\n<h4><strong>Giro<\/strong><\/h4>\n\n\n\n<p>El propio gobernador bonaerense,&nbsp;<strong>Axel Kicillof,<\/strong>&nbsp;capit\u00e1n de una provincia donde reside la mayor matr\u00edcula de alumnos del pa\u00eds.<strong>&nbsp;acerc\u00f3 esta semana una propuesta al ministro Trotta para el regreso a la escolaridad plena<\/strong>&nbsp;(basada en gran medida en los esquemas actuales de los Estados Unidos) que termin\u00f3 por convertirse en el eje del nuevo protocolo avalado por pediatras y sanitaristas, especialistas en infraestructura y representantes gremiales.<\/p>\n\n\n\n<p>El \u00e9xito de este esperado y necesario regreso pleno a las aulas depender\u00e1, en gran medida, no s\u00f3lo del cumplimiento de las recomendaciones sino de un potencial impacto en el pa\u00eds de la temida variante delta de coronavirus.<\/p>\n\n\n\n<h3><strong>Jujuy continuar\u00e1 con la presencialidad reducida en las escuelas y se mantendr\u00e1n las \u201cburbujas sanitarias\u201d<\/strong><\/h3>\n\n\n\n<p>Luego del anuncio del ministro de Educaci\u00f3n de la Naci\u00f3n, Nicol\u00e1s Trotta sobre la vuelta a la presencialidad total de los alumnos en las escuelas del pa\u00eds a partir del 1ro de septiembre, desde el Ministerio de Educaci\u00f3n de Jujuy informaron que en la provincia se mantendr\u00e1 a\u00fan las burbujas sanitarias, mientras se trabaja en definir la manera en la que se volver\u00e1 a la normalidad.<\/p>\n\n\n\n<p>Por lo pronto, hoy regresaron a la presencialidad el \u00faltimo grupo de docentes de materias especiales, con lo que actualmente la totalidad de los docentes volvi\u00f3 a la presencialidad.<\/p>\n\n\n\n<figure class=\"wp-block-image is-resized\"><img decoding=\"async\" loading=\"lazy\" src=\"https:\/\/www.cronista.com\/files\/image\/113\/113574\/5ff74eb94d986_671_377!.jpg?s=65fd865f36f9b37a0e741aad6f5d6605&amp;d=1619144088\" alt=\"Jujuy adelanta vacaciones y ser\u00e1 la primera provincia en volver con clases  presenciales - El Cronista\" width=\"1165\" height=\"655\"\/><\/figure>\n\n\n\n<p><strong>\u201cAdoptar una posici\u00f3n prudente es lo que nos permiti\u00f3 tener clases desde febrero de este a\u00f1o\u201d<\/strong>, resalt\u00f3 esta ma\u00f1ana la ministra de Educaci\u00f3n, Isolda Calsina, en di\u00e1logo con La Mejor Ma\u00f1ana, por radio LW8.<\/p>\n\n\n\n<p>Explic\u00f3 que a pesar de la normativa del Consejo Federal de Educaci\u00f3n que habilita a tomar medidas que hagan a la presencialidad de los alumnos en las escuelas,&nbsp;<a href=\"https:\/\/www.somosjujuy.com.ar\/jujuy\/jujuy-ahora\/279051-jujuy-continuara-con-la-presencialidad-reducida-en-las-escuelas-y-se-mantendran-las-burbujas-sanitarias\">la provincia continuar\u00e1 las pr\u00f3ximas semanas con las burbujas sanitarias.<\/a><\/p>\n\n\n\n<p>\u201cEstamos buscando la presencialidad plena, pero paso a paso es como da mejores resultados, y as\u00ed lo vamos a hacer en este caso\u201d, indic\u00f3.&nbsp;<strong>\u201cEs muy importante que vuelvan todos a las aulas, pero el tema es c\u00f3mo\u201d<\/strong>, resalt\u00f3.<\/p>\n\n\n\n<p>En este sentido, la ministra explic\u00f3 que \u201cera imprescindible\u201d la vuelta de los docentes \u201cpara reorganizar las escuelas y para que todas las diferentes materias puedan volver a dictarse de manera presencial\u201d.<\/p>\n\n\n\n<p>Asimismo, indic\u00f3 que cuando sea adecuado avanzar con nuevas medidas tendientes a la vuelta total de los alumnos a las aulas, \u201cvamos a informar para que las escuelas y las familias se preparen\u201d, y agreg\u00f3 que \u201cen eso estamos trabajando en estos d\u00edas\u201d.<\/p>\n","protected":false},"excerpt":{"rendered":"<p>A partir de ma\u00f1ana,1\u00b0 de septiembre, las escuelas de todo el pa\u00eds podr\u00e1n recuperar la presencialidad plena en las aulas, tras la aprobaci\u00f3n ayer en el marco del Consejo Federal de\u00a0Educaci\u00f3n\u00a0del nuevo protocolo sanitario que, en rigor, se centra en la reducci\u00f3n a 90 cent\u00edmetros del espacio entre los alumnos, uso obligatorio de barbijos, ventilaci\u00f3n [&hellip;]<\/p>\n","protected":false},"author":40,"featured_media":309312,"comment_status":"open","ping_status":"open","sticky":false,"template":"","format":"standard","meta":{"_stopmodifiedupdate":false,"_modified_date":"","inline_featured_image":false,"spay_email":"","jetpack_publicize_message":""},"categories":[2],"tags":[],"jetpack_featured_media_url":"https:\/\/notinor.com\/jujuy\/wp-content\/uploads\/2021\/08\/28d51b3c-8858-478f-946e-4bbf9a5740aa_16-9-discover-aspect-ratio_default_0.jpg","jetpack_publicize_connections":[],"_links":{"self":[{"href":"https:\/\/notinor.com\/jujuy\/wp-json\/wp\/v2\/posts\/309311"}],"collection":[{"href":"https:\/\/notinor.com\/jujuy\/wp-json\/wp\/v2\/posts"}],"about":[{"href":"https:\/\/notinor.com\/jujuy\/wp-json\/wp\/v2\/types\/post"}],"author":[{"embeddable":true,"href":"https:\/\/notinor.com\/jujuy\/wp-json\/wp\/v2\/users\/40"}],"replies":[{"embeddable":true,"href":"https:\/\/notinor.com\/jujuy\/wp-json\/wp\/v2\/comments?post=309311"}],"version-history":[{"count":1,"href":"https:\/\/notinor.com\/jujuy\/wp-json\/wp\/v2\/posts\/309311\/revisions"}],"predecessor-version":[{"id":309313,"href":"https:\/\/notinor.com\/jujuy\/wp-json\/wp\/v2\/posts\/309311\/revisions\/309313"}],"wp:featuredmedia":[{"embeddable":true,"href":"https:\/\/notinor.com\/jujuy\/wp-json\/wp\/v2\/media\/309312"}],"wp:attachment":[{"href":"https:\/\/notinor.com\/jujuy\/wp-json\/wp\/v2\/media?parent=309311"}],"wp:term":[{"taxonomy":"category","embeddable":true,"href":"https:\/\/notinor.com\/jujuy\/wp-json\/wp\/v2\/categories?post=309311"},{"taxonomy":"post_tag","embeddable":true,"href":"https:\/\/notinor.com\/jujuy\/wp-json\/wp\/v2\/tags?post=309311"}],"curies":[{"name":"wp","href":"https:\/\/api.w.org\/{rel}","templated":true}]}}