{"id":309306,"date":"2021-08-31T08:51:46","date_gmt":"2021-08-31T11:51:46","guid":{"rendered":"https:\/\/notinor.com\/jujuy\/?p=309306"},"modified":"2021-08-31T09:08:50","modified_gmt":"2021-08-31T12:08:50","slug":"vuelta-a-las-clases-presenciales-en-las-escuelas-que-recomiendan-la-oms-y-unicef","status":"publish","type":"post","link":"https:\/\/notinor.com\/jujuy\/vuelta-a-las-clases-presenciales-en-las-escuelas-que-recomiendan-la-oms-y-unicef\/","title":{"rendered":"Vuelta a las clases presenciales en las escuelas: qu\u00e9 recomiendan la OMS y Unicef"},"content":{"rendered":"\n<p>Los organismos internacionales emitieron una declaraci\u00f3n conjunta. Piden tomar precauciones para minimizar la transmisi\u00f3n del coronavirus y la importancia de sostener la apertura de manera segura.<\/p>\n\n\n\n<figure class=\"wp-block-image is-resized\"><img decoding=\"async\" loading=\"lazy\" src=\"https:\/\/www.rionegro.com.ar\/wp-content\/uploads\/2021\/07\/Roca-Retorno-a-clases-Juan-Thomes-4.jpg?w=920&amp;h=517&amp;resize=920,517\" alt=\"En todos los niveles volvieron a las aulas en R\u00edo Negro. Foto Juan Thomes. \" width=\"1149\" height=\"647\"\/><\/figure>\n\n\n\n<p>La Organizaci\u00f3n Mundial de la Salud (OMS) y el Fondo de las Naciones Unidas para la Infancia (Unicef) instaron hoy a tomar precauciones para\u00a0<strong>minimizar la transmisi\u00f3n del coronavirus de cara al retorno de millones de ni\u00f1os a las aulas<\/strong>. Aunque la declaraci\u00f3n conjunta emitida hoy pone el foco particular en Europa y Asia se pueden extraer recomendaciones generales a tener en cuenta.<\/p>\n\n\n\n<p>Las oficinas regionales de estas agencias especializadas de la ONU recomiendan entre otras medidas incluir a&nbsp;<strong>los maestros y otro personal escolar como grupo objetivo en los planes nacionales de vacunaci\u00f3n contra el coronavirus<\/strong>,&nbsp;<strong>junto con los ni\u00f1os a partir de 12 a\u00f1os con afecciones m\u00e9dicas<\/strong>&nbsp;subyacentes que los exponen a un mayor riesgo de infecci\u00f3n.<\/p>\n\n\n\n<p>Adem\u00e1s,&nbsp;<strong>proponen realizar mejoras del ambiente escolar<\/strong>&nbsp;con mejor ventilaci\u00f3n de las aulas, reducci\u00f3n de la capacidad de alumnos en aulas en lo posible, el distanciamiento f\u00edsico y las pruebas regulares del coronavirus para los alumnos y al personal.<\/p>\n\n\n\n<p>\u201cPasar\u00e1 alg\u00fan tiempo antes de que podamos dejar atr\u00e1s la pandemia,<strong>&nbsp;pero educar a los ni\u00f1os de manera segura en un entorno escolar f\u00edsico debe seguir siendo nuestro objetivo principal<\/strong>, para que no les robemos las oportunidades que se merecen\", destac\u00f3 el director regional de la OMS para Europa, Hans Kluge, inform\u00f3 la agencia de noticias Sputnik.<\/p>\n\n\n\n<p><strong>\"Alentamos a todos los pa\u00edses a mantener las escuelas abiertas e instamos a todas las escuelas a implementar medidas para minimizar el riesgo de Covid-19 y la propagaci\u00f3n de diferentes variantes\"<\/strong>, agreg\u00f3 Kluge.<\/p>\n\n\n\n<p>El director regional adjunto de Unicef para Europa y Asia Central, Philippe Cori, se\u00f1al\u00f3 por su parte que\u00a0<strong>\"los ni\u00f1os y los j\u00f3venes no pueden correr el riesgo de tener otro a\u00f1o de aprendizaje interrumpido\".<\/strong><\/p>\n\n\n\n<p>\"La&nbsp;<strong>vacunaci\u00f3n y las medidas de protecci\u00f3n ayudar\u00e1n juntas a prevenir la vuelta a los d\u00edas m\u00e1s oscuros de la pandemia<\/strong>, cuando las personas ten\u00edan que soportar el encierro y los ni\u00f1os ten\u00edan que experimentar interrupciones en el aprendizaje\", indic\u00f3.<\/p>\n\n\n\n<p>Cuando las escuelas est\u00e1n cerradas, seg\u00fan Cori,&nbsp;<strong>los ni\u00f1os no solo pierden la oportunidad de aprender y compartir con amigos<\/strong>, sino que tambi\u00e9n pueden quedar expuestos a la violencia dom\u00e9stica.<\/p>\n\n\n\n<p><strong>\"La pandemia agrav\u00f3 una situaci\u00f3n ya inaceptable. Debemos asegurarnos de que las escuelas vuelvan a abrir y permanezcan abiertas de forma segura\"<\/strong>, subray\u00f3.<\/p>\n\n\n\n<p>Desde la semana pasada en la regi\u00f3n, las escuelas afrontan el desaf\u00edo de la vuelta a la presencialidad total, por niveles y modalidades y en medio del descenso sostenido de casos de coronavirus.<\/p>\n\n\n\n<p>En R\u00edo Negro, regres\u00f3 la presencialidad plena en el nivel inicial y escuelas especiales el lunes pasado, sin mayores inconvenientes. Hoy es el turno de las escuelas primarias y adultos, con m\u00e1s<strong>&nbsp;91.000 alumnos y alumnas<\/strong>&nbsp;que compartir\u00e1n el mismo espacio.<\/p>\n\n\n\n<p>Neuqu\u00e9n comenz\u00f3 el viernes pasado un cronograma de\u00a0<strong>regreso a la presencialidad plena<\/strong>\u00a0en las aulas para todos los niveles y modalidades. Fuentes del Ministerio de Educaci\u00f3n ratificaron a este medio que las fechas indicadas en la resoluci\u00f3n que present\u00f3 el Ejecutivo y que se aprob\u00f3 por mayor\u00eda en el cuerpo colegiado del Consejo Provincial de Educaci\u00f3n (CPE), siguen vigentes.<\/p>\n\n\n\n<h3>Jujuy continuar\u00e1 con la presencialidad reducida en las escuelas y se mantendr\u00e1n las \u201cburbujas sanitarias\u201d<\/h3>\n\n\n\n<p>Luego del anuncio del ministro de Educaci\u00f3n de la Naci\u00f3n, Nicol\u00e1s Trotta sobre la vuelta a la presencialidad total de los alumnos en las escuelas del pa\u00eds a partir del 1ro de septiembre, desde el Ministerio de Educaci\u00f3n de Jujuy informaron que en\u00a0<a href=\"https:\/\/www.somosjujuy.com.ar\/jujuy\/jujuy-ahora\/279051-jujuy-continuara-con-la-presencialidad-reducida-en-las-escuelas-y-se-mantendran-las-burbujas-sanitarias\">la provincia se mantendr\u00e1 a\u00fan las burbujas sanitarias<\/a>, mientras se trabaja en definir la manera en la que se volver\u00e1 a la normalidad.<\/p>\n\n\n\n<p>Por lo pronto, hoy regresaron a la presencialidad el \u00faltimo grupo de docentes de materias especiales, con lo que actualmente la totalidad de los docentes volvi\u00f3 a la presencialidad.<\/p>\n\n\n\n<figure class=\"wp-block-image is-resized\"><img decoding=\"async\" loading=\"lazy\" src=\"https:\/\/www.cronista.com\/files\/image\/113\/113574\/5ff74eb94d986_671_377!.jpg?s=65fd865f36f9b37a0e741aad6f5d6605&amp;d=1619144088\" alt=\"Jujuy adelanta vacaciones y ser\u00e1 la primera provincia en volver con clases  presenciales - El Cronista\" width=\"1149\" height=\"647\"\/><\/figure>\n\n\n\n<p><strong>\u201cAdoptar una posici\u00f3n prudente es lo que nos permiti\u00f3 tener clases desde febrero de este a\u00f1o\u201d<\/strong>, resalt\u00f3 esta ma\u00f1ana la ministra de Educaci\u00f3n, Isolda Calsina, en di\u00e1logo con La Mejor Ma\u00f1ana, por radio LW8.<\/p>\n\n\n\n<p>Explic\u00f3 que a pesar de la normativa del Consejo Federal de Educaci\u00f3n que habilita a tomar medidas que hagan a la presencialidad de los alumnos en las escuelas,&nbsp;<a href=\"https:\/\/www.somosjujuy.com.ar\/jujuy\/jujuy-ahora\/279051-jujuy-continuara-con-la-presencialidad-reducida-en-las-escuelas-y-se-mantendran-las-burbujas-sanitarias\">la provincia continuar\u00e1 las pr\u00f3ximas semanas con las burbujas sanitarias.<\/a><\/p>\n\n\n\n<p>\u201cEstamos buscando la presencialidad plena, pero paso a paso es como da mejores resultados, y as\u00ed lo vamos a hacer en este caso\u201d, indic\u00f3.&nbsp;<strong>\u201cEs muy importante que vuelvan todos a las aulas, pero el tema es c\u00f3mo\u201d<\/strong>, resalt\u00f3.<\/p>\n\n\n\n<p>En este sentido, la ministra explic\u00f3 que \u201cera imprescindible\u201d la vuelta de los docentes \u201cpara reorganizar las escuelas y para que todas las diferentes materias puedan volver a dictarse de manera presencial\u201d.<\/p>\n\n\n\n<p>Asimismo, indic\u00f3 que cuando sea adecuado avanzar con nuevas medidas tendientes a la vuelta total de los alumnos a las aulas, \u201cvamos a informar para que las escuelas y las familias se preparen\u201d, y agreg\u00f3 que \u201cen eso estamos trabajando en estos d\u00edas\u201d.<\/p>\n","protected":false},"excerpt":{"rendered":"<p>Los organismos internacionales emitieron una declaraci\u00f3n conjunta. Piden tomar precauciones para minimizar la transmisi\u00f3n del coronavirus y la importancia de sostener la apertura de manera segura. La Organizaci\u00f3n Mundial de la Salud (OMS) y el Fondo de las Naciones Unidas para la Infancia (Unicef) instaron hoy a tomar precauciones para\u00a0minimizar la transmisi\u00f3n del coronavirus de [&hellip;]<\/p>\n","protected":false},"author":40,"featured_media":309307,"comment_status":"open","ping_status":"open","sticky":false,"template":"","format":"standard","meta":{"_stopmodifiedupdate":false,"_modified_date":"","inline_featured_image":false,"spay_email":"","jetpack_publicize_message":""},"categories":[6],"tags":[],"jetpack_featured_media_url":"https:\/\/notinor.com\/jujuy\/wp-content\/uploads\/2021\/08\/Roca-Retorno-a-clases-Juan-Thomes-4.jpg","jetpack_publicize_connections":[],"_links":{"self":[{"href":"https:\/\/notinor.com\/jujuy\/wp-json\/wp\/v2\/posts\/309306"}],"collection":[{"href":"https:\/\/notinor.com\/jujuy\/wp-json\/wp\/v2\/posts"}],"about":[{"href":"https:\/\/notinor.com\/jujuy\/wp-json\/wp\/v2\/types\/post"}],"author":[{"embeddable":true,"href":"https:\/\/notinor.com\/jujuy\/wp-json\/wp\/v2\/users\/40"}],"replies":[{"embeddable":true,"href":"https:\/\/notinor.com\/jujuy\/wp-json\/wp\/v2\/comments?post=309306"}],"version-history":[{"count":1,"href":"https:\/\/notinor.com\/jujuy\/wp-json\/wp\/v2\/posts\/309306\/revisions"}],"predecessor-version":[{"id":309310,"href":"https:\/\/notinor.com\/jujuy\/wp-json\/wp\/v2\/posts\/309306\/revisions\/309310"}],"wp:featuredmedia":[{"embeddable":true,"href":"https:\/\/notinor.com\/jujuy\/wp-json\/wp\/v2\/media\/309307"}],"wp:attachment":[{"href":"https:\/\/notinor.com\/jujuy\/wp-json\/wp\/v2\/media?parent=309306"}],"wp:term":[{"taxonomy":"category","embeddable":true,"href":"https:\/\/notinor.com\/jujuy\/wp-json\/wp\/v2\/categories?post=309306"},{"taxonomy":"post_tag","embeddable":true,"href":"https:\/\/notinor.com\/jujuy\/wp-json\/wp\/v2\/tags?post=309306"}],"curies":[{"name":"wp","href":"https:\/\/api.w.org\/{rel}","templated":true}]}}