{"id":309305,"date":"2021-08-31T08:51:44","date_gmt":"2021-08-31T11:51:44","guid":{"rendered":"https:\/\/notinor.com\/jujuy\/?p=309305"},"modified":"2021-08-31T08:51:49","modified_gmt":"2021-08-31T11:51:49","slug":"7-anos-de-prision-por-abuso-sexual","status":"publish","type":"post","link":"https:\/\/notinor.com\/jujuy\/7-anos-de-prision-por-abuso-sexual\/","title":{"rendered":"7 a\u00f1os de prisi\u00f3n por abuso sexual"},"content":{"rendered":"\n<p>El pasado 27 de agosto, el Tribunal en lo Criminal N\u00ba 3 conden\u00f3 a un hombre, E.S.T., a la pena de 7 a\u00f1os y 6 meses de prisi\u00f3n de cumplimiento efectivo, por ser autor penalmente responsable del delito de \u201cAbuso sexual con acceso carnal\u201d.<\/p>\n\n\n\n<figure class=\"is-layout-flex wp-block-gallery-1 wp-block-gallery columns-1 is-cropped\"><ul class=\"blocks-gallery-grid\"><li class=\"blocks-gallery-item\"><figure><img decoding=\"async\" loading=\"lazy\" width=\"723\" height=\"480\" src=\"https:\/\/notinor.com\/jujuy\/wp-content\/uploads\/2021\/08\/preso-723x480.jpg\" alt=\"\" data-id=\"309308\" data-full-url=\"https:\/\/notinor.com\/jujuy\/wp-content\/uploads\/2021\/08\/preso.jpg\" data-link=\"https:\/\/notinor.com\/jujuy\/?attachment_id=309308\" class=\"wp-image-309308\" srcset=\"https:\/\/notinor.com\/jujuy\/wp-content\/uploads\/2021\/08\/preso-723x480.jpg 723w, https:\/\/notinor.com\/jujuy\/wp-content\/uploads\/2021\/08\/preso-550x365.jpg 550w, https:\/\/notinor.com\/jujuy\/wp-content\/uploads\/2021\/08\/preso-768x510.jpg 768w, https:\/\/notinor.com\/jujuy\/wp-content\/uploads\/2021\/08\/preso-750x498.jpg 750w, https:\/\/notinor.com\/jujuy\/wp-content\/uploads\/2021\/08\/preso.jpg 1024w\" sizes=\"(max-width: 723px) 100vw, 723px\" \/><\/figure><\/li><\/ul><\/figure>\n\n\n\n<p>En tanto lo absolvi\u00f3 del delito de \u201cPrivaci\u00f3n ileg\u00edtima de la libertad\u201d, por el cual el hombre tambi\u00e9n fue enjuiciado. \u00a0Asimismo, el Tribunal orden\u00f3 que firme que sea la sentencia, se obtenga el perfil gen\u00e9tico del condenado a los efectos de su incorporaci\u00f3n al Registro Nacional de Datos Gen\u00e9ticos vinculados a Delitos contra la Integridad Sexual.<\/p>\n\n\n\n<p><strong>La acusaci\u00f3n.<\/strong><\/p>\n\n\n\n<p>De acuerdo con la requisitoria fiscal de elevaci\u00f3n a juicio de la causa, <strong>en los primeros d\u00edas del mes de febrero de 2020<\/strong>, sin poder precisar fecha, alrededor de la media noche, <strong>el acusado habr\u00eda obligado a su pareja a subir a un auto, traslad\u00e1ndola a un descampado ubicado al costado del r\u00edo Perico<\/strong>, para detener el veh\u00edculo y sacar un arma blanca con el fin de intimidar a la mujer.<\/p>\n\n\n\n<p>Seguidamente, <strong>golpe\u00f3 con la mano a la v\u00edctima, la bajo del auto y violentamente le rompi\u00f3 la ropa, para luego abusar sexualmente de ella<\/strong>, mientras la filmaba con su celular. Posteriormente, subi\u00f3 a la mujer al veh\u00edculo y la llev\u00f3 contra su voluntad al domicilio de su ex pareja para obligarla a bailar semi desnuda en la v\u00eda p\u00fablica.<\/p>\n\n\n\n<p>Finalmente, el <strong>condenado condujo a la mujer hasta la vivienda familiar y le prohibi\u00f3 que saliera de ah\u00ed,<\/strong> tratando de evitar que la v\u00edctima pidiera ayuda y que sus vecinos observaran sus lesiones.<\/p>\n\n\n\n<p>El Tribunal estuvo integrado por la jueza Mar\u00eda Margarita Nallar \u2013 presidenta de tr\u00e1mite-, y el juez Mario Ram\u00f3n Puig, \u00a0haciendo uso de las facultades previstas en Acordada N\u00ba 71\/08. En tanto, como secretario se desempe\u00f1\u00f3 el Dr. Rodrigo Burgos. El Fiscal, representante del Ministerio P\u00fablico de la Acusaci\u00f3n, fue el Dr. Alejandro Maldonado, qui\u00e9n solicit\u00f3 para el acusado la pena de 17 a\u00f1os de prisi\u00f3n.<\/p>\n\n\n\n<p>Como querellante particular se desempe\u00f1\u00f3 el Dr. Cristian Molina, perteneciente al Consejo Provincial de la Mujer e Igualdad de G\u00e9nero, \u00a0qui\u00e9n pidi\u00f3 para el condenado la pena de 20 a\u00f1os de prisi\u00f3n o en subsidio 15 a\u00f1os. La defensa t\u00e9cnica del acusado fue ejercida por el Defensor P\u00fablico Penal, Dr. Pablo Lozano, qui\u00e9n solicit\u00f3 para su defendido la absoluci\u00f3n lisa y llana o en subsidio por el beneficio de la duda.<\/p>\n\n\n\n<p>Los fundamentos de la sentencia se dar\u00e1n a conocer dentro de los plazos legales establecidos en el C\u00f3digo Procesal Penal de la Provincia, fecha a partir de la cu\u00e1l las partes podr\u00e1n solicitar su revisi\u00f3n ante una instancia superior.<\/p>\n","protected":false},"excerpt":{"rendered":"<p>El pasado 27 de agosto, el Tribunal en lo Criminal N\u00ba 3 conden\u00f3 a un hombre, E.S.T., a la pena de 7 a\u00f1os y 6 meses de prisi\u00f3n de cumplimiento efectivo, por ser autor penalmente responsable del delito de \u201cAbuso sexual con acceso carnal\u201d. En tanto lo absolvi\u00f3 del delito de \u201cPrivaci\u00f3n ileg\u00edtima de la [&hellip;]<\/p>\n","protected":false},"author":1,"featured_media":309308,"comment_status":"open","ping_status":"open","sticky":false,"template":"","format":"standard","meta":{"_stopmodifiedupdate":false,"_modified_date":"","inline_featured_image":false,"spay_email":"","jetpack_publicize_message":""},"categories":[3],"tags":[],"jetpack_featured_media_url":"https:\/\/notinor.com\/jujuy\/wp-content\/uploads\/2021\/08\/preso.jpg","jetpack_publicize_connections":[],"_links":{"self":[{"href":"https:\/\/notinor.com\/jujuy\/wp-json\/wp\/v2\/posts\/309305"}],"collection":[{"href":"https:\/\/notinor.com\/jujuy\/wp-json\/wp\/v2\/posts"}],"about":[{"href":"https:\/\/notinor.com\/jujuy\/wp-json\/wp\/v2\/types\/post"}],"author":[{"embeddable":true,"href":"https:\/\/notinor.com\/jujuy\/wp-json\/wp\/v2\/users\/1"}],"replies":[{"embeddable":true,"href":"https:\/\/notinor.com\/jujuy\/wp-json\/wp\/v2\/comments?post=309305"}],"version-history":[{"count":1,"href":"https:\/\/notinor.com\/jujuy\/wp-json\/wp\/v2\/posts\/309305\/revisions"}],"predecessor-version":[{"id":309309,"href":"https:\/\/notinor.com\/jujuy\/wp-json\/wp\/v2\/posts\/309305\/revisions\/309309"}],"wp:featuredmedia":[{"embeddable":true,"href":"https:\/\/notinor.com\/jujuy\/wp-json\/wp\/v2\/media\/309308"}],"wp:attachment":[{"href":"https:\/\/notinor.com\/jujuy\/wp-json\/wp\/v2\/media?parent=309305"}],"wp:term":[{"taxonomy":"category","embeddable":true,"href":"https:\/\/notinor.com\/jujuy\/wp-json\/wp\/v2\/categories?post=309305"},{"taxonomy":"post_tag","embeddable":true,"href":"https:\/\/notinor.com\/jujuy\/wp-json\/wp\/v2\/tags?post=309305"}],"curies":[{"name":"wp","href":"https:\/\/api.w.org\/{rel}","templated":true}]}}