{"id":309300,"date":"2021-08-31T08:43:42","date_gmt":"2021-08-31T11:43:42","guid":{"rendered":"https:\/\/notinor.com\/jujuy\/?p=309300"},"modified":"2021-08-31T08:43:53","modified_gmt":"2021-08-31T11:43:53","slug":"destacan-la-descentralizacion-de-la-justicia-en-jujuy","status":"publish","type":"post","link":"https:\/\/notinor.com\/jujuy\/destacan-la-descentralizacion-de-la-justicia-en-jujuy\/","title":{"rendered":"Destacan la descentralizaci\u00f3n de la justicia en Jujuy"},"content":{"rendered":"\n<p>Desde la Secretaria de Justicia del Gobierno de Jujuy, remarcan el proceso de transformaci\u00f3n y descentralizaci\u00f3n del servicio de justica que se lleva adelante en la provincia.<\/p>\n\n\n\n<figure class=\"is-layout-flex wp-block-gallery-1 wp-block-gallery columns-1 is-cropped\"><ul class=\"blocks-gallery-grid\"><li class=\"blocks-gallery-item\"><figure><img decoding=\"async\" loading=\"lazy\" width=\"682\" height=\"480\" src=\"https:\/\/notinor.com\/jujuy\/wp-content\/uploads\/2021\/08\/daniel-suarez-682x480.jpeg\" alt=\"\" data-id=\"309301\" data-full-url=\"https:\/\/notinor.com\/jujuy\/wp-content\/uploads\/2021\/08\/daniel-suarez.jpeg\" data-link=\"https:\/\/notinor.com\/jujuy\/?attachment_id=309301\" class=\"wp-image-309301\" srcset=\"https:\/\/notinor.com\/jujuy\/wp-content\/uploads\/2021\/08\/daniel-suarez-682x480.jpeg 682w, https:\/\/notinor.com\/jujuy\/wp-content\/uploads\/2021\/08\/daniel-suarez-519x365.jpeg 519w, https:\/\/notinor.com\/jujuy\/wp-content\/uploads\/2021\/08\/daniel-suarez-768x541.jpeg 768w, https:\/\/notinor.com\/jujuy\/wp-content\/uploads\/2021\/08\/daniel-suarez-750x528.jpeg 750w, https:\/\/notinor.com\/jujuy\/wp-content\/uploads\/2021\/08\/daniel-suarez-1140x802.jpeg 1140w, https:\/\/notinor.com\/jujuy\/wp-content\/uploads\/2021\/08\/daniel-suarez.jpeg 1280w\" sizes=\"(max-width: 682px) 100vw, 682px\" \/><\/figure><\/li><\/ul><\/figure>\n\n\n\n<p><strong>Daniel Su\u00e1rez<\/strong>, <strong>secretario de Justicia de Jujuy<\/strong> afirm\u00f3 que es positiva la tarea del \u00e1rea ya que en primer lugar son parte de los tribunales que eval\u00faan la postulaci\u00f3n para el cargo de jueces y funcionarios judiciales. \u201cEste proceso de <strong>transformaci\u00f3n y de descentralizaci\u00f3n<\/strong> que ha empezado el Gobierno de Jujuy con apertura de nuevos centros judiciales, elecci\u00f3n de jueces llegue a toda la comunidad a trav\u00e9s e un servicio de justicia m\u00e1s eficaz\u201d.<\/p>\n\n\n\n<p>En este sentido recalc\u00f3 la tarea de integrar el comit\u00e9 evaluador para la designaci\u00f3n de magistrados y que esta presencia institucional es prioritaria. \u201c<strong>Formamos parte de las actividades que lleva adelante el Ministerio de Gobierno en todas sus facetas<\/strong> y contamos con distintos centros de mediaci\u00f3n en el interior de la provincia para acompa\u00f1ar a la resoluci\u00f3n de este tipo de reclamos\u201d.<\/p>\n\n\n\n<p>Por otra parte, indic\u00f3 que <strong>por ley ya est\u00e1 aprobada la descentralizaci\u00f3n de la justicia en toda la provincia ya que a los centros judiciales de capital y San Pedro se han sumado el de Libertador y pr\u00f3ximamente se inaugura en Perico.<\/strong> \u201cDespu\u00e9s tenemos prevista la inauguraci\u00f3n de sedes en la quebrada y en la puna con sedes multifueros que va a acercar la justicia a toda la comunidad\u201d.<\/p>\n\n\n\n<p>Para finalizar y en relaci\u00f3n a los distintos reclamos observados por familiares de v\u00edctimas de femicidio, Su\u00e1rez se\u00f1al\u00f3 que la justicia debe arribar a las conclusiones y cumplir la ley ya que estos temas deben ser esclarecidos.<\/p>\n","protected":false},"excerpt":{"rendered":"<p>Desde la Secretaria de Justicia del Gobierno de Jujuy, remarcan el proceso de transformaci\u00f3n y descentralizaci\u00f3n del servicio de justica que se lleva adelante en la provincia. Daniel Su\u00e1rez, secretario de Justicia de Jujuy afirm\u00f3 que es positiva la tarea del \u00e1rea ya que en primer lugar son parte de los tribunales que eval\u00faan la [&hellip;]<\/p>\n","protected":false},"author":1,"featured_media":309301,"comment_status":"open","ping_status":"open","sticky":false,"template":"","format":"standard","meta":{"_stopmodifiedupdate":false,"_modified_date":"","inline_featured_image":false,"spay_email":"","jetpack_publicize_message":""},"categories":[2],"tags":[],"jetpack_featured_media_url":"https:\/\/notinor.com\/jujuy\/wp-content\/uploads\/2021\/08\/daniel-suarez.jpeg","jetpack_publicize_connections":[],"_links":{"self":[{"href":"https:\/\/notinor.com\/jujuy\/wp-json\/wp\/v2\/posts\/309300"}],"collection":[{"href":"https:\/\/notinor.com\/jujuy\/wp-json\/wp\/v2\/posts"}],"about":[{"href":"https:\/\/notinor.com\/jujuy\/wp-json\/wp\/v2\/types\/post"}],"author":[{"embeddable":true,"href":"https:\/\/notinor.com\/jujuy\/wp-json\/wp\/v2\/users\/1"}],"replies":[{"embeddable":true,"href":"https:\/\/notinor.com\/jujuy\/wp-json\/wp\/v2\/comments?post=309300"}],"version-history":[{"count":1,"href":"https:\/\/notinor.com\/jujuy\/wp-json\/wp\/v2\/posts\/309300\/revisions"}],"predecessor-version":[{"id":309302,"href":"https:\/\/notinor.com\/jujuy\/wp-json\/wp\/v2\/posts\/309300\/revisions\/309302"}],"wp:featuredmedia":[{"embeddable":true,"href":"https:\/\/notinor.com\/jujuy\/wp-json\/wp\/v2\/media\/309301"}],"wp:attachment":[{"href":"https:\/\/notinor.com\/jujuy\/wp-json\/wp\/v2\/media?parent=309300"}],"wp:term":[{"taxonomy":"category","embeddable":true,"href":"https:\/\/notinor.com\/jujuy\/wp-json\/wp\/v2\/categories?post=309300"},{"taxonomy":"post_tag","embeddable":true,"href":"https:\/\/notinor.com\/jujuy\/wp-json\/wp\/v2\/tags?post=309300"}],"curies":[{"name":"wp","href":"https:\/\/api.w.org\/{rel}","templated":true}]}}