{"id":309299,"date":"2021-08-31T08:45:53","date_gmt":"2021-08-31T11:45:53","guid":{"rendered":"https:\/\/notinor.com\/jujuy\/?p=309299"},"modified":"2021-08-31T08:45:57","modified_gmt":"2021-08-31T11:45:57","slug":"facundo-manes-la-victoria-de-corrientes-es-el-modelo-para-ganarle-al-kirchnerismo-ahora-y-en-2023","status":"publish","type":"post","link":"https:\/\/notinor.com\/jujuy\/facundo-manes-la-victoria-de-corrientes-es-el-modelo-para-ganarle-al-kirchnerismo-ahora-y-en-2023\/","title":{"rendered":"Facundo Manes: \u201cLa victoria de Corrientes es el modelo para ganarle al kirchnerismo ahora y en 2023\u201d"},"content":{"rendered":"\n<p>El neuro especialista destac\u00f3 en di\u00e1logo con Infobae que \u201cel eje convocante debe ser el radicalismo, no se puede ir por lo mismo de 2015 a 2019\u2033. Puso como ejemplo los comicios correntinos y de Jujuy. Qu\u00e9 lugar cree que debe tener el PRO en la propuesta electoral.<\/p>\n\n\n\n<div class=\"wp-block-image\"><figure class=\"aligncenter is-resized\"><img decoding=\"async\" loading=\"lazy\" src=\"https:\/\/www.lanoticiaweb.com.ar\/wp-content\/uploads\/2021\/08\/Manes-2.jpg\" alt=\"Facundo Manes en San Fernando: &quot;Lo que se est\u00e1 generando no tiene techo&quot; -  La Noticia Web\" width=\"1128\" height=\"753\"\/><\/figure><\/div>\n\n\n\n<p>Facundo Manes recorre barrios del conurbano. Va y viene. Ayer estuvo en Corrientes en los festejos en donde se impuso el gobernador radical Gustavo Vald\u00e9s por una amplia mayor\u00eda y retuvo la gobernaci\u00f3n.<\/p>\n\n\n\n<p>Todos los referentes de la UCR estuvieron en los festejos, y tambi\u00e9n estuvo Manes, el hombre en el que hoy confluyen todas las l\u00edneas internas de los boinas blancas y que busca ganar la interna en la provincia de Buenos Aires a Diego Santilli.<\/p>\n\n\n\n<p><strong>- \u00bfC\u00f3mo vivi\u00f3 el triunfo del radicalismo en Corrientes?<\/strong><\/p>\n\n\n\n<p>Lo vi esperanzador. Lo que vimos es que ese es el modelo a replicar para ganarle al kirchnerismo. Ahora y en el 2023, con una coalici\u00f3n amplia.Es lo mismo que vimos en Jujuy -cuando gan\u00f3 el radical Gerardo Morales- y lo mismo que pasa con nosotros en la provincia de Buenos Aires. El eje convocante es el radicalismo para el peronismo, el Pro, el progresismo. No se puede ir con lo mismo que estuvo del 2015 al 2019\u2033.<\/p>\n\n\n\n<p><strong>- \u00bfEn el conurbano le dicen eso?<\/strong><\/p>\n\n\n\n<p>Nos encontramos con mucha gente que e<strong>st\u00e1 enojada, que est\u00e1 defraudada, que vot\u00f3 a Cambiemos y hoy est\u00e1 molesta<\/strong>. No se puede ir con lo mismo que la gesti\u00f3n anterior y Diego Santilli es eso. Este voto va a decidir si va a ser lo mismo que lo que hab\u00eda entre el 2015 y el 2019 o si salimos por arriba y vamos a tener algo nuevo. Nosotros creemos que nos va a ir muy bien.<\/p>\n\n\n\n<p><strong>- Para la UCR es hoy ganarle al PRO y en 2023 al kirchnerismo<\/strong><\/p>\n\n\n\n<p>El PRO ya fue el articulador de la coalici\u00f3n y no hubo reciprocidad respecto de lo que aport\u00f3 el radicalismo de legisladores, intendentes, territorio. Se fueron cerrando cada vez m\u00e1s.<\/p>\n\n\n\n<figure class=\"wp-block-image\"><img decoding=\"async\" src=\"https:\/\/www.infobae.com\/new-resizer\/rXXjI07_wvEzUo83tfr4RXTDWLE=\/420x236\/filters:format(jpg):quality(85)\/cloudfront-us-east-1.images.arcpublishing.com\/infobae\/4SCWLU65SZFO7GEFVGXM2D7OTE.jpeg%20420w\" alt=\"\"\/><\/figure>\n\n\n\n<p><strong>- \u00bfY c\u00f3mo vive la campa\u00f1a y las internas?<\/strong><\/p>\n\n\n\n<p>Bien, nosotros hoy estuvimos en Ezeiza, y venimos recorriendo varias localidades. Creemos que el voto va a definir si volvemos a lo mismo o salimos por arriba, sin kirchnerismo anti kirchnerismo, con algo superador. Por eso no se puede definir las candidaturas en una oficina como quer\u00edan hacer. Nuestra campa\u00f1a es austera, ped\u00ed que sea as\u00ed y m\u00e1s en este contexto en donde la gente pierde su trabajo y la est\u00e1 pasando muy mal, ser\u00eda inmoral gastar millones en la campa\u00f1a. As\u00ed es que sabemos que somos David contra Goliat, pero hay un mont\u00f3n de dirigentes y de gente que nos apoya.<\/p>\n\n\n\n<p><strong>- \u00bfEntiende que lo siguen atacando?<\/strong><\/p>\n\n\n\n<p>S\u00ed, los que hasta ayer me ped\u00edan que vaya con ellos hoy me atacan porque me decid\u00ed a ir, a participar, pero no debajo de ellos. Yo me siento parte de un proyecto colectivo en el radicalismo. Lo habl\u00e9 cuando tuve las primeras reuniones con dirigentes como Alfredo Cornejo o Gerardo Morales. En ese momento les explicaba que mi intenci\u00f3n era la de competir pero en un proyecto que sea m\u00e1s grande que s\u00f3lo mi nombre, si la intenci\u00f3n era el uso de mi nombre no me interesaba. Hoy siento que estamos dentro de un espiral que no tiene techo ni fecha de vencimiento.<\/p>\n\n\n\n<p><strong>- Antes dec\u00eda que la gente estaba enojada. Hasta ayer era un ciudadano que quiz\u00e1s se quejaba de los pol\u00edticos y hoy pide el voto. \u00bfQu\u00e9 le dicen los votantes?<\/strong><\/p>\n\n\n\n<p>- Lo que se observa es que la dirigencia est\u00e1 alejada de lo que quiere la gente. Soy una persona que hace tres meses atr\u00e1s no era candidato y hoy estoy pidiendo el voto y lo que me encuentro es que hay mucho m\u00e1s sentido com\u00fan en la gente que en la dirigencia pol\u00edtica. Se me critica la falta de experiencia y la dirigencia que me critica fue la que nos trajo hasta este lugar, a un pa\u00eds en donde sin estar en una guerra involucionan todas las variables.<\/p>\n","protected":false},"excerpt":{"rendered":"<p>El neuro especialista destac\u00f3 en di\u00e1logo con Infobae que \u201cel eje convocante debe ser el radicalismo, no se puede ir por lo mismo de 2015 a 2019\u2033. Puso como ejemplo los comicios correntinos y de Jujuy. Qu\u00e9 lugar cree que debe tener el PRO en la propuesta electoral. Facundo Manes recorre barrios del conurbano. Va [&hellip;]<\/p>\n","protected":false},"author":40,"featured_media":309303,"comment_status":"open","ping_status":"open","sticky":false,"template":"","format":"standard","meta":{"_stopmodifiedupdate":false,"_modified_date":"","inline_featured_image":false,"spay_email":"","jetpack_publicize_message":""},"categories":[501],"tags":[],"jetpack_featured_media_url":"https:\/\/notinor.com\/jujuy\/wp-content\/uploads\/2021\/08\/Manes-2.jpg","jetpack_publicize_connections":[],"_links":{"self":[{"href":"https:\/\/notinor.com\/jujuy\/wp-json\/wp\/v2\/posts\/309299"}],"collection":[{"href":"https:\/\/notinor.com\/jujuy\/wp-json\/wp\/v2\/posts"}],"about":[{"href":"https:\/\/notinor.com\/jujuy\/wp-json\/wp\/v2\/types\/post"}],"author":[{"embeddable":true,"href":"https:\/\/notinor.com\/jujuy\/wp-json\/wp\/v2\/users\/40"}],"replies":[{"embeddable":true,"href":"https:\/\/notinor.com\/jujuy\/wp-json\/wp\/v2\/comments?post=309299"}],"version-history":[{"count":1,"href":"https:\/\/notinor.com\/jujuy\/wp-json\/wp\/v2\/posts\/309299\/revisions"}],"predecessor-version":[{"id":309304,"href":"https:\/\/notinor.com\/jujuy\/wp-json\/wp\/v2\/posts\/309299\/revisions\/309304"}],"wp:featuredmedia":[{"embeddable":true,"href":"https:\/\/notinor.com\/jujuy\/wp-json\/wp\/v2\/media\/309303"}],"wp:attachment":[{"href":"https:\/\/notinor.com\/jujuy\/wp-json\/wp\/v2\/media?parent=309299"}],"wp:term":[{"taxonomy":"category","embeddable":true,"href":"https:\/\/notinor.com\/jujuy\/wp-json\/wp\/v2\/categories?post=309299"},{"taxonomy":"post_tag","embeddable":true,"href":"https:\/\/notinor.com\/jujuy\/wp-json\/wp\/v2\/tags?post=309299"}],"curies":[{"name":"wp","href":"https:\/\/api.w.org\/{rel}","templated":true}]}}