{"id":309235,"date":"2021-08-30T09:52:19","date_gmt":"2021-08-30T12:52:19","guid":{"rendered":"https:\/\/notinor.com\/jujuy\/?p=309235"},"modified":"2021-08-30T09:52:24","modified_gmt":"2021-08-30T12:52:24","slug":"a-los-91-anos-murio-ed-asner-el-abuelo-de-up","status":"publish","type":"post","link":"https:\/\/notinor.com\/jujuy\/a-los-91-anos-murio-ed-asner-el-abuelo-de-up\/","title":{"rendered":"A los 91 a\u00f1os muri\u00f3 Ed Asner, el abuelo de \"UP\""},"content":{"rendered":"\n<h2>Un artista que supo cautivar a varias generaciones nos dej\u00f3 a los 91 a\u00f1os. Con m\u00e1s de 60 a\u00f1os de trayectoria, alg\u00fanos lo conocer\u00e1n como Lou Grant y otros por ponerle la voz a Carl Fredricksen, lo que significa que pocos han quedado al margen de su legado.&nbsp;<\/h2>\n\n\n\n<figure class=\"wp-block-image is-resized\"><img decoding=\"async\" loading=\"lazy\" src=\"https:\/\/www.cronica.com.ar\/__export\/1630277872351\/sites\/cronica\/img\/2021\/08\/29\/fotojet_x3x.jpg_1734428432.jpg\" alt=\"Salt\u00f3 a la fama tras interpretar a Lou Grant en la d\u00e9cada del \u00b470. \" width=\"1151\" height=\"648\"\/><figcaption>Salt\u00f3 a la fama tras interpretar a Lou Grant en la d\u00e9cada del \u00b470.<\/figcaption><\/figure>\n\n\n\n<p>Este domingo 29 de agosto es un d\u00eda un triste para los amantes del cine y la televisi\u00f3n, ya que&nbsp;<strong>un&nbsp;actor&nbsp;muy querido&nbsp;en el ambiente perdi\u00f3 la vida a los 91 a\u00f1os<\/strong>. Se trata de&nbsp;<strong>Ed Asner<\/strong>, quien contaba con m\u00e1s de 70 a\u00f1os de trayectoria entre cine y televisi\u00f3n. El anuncio lo realiz\u00f3 la familia a trav\u00e9s de Twitter.<\/p>\n\n\n\n<p>Comenz\u00f3 su carrera all\u00e1 por 1950 luego de cumplir con el servicio militar y r\u00e1pidamente decidi\u00f3 que lo que quer\u00eda era actuar.&nbsp;<strong>Salt\u00f3 a la fama nacional en la d\u00e9cada del setenta, cuando le dio vida al personaje de Lou Grant en \u201c<em>El show de Mary Tyler Moorem\u201d<\/em><\/strong><em>, una comedia sitcom .&nbsp;<\/em>Su personaje era el jefe de la protagonista y r\u00e1pidamente se gan\u00f3 el cari\u00f1o del p\u00fablico por su gru\u00f1\u00f3n y luego simp\u00e1tico papel.<\/p>\n\n\n\n<figure class=\"wp-block-image\"><img decoding=\"async\" src=\"https:\/\/www.cronica.com.ar\/export\/sites\/cronica\/img\/2021\/08\/29\/ed_asner_1.jpg_392218651.jpg\" alt=\"\" title=\"\"\/><figcaption>Asner naci\u00f3 en el estado de Kansas en 1929.<\/figcaption><\/figure>\n\n\n\n<p><strong>Este programa dur\u00f3 7 a\u00f1os al aire y se llen\u00f3 de premios y nominaciones, entre los que se destacan 29 Emmys, de los cuales, 5 fueron para Asner<\/strong>. Si a estos le sumamos los otros dos que consigui\u00f3 por su serie en solitario, Lou Grant,&nbsp;<strong>lo convierte en el artista masculino con mayor cantidad de&nbsp;<em>\u201cPrimetime Emmy\u201d<\/em>.<\/strong>&nbsp;Volviendo a la serie, tambi\u00e9n fueron merecedores de 3 globos de oro y 5 TV Land entre otros.<\/p>\n\n\n\n<p><strong><em>\u201cLamentamos informar que nuestro amado patriarca falleci\u00f3 esta ma\u00f1ana. Se fue en paz. Las palabras no pueden expresar la tristeza que sentimos. Con un beso en la frente, buenas noches, pap\u00e1. Te amamos\u201d,<\/em><\/strong>&nbsp;redact\u00f3 su familia en la cuenta de Twitter del actor, dej\u00e1ndole a sus fans la oportunidad de despedirse.<\/p>\n\n\n\n<figure class=\"wp-block-image\"><img decoding=\"async\" src=\"https:\/\/www.cronica.com.ar\/export\/sites\/cronica\/img\/2021\/08\/29\/lou_grant.jpg_366287663.jpg\" alt=\"\" title=\"\"\/><figcaption>Lou Grant tuvo tanto \u00e9xito que luego tuvo un programa en solitario.<\/figcaption><\/figure>\n\n\n\n<p>Las generaciones m\u00e1s j\u00f3venes no lo conocen por Lou Grant,&nbsp;<strong>sino por darle voz a Carl Fredricksen, protagonista de la pel\u00edcula infantil Up: una aventura en altura (2009).<\/strong>&nbsp;Sin embargo, hizo mucho m\u00e1s que hacerlo hablar. Seg\u00fan trascendi\u00f3, Asner particip\u00f3 activamente en las decisiones creativas de Carl, por lo que terminaron haciendo, cita b\u00edblica de por medio, a su \u201cimagen y semejanza\u201d.&nbsp;<strong>As\u00ed, result\u00f3 ser un anciano de aspecto malhumorado pero con un gran coraz\u00f3n.<\/strong><\/p>\n\n\n\n<p>Resulta que solo unos d\u00edas antes, el artista le hab\u00eda concedido una entrevista a The&nbsp;<a href=\"https:\/\/www.cronica.com.ar\/tags\/Hollywood\">Hollywood<\/a>&nbsp;Reporter, para elaborar un perfil. All\u00ed se refiri\u00f3 a su paso por El&nbsp;<em>show de Mary Tyler Moorem.&nbsp;<\/em>\u201c<em>Me gust\u00f3 cuando lo le\u00ed. No ten\u00eda idea de que iba a tener la longevidad que tuvo. Para mi era un trabajo.&nbsp;<strong>No ten\u00eda idea que buscaban romper con las barreras establecidas para las mujeres solteras. Ni sab\u00eda que estaban siendo oprimidas. Pero r\u00e1pidamente me di cuenta de que ten\u00edamos un tema candente entre manos. En t\u00e9rminos personales yo era un actor que iba de trabajo en trabajo y el \u00e9xito del programa me permiti\u00f3 no estar a la espera del pr\u00f3ximo papel. En principio ten\u00eda trabajo por un a\u00f1o. Fue genial\u201d,<\/strong><\/em>&nbsp;remarc\u00f3.<\/p>\n\n\n\n<figure class=\"wp-block-image is-resized\"><img decoding=\"async\" loading=\"lazy\" src=\"https:\/\/www.cronica.com.ar\/export\/sites\/cronica\/img\/2021\/08\/29\/ed_asner_3.jpg_1088481085.jpg\" alt=\"\" width=\"1143\" height=\"572\" title=\"\"\/><figcaption>Asner tuvo m\u00e1s apariciones luego de Up, por ejemplo en la comedia de Netflix \"Dead to me\".<\/figcaption><\/figure>\n\n\n\n<p>Recordemos que la sitcom ironizaba sobre los cambios en el rol de la mujer en la sociedad norteamericana y el empoderamiento femenino, que comenz\u00f3 a resonar y mucho una d\u00e9cada antes.<\/p>\n\n\n\n<p>En cuanto a su interpretaci\u00f3n del Sr. Fredricksen, la aceptaci\u00f3n, por grandes y chicos, fue muy grande. Tanto, que&nbsp;<strong>la aventura que emprendi\u00f3 junto al ni\u00f1o Russell, llev\u00f3 a Pixar a recaudar m\u00e1s de 600 millones de d\u00f3lares.<\/strong><\/p>\n","protected":false},"excerpt":{"rendered":"<p>Un artista que supo cautivar a varias generaciones nos dej\u00f3 a los 91 a\u00f1os. Con m\u00e1s de 60 a\u00f1os de trayectoria, alg\u00fanos lo conocer\u00e1n como Lou Grant y otros por ponerle la voz a Carl Fredricksen, lo que significa que pocos han quedado al margen de su legado.&nbsp; Este domingo 29 de agosto es un [&hellip;]<\/p>\n","protected":false},"author":40,"featured_media":309236,"comment_status":"open","ping_status":"open","sticky":false,"template":"","format":"standard","meta":{"_stopmodifiedupdate":false,"_modified_date":"","inline_featured_image":false,"spay_email":"","jetpack_publicize_message":""},"categories":[21],"tags":[],"jetpack_featured_media_url":"https:\/\/notinor.com\/jujuy\/wp-content\/uploads\/2021\/08\/1_asner-615x336-1.jpg","jetpack_publicize_connections":[],"_links":{"self":[{"href":"https:\/\/notinor.com\/jujuy\/wp-json\/wp\/v2\/posts\/309235"}],"collection":[{"href":"https:\/\/notinor.com\/jujuy\/wp-json\/wp\/v2\/posts"}],"about":[{"href":"https:\/\/notinor.com\/jujuy\/wp-json\/wp\/v2\/types\/post"}],"author":[{"embeddable":true,"href":"https:\/\/notinor.com\/jujuy\/wp-json\/wp\/v2\/users\/40"}],"replies":[{"embeddable":true,"href":"https:\/\/notinor.com\/jujuy\/wp-json\/wp\/v2\/comments?post=309235"}],"version-history":[{"count":1,"href":"https:\/\/notinor.com\/jujuy\/wp-json\/wp\/v2\/posts\/309235\/revisions"}],"predecessor-version":[{"id":309237,"href":"https:\/\/notinor.com\/jujuy\/wp-json\/wp\/v2\/posts\/309235\/revisions\/309237"}],"wp:featuredmedia":[{"embeddable":true,"href":"https:\/\/notinor.com\/jujuy\/wp-json\/wp\/v2\/media\/309236"}],"wp:attachment":[{"href":"https:\/\/notinor.com\/jujuy\/wp-json\/wp\/v2\/media?parent=309235"}],"wp:term":[{"taxonomy":"category","embeddable":true,"href":"https:\/\/notinor.com\/jujuy\/wp-json\/wp\/v2\/categories?post=309235"},{"taxonomy":"post_tag","embeddable":true,"href":"https:\/\/notinor.com\/jujuy\/wp-json\/wp\/v2\/tags?post=309235"}],"curies":[{"name":"wp","href":"https:\/\/api.w.org\/{rel}","templated":true}]}}