{"id":309219,"date":"2021-08-30T09:28:03","date_gmt":"2021-08-30T12:28:03","guid":{"rendered":"https:\/\/notinor.com\/jujuy\/?p=309219"},"modified":"2021-08-30T09:28:08","modified_gmt":"2021-08-30T12:28:08","slug":"gustavo-valdes-obtuvo-un-contundente-triunfo-y-fue-reelegido-gobernador-de-corrientes","status":"publish","type":"post","link":"https:\/\/notinor.com\/jujuy\/gustavo-valdes-obtuvo-un-contundente-triunfo-y-fue-reelegido-gobernador-de-corrientes\/","title":{"rendered":"Gustavo Vald\u00e9s obtuvo un contundente triunfo y fue reelegido gobernador de Corrientes"},"content":{"rendered":"\n<p>En lo que fue la primera provincia que eligi\u00f3 mandatario este a\u00f1o, el radical consigui\u00f3 el 76% de los votos, contra el 23% de Fabi\u00e1n R\u00edos, candidato del Frente Corrientes de Todos. El oficialismo tambi\u00e9n gan\u00f3 en senadores y diputados.&nbsp;<\/p>\n\n\n\n<div class=\"wp-block-image\"><figure class=\"aligncenter size-large is-resized\"><img decoding=\"async\" loading=\"lazy\" src=\"https:\/\/notinor.com\/jujuy\/wp-content\/uploads\/2021\/08\/corrientes.jpg\" alt=\"\" class=\"wp-image-309221\" width=\"472\" height=\"241\" srcset=\"https:\/\/notinor.com\/jujuy\/wp-content\/uploads\/2021\/08\/corrientes.jpg 700w, https:\/\/notinor.com\/jujuy\/wp-content\/uploads\/2021\/08\/corrientes-660x338.jpg 660w\" sizes=\"(max-width: 472px) 100vw, 472px\" \/><\/figure><\/div>\n\n\n\n<p>En lo que fue la primera provincia que eligi\u00f3 gobernador este 2021, Gustavo Vald\u00e9s obtuvo este domingo un contundente triunfo y logr\u00f3 su reelecci\u00f3n en Corrientes. Con el 99% de las mesas escrutadas, el candidato radical de la alianza Encuentro por Corrientes (ECO) + Vamos Corrientes lleg\u00f3 al 76% y dej\u00f3 segundo a Fabi\u00e1n R\u00edos, del Frente Corrientes de Todos, que consigui\u00f3 el 23% de los sufragios.<\/p>\n\n\n\n<p>El actual mandatario comparte f\u00f3rmula con Pedro Braillard Poccard como vicegobernador. Con el resultado de anoche, ambos gobernar\u00e1n la provincia hasta 2025. La oposici\u00f3n reconoci\u00f3 el triunfo del oficialismo durante una conferencia de prensa.<\/p>\n\n\n\n<p>Vald\u00e9s, al celebrar su \u00e9xito, inici\u00f3 su discurso enviando \"un profundo abrazo al diputado (Miguel) Arias, que se reponga y tambi\u00e9n un abrazo a su familia y al Frente de Todos\", en referencia al legislador provincial que fue baleado el jueves \u00faltimo.<\/p>\n\n\n\n<p>En la sede de la Uni\u00f3n C\u00edvica Radical, y junto a Braillard Poccard, el intendente capitalino Eduardo Tassano y dirigentes nacionales y provinciales de la UCR, Vald\u00e9s expres\u00f3 que \"el encuentro entre los correntinos es el camino\" porque \"eso es lo que eligi\u00f3 el pueblo de Corrientes\".<\/p>\n\n\n\n<p>\"Nuestro espacio pol\u00edtico tendr\u00e1 los dos tercios en ambas c\u00e1maras y eso nos tiene que servir para seguir garantizando en Corrientes la libertad, el respeto y la soberan\u00eda popular\", remarc\u00f3 el gobernador reelecto.<\/p>\n\n\n\n<p>Seguidamente, manifest\u00f3: \"No soy yo, el que tiene el 76 por ciento de los votos, sino que es el camino de la modernizaci\u00f3n, la producci\u00f3n y el trabajo\".<\/p>\n\n\n\n<p>Vald\u00e9s agradeci\u00f3 a la militancia propia y tambi\u00e9n a la del opositor Frente Corrientes de Todos porque, dijo, la \"construcci\u00f3n de la pol\u00edtica es que abracemos objetivos comunes por el inter\u00e9s general y a cada agravio que nos hagan, desde el poder central o desde otro lado, responderemos con un abrazo\".<\/p>\n\n\n\n<p>\"Tenemos los brazos abiertos, porque sus ideas tambi\u00e9n son buenas y hay que colaborar a la construcci\u00f3n de la correntinidad y que crean en la pol\u00edtica como una herramienta de uni\u00f3n\", concluy\u00f3.<\/p>\n\n\n\n<p>Entre otros, acompa\u00f1aron a Vald\u00e9s en Corrientes el presidente del Comit\u00e9 Nacional de la UCR, Alfredo Cornejo; el gobernador de Jujuy, Gerardo Morales, y los precandidatos legislativos Facundo Manes y Adolfo Rubinstein.<\/p>\n\n\n\n<p>En similar sentido se expres\u00f3 Braillard Poccard y tambi\u00e9n agradeci\u00f3 \"a la militancia de todos los partidos integrantes de Eco+ Vamos Corrientes y a la ciudadan\u00eda porque hoy tuvimos una verdadera fiesta democr\u00e1tica\".<\/p>\n\n\n\n<p>Por su parte, Tassano, el primer intendente reelecto en la historia de la ciudad capital, agradeci\u00f3 en su discurso a su compa\u00f1ero de f\u00f3rmula, Emilio Lanari, a los dem\u00e1s candidatos y a Vald\u00e9s, a quien defini\u00f3 como el \" l\u00edder del movimiento con el que trabajamos juntos y hemos cambiado esta ciudad\".<\/p>\n\n\n\n<p>La oposici\u00f3n reconoci\u00f3 a las 22 el triunfo del oficialismo en una conferencia de prensa realizada en la casa del Partido Justicialista (PJ) de la capital, donde los candidatos ratificaron el rol opositor de ese espacio pol\u00edtico en la provincia.<\/p>\n\n\n\n<p>En tanto, en la categor\u00eda senadores provinciales el resultado tambi\u00e9n fue favorable a Encuentro por Corrientes (ECO) + Vamos Corrientes, ya que con el 75,16% de los votos computados obten\u00eda cuatro de las cinco bancas que se renuevan en ese cuerpo, mientras que el Frente Corrientes de Todos se quedaba con un esca\u00f1o tras cosechar el 24,84%.<\/p>\n\n\n\n<p>Y para diputados provinciales, ECO+Vamos Corrientes lograba el 76,62% de los votos, de modo que alcanzaba 12 de los 15 esca\u00f1os que se eleg\u00edan en esa categor\u00eda, en la que el Frente Corrientes de Todos obten\u00eda 23,38% y tres bancas.<\/p>\n","protected":false},"excerpt":{"rendered":"<p>En lo que fue la primera provincia que eligi\u00f3 mandatario este a\u00f1o, el radical consigui\u00f3 el 76% de los votos, contra el 23% de Fabi\u00e1n R\u00edos, candidato del Frente Corrientes de Todos. El oficialismo tambi\u00e9n gan\u00f3 en senadores y diputados.&nbsp; En lo que fue la primera provincia que eligi\u00f3 gobernador este 2021, Gustavo Vald\u00e9s obtuvo [&hellip;]<\/p>\n","protected":false},"author":5,"featured_media":309221,"comment_status":"open","ping_status":"open","sticky":false,"template":"","format":"standard","meta":{"_stopmodifiedupdate":false,"_modified_date":"","inline_featured_image":false,"spay_email":"","jetpack_publicize_message":""},"categories":[5],"tags":[],"jetpack_featured_media_url":"https:\/\/notinor.com\/jujuy\/wp-content\/uploads\/2021\/08\/corrientes.jpg","jetpack_publicize_connections":[],"_links":{"self":[{"href":"https:\/\/notinor.com\/jujuy\/wp-json\/wp\/v2\/posts\/309219"}],"collection":[{"href":"https:\/\/notinor.com\/jujuy\/wp-json\/wp\/v2\/posts"}],"about":[{"href":"https:\/\/notinor.com\/jujuy\/wp-json\/wp\/v2\/types\/post"}],"author":[{"embeddable":true,"href":"https:\/\/notinor.com\/jujuy\/wp-json\/wp\/v2\/users\/5"}],"replies":[{"embeddable":true,"href":"https:\/\/notinor.com\/jujuy\/wp-json\/wp\/v2\/comments?post=309219"}],"version-history":[{"count":1,"href":"https:\/\/notinor.com\/jujuy\/wp-json\/wp\/v2\/posts\/309219\/revisions"}],"predecessor-version":[{"id":309225,"href":"https:\/\/notinor.com\/jujuy\/wp-json\/wp\/v2\/posts\/309219\/revisions\/309225"}],"wp:featuredmedia":[{"embeddable":true,"href":"https:\/\/notinor.com\/jujuy\/wp-json\/wp\/v2\/media\/309221"}],"wp:attachment":[{"href":"https:\/\/notinor.com\/jujuy\/wp-json\/wp\/v2\/media?parent=309219"}],"wp:term":[{"taxonomy":"category","embeddable":true,"href":"https:\/\/notinor.com\/jujuy\/wp-json\/wp\/v2\/categories?post=309219"},{"taxonomy":"post_tag","embeddable":true,"href":"https:\/\/notinor.com\/jujuy\/wp-json\/wp\/v2\/tags?post=309219"}],"curies":[{"name":"wp","href":"https:\/\/api.w.org\/{rel}","templated":true}]}}