{"id":309210,"date":"2021-08-30T09:27:16","date_gmt":"2021-08-30T12:27:16","guid":{"rendered":"https:\/\/notinor.com\/jujuy\/?p=309210"},"modified":"2021-08-30T09:27:20","modified_gmt":"2021-08-30T12:27:20","slug":"instituto-belgraniano-presento-el-libro-de-la-primera-marcha-evocativa-del-exodo","status":"publish","type":"post","link":"https:\/\/notinor.com\/jujuy\/instituto-belgraniano-presento-el-libro-de-la-primera-marcha-evocativa-del-exodo\/","title":{"rendered":"Instituto Belgraniano present\u00f3 el Libro de la Primera Marcha Evocativa del \u00c9xodo"},"content":{"rendered":"\n<p>En formato digital \u201cRecuerdos de la Primera marcha Evocativa\u201d de Mario Iturbe, forma parte de la biblioteca digital disponible en <a href=\"http:\/\/www.institutobelgranianodejujuy.com\">www.institutobelgranianodejujuy.com<\/a><\/p>\n\n\n\n<figure class=\"wp-block-image size-large\"><img decoding=\"async\" loading=\"lazy\" width=\"840\" height=\"472\" src=\"https:\/\/notinor.com\/jujuy\/wp-content\/uploads\/2021\/08\/WhatsApp-Image-2021-08-24-at-7.53.01-PM-840x472.jpeg\" alt=\"\" class=\"wp-image-309214\" srcset=\"https:\/\/notinor.com\/jujuy\/wp-content\/uploads\/2021\/08\/WhatsApp-Image-2021-08-24-at-7.53.01-PM-840x472.jpeg 840w, https:\/\/notinor.com\/jujuy\/wp-content\/uploads\/2021\/08\/WhatsApp-Image-2021-08-24-at-7.53.01-PM-649x365.jpeg 649w, https:\/\/notinor.com\/jujuy\/wp-content\/uploads\/2021\/08\/WhatsApp-Image-2021-08-24-at-7.53.01-PM-500x280.jpeg 500w, https:\/\/notinor.com\/jujuy\/wp-content\/uploads\/2021\/08\/WhatsApp-Image-2021-08-24-at-7.53.01-PM-768x432.jpeg 768w, https:\/\/notinor.com\/jujuy\/wp-content\/uploads\/2021\/08\/WhatsApp-Image-2021-08-24-at-7.53.01-PM-1536x864.jpeg 1536w, https:\/\/notinor.com\/jujuy\/wp-content\/uploads\/2021\/08\/WhatsApp-Image-2021-08-24-at-7.53.01-PM-750x422.jpeg 750w, https:\/\/notinor.com\/jujuy\/wp-content\/uploads\/2021\/08\/WhatsApp-Image-2021-08-24-at-7.53.01-PM-1140x641.jpeg 1140w, https:\/\/notinor.com\/jujuy\/wp-content\/uploads\/2021\/08\/WhatsApp-Image-2021-08-24-at-7.53.01-PM.jpeg 1599w\" sizes=\"(max-width: 840px) 100vw, 840px\" \/><\/figure>\n\n\n\n<p>Irene Ballatore, presidenta de la entidad,  afirm\u00f3 que el Instituto presenta en formato digital el<strong> Libro de Mario C\u00e9sar Iturbe <\/strong>, que tambi\u00e9n es un homenaje y una reivindicaci\u00f3n a su obra. \u201cEste texto hace mucho tiempo debi\u00f3 haber sido impreso en papel, antes del fallecimiento del autor, pudo haber visto como se venia trabajando el formato pero no perdemos la esperanza de editarlo\u201d<\/p>\n\n\n\n<p>Destac\u00f3 que la pandemia ha brindado la oportunidad de volcarse al mundo digital y hoy resulta indispensable para nuestros estudiantes y docentes contar con este material en formato digital. \u201c<strong>Esto forma parte de la Biblioteca virtual que tiene el instituto, estos recuerdos y evocaci\u00f3n de Mario Iturbe sobre la primera marcha evocativa del 23 de Agosto<\/strong>\u201d.<\/p>\n\n\n\n<p>Se\u00f1al\u00f3 que el autor nos describe en detalle el Jujuy de los a\u00f1os cincuenta y es una obra importante para conocer la memoria social construida sobre el \u00c9xodo Juje\u00f1o. \u201cRecordar esta gesta hab\u00eda una deuda muy grande de los juje\u00f1os para con su historia, que tuvo celebraciones importantes en su centenario pero que en la figura del gaucho no ten\u00eda el reconocimiento justo a su sacrificio\u201d.<\/p>\n\n\n\n<p>En este sentido el autor indic\u00f3 que <strong>la primera marcha evocativa fue en 1957<\/strong> y coincide con la creaci\u00f3n del Instituto Belgraneano de Jujuy. \u201cLa marcha arranca en la punta del Parque San Mart\u00edn donde se hizo una primera quema de unos ranchitos de paja con la idea de darle espectacularidad a la reconstrucci\u00f3n, esto no quiere decir que Belgrano incendi\u00f3 la ciudad, se quemaba lo que no se pod\u00eda transportar\u201d.<\/p>\n","protected":false},"excerpt":{"rendered":"<p>En formato digital \u201cRecuerdos de la Primera marcha Evocativa\u201d de Mario Iturbe, forma parte de la biblioteca digital disponible en www.institutobelgranianodejujuy.com Irene Ballatore, presidenta de la entidad, afirm\u00f3 que el Instituto presenta en formato digital el Libro de Mario C\u00e9sar Iturbe , que tambi\u00e9n es un homenaje y una reivindicaci\u00f3n a su obra. \u201cEste texto [&hellip;]<\/p>\n","protected":false},"author":1,"featured_media":309216,"comment_status":"open","ping_status":"open","sticky":false,"template":"","format":"standard","meta":{"_stopmodifiedupdate":false,"_modified_date":"","inline_featured_image":false,"spay_email":"","jetpack_publicize_message":""},"categories":[832],"tags":[],"jetpack_featured_media_url":"https:\/\/notinor.com\/jujuy\/wp-content\/uploads\/2021\/08\/WhatsApp-Image-2021-08-24-at-7.53.01-PM-1.jpeg","jetpack_publicize_connections":[],"_links":{"self":[{"href":"https:\/\/notinor.com\/jujuy\/wp-json\/wp\/v2\/posts\/309210"}],"collection":[{"href":"https:\/\/notinor.com\/jujuy\/wp-json\/wp\/v2\/posts"}],"about":[{"href":"https:\/\/notinor.com\/jujuy\/wp-json\/wp\/v2\/types\/post"}],"author":[{"embeddable":true,"href":"https:\/\/notinor.com\/jujuy\/wp-json\/wp\/v2\/users\/1"}],"replies":[{"embeddable":true,"href":"https:\/\/notinor.com\/jujuy\/wp-json\/wp\/v2\/comments?post=309210"}],"version-history":[{"count":1,"href":"https:\/\/notinor.com\/jujuy\/wp-json\/wp\/v2\/posts\/309210\/revisions"}],"predecessor-version":[{"id":309222,"href":"https:\/\/notinor.com\/jujuy\/wp-json\/wp\/v2\/posts\/309210\/revisions\/309222"}],"wp:featuredmedia":[{"embeddable":true,"href":"https:\/\/notinor.com\/jujuy\/wp-json\/wp\/v2\/media\/309216"}],"wp:attachment":[{"href":"https:\/\/notinor.com\/jujuy\/wp-json\/wp\/v2\/media?parent=309210"}],"wp:term":[{"taxonomy":"category","embeddable":true,"href":"https:\/\/notinor.com\/jujuy\/wp-json\/wp\/v2\/categories?post=309210"},{"taxonomy":"post_tag","embeddable":true,"href":"https:\/\/notinor.com\/jujuy\/wp-json\/wp\/v2\/tags?post=309210"}],"curies":[{"name":"wp","href":"https:\/\/api.w.org\/{rel}","templated":true}]}}