{"id":308019,"date":"2021-08-16T11:53:58","date_gmt":"2021-08-16T14:53:58","guid":{"rendered":"https:\/\/notinor.com\/jujuy\/?p=308019"},"modified":"2021-08-16T11:54:03","modified_gmt":"2021-08-16T14:54:03","slug":"los-dos-frentes-oficialistas-se-quedaron-con-la-mayoria-de-los-cargos-en-salta","status":"publish","type":"post","link":"https:\/\/notinor.com\/jujuy\/los-dos-frentes-oficialistas-se-quedaron-con-la-mayoria-de-los-cargos-en-salta\/","title":{"rendered":"Los dos frentes oficialistas se quedaron con la mayor\u00eda de los cargos en Salta"},"content":{"rendered":"\n<p>Unidos por Salta y Gana Salta obtuvieron 9 de las 12 bancas que estaban en juego en la C\u00e1mara de Senadores.<\/p>\n\n\n\n<div class=\"wp-block-image\"><figure class=\"aligncenter size-large\"><img decoding=\"async\" loading=\"lazy\" width=\"640\" height=\"480\" src=\"https:\/\/notinor.com\/jujuy\/wp-content\/uploads\/2021\/08\/SALTA-640x480.jpg\" alt=\"\" class=\"wp-image-308020\" srcset=\"https:\/\/notinor.com\/jujuy\/wp-content\/uploads\/2021\/08\/SALTA-640x480.jpg 640w, https:\/\/notinor.com\/jujuy\/wp-content\/uploads\/2021\/08\/SALTA-487x365.jpg 487w, https:\/\/notinor.com\/jujuy\/wp-content\/uploads\/2021\/08\/SALTA-768x576.jpg 768w, https:\/\/notinor.com\/jujuy\/wp-content\/uploads\/2021\/08\/SALTA-750x563.jpg 750w, https:\/\/notinor.com\/jujuy\/wp-content\/uploads\/2021\/08\/SALTA.jpg 1024w\" sizes=\"(max-width: 640px) 100vw, 640px\" \/><figcaption>Telam, Salta, 15 de agosto de 2021: El gobernador de Salta, Gustavo S\u00e1enz, expres\u00f3 hoy, luego de conocer los resultados de las elecciones legislativas provinciales, que \"es un orgullo poder decirle al pa\u00eds que en Salta no hay grietas\", y asegur\u00f3 que los dos frentes oficialistas, Unidos por Salta y Gana Salta, se quedaron con la mayor\u00eda de los cargos que se defin\u00edan en las elecciones provinciales.\nFoto: Luis Cornu\/cf\/Telam<\/figcaption><\/figure><\/div>\n\n\n\n<p>Los frentes oficialistas Unidos por Salta y Gana Salta se quedaron con 9 de las 12 bancas que estaban en juego en la C\u00e1mara de Senadores, adem\u00e1s de 20 de 30 diputados, 38 de 60 convencionales constituyentes y el intendente del municipio de Aguaray en las elecciones provinciales.<\/p>\n\n\n\n<p>\"Es un orgullo poder decirle al pa\u00eds que en Salta no hay grietas. Nuestra querida provincia hoy no se pint\u00f3 de amarillo, ni de azul ni de celeste. Se pint\u00f3 con el poncho salte\u00f1o, que llevamos en el coraz\u00f3n, para decirles a todo el pa\u00eds que es necesario que trabajemos juntos\", expres\u00f3 el gobernador Gustavo S\u00e1enz.<\/p>\n\n\n\n<p>El mandatario habl\u00f3 pasadas las 21 en el hotel Alejandro I, del centro de la capital salte\u00f1a, donde se reunieron los dirigentes y candidatos de los dos frentes oficialistas que compitieron en los comicios.<\/p>\n\n\n\n<p>El candidato de Unidos por Salta, Emiliano Durand, se adjudic\u00f3 el cargo de senador por el departamento Capital, con el 32,17% de los votos, seguido por el actual diputado nacional Mart\u00edn Grande, de Juntos por el Cambio (JxC), con el 17,5%, con la totalidad de las mesas escrutadas.<\/p>\n\n\n\n<p>En tanto, en la categor\u00eda a diputados provinciales del departamento Capital, el candidato m\u00e1s votado fue V\u00edctor Lamberto, del Partido Identidad Salte\u00f1a, que integra el frente oficialista Gana Salta, con el 20,51% de los sufragios.<\/p>\n\n\n\n<p>A \u00e9l lo siguen Bernardo Biella, del partido Salta Independiente, con el 14,21%, mientras que en tercer lugar qued\u00f3 el candidato Roque Cornejo, de JxC, con el 13,97%, e Isabel De Vita, del Frente de Todos (FdT), con el 7,14% de los votos.<\/p>\n\n\n\n<p>En el interior, el senador del departamento La Caldera ser\u00e1 H\u00e9ctor Calabr\u00f3, del Frente de Todos; en General G\u00fcemes gan\u00f3 Carlos Rosso, de Primero Salta; y en Chicoana, la senadur\u00eda qued\u00f3 en manos de Esteban D\u00b4Andrea, del Partido Renovador de Salta.<\/p>\n\n\n\n<p>Diego Cari, del frente kirchnerista Salta para Todos, ser\u00e1 el senador por Guachipas; Sergio Salda\u00f1o, de Unidos por Salta, gan\u00f3 en esta categor\u00eda en Cafayate; y Leopoldo Salva, de Unidos por Salta, en el departamento Los Andes, mientras que en Molinos el ganador result\u00f3 Walter Ab\u00e1n, de Gana Salta.<\/p>\n\n\n\n<p>Finalmente, en La Poma el actual senador Dani Nolasco, del Movimiento Memoria y Movilizaci\u00f3n, logr\u00f3 renovar su banca; al igual que el actual senador de Rosario de Lerma, Sergio Ramos, de Gana Salta; mientras que, en Cachi, gan\u00f3 Walter Wayar, de Salta para Todos.<\/p>\n\n\n\n<p>Otro cargo que generaba expectativas era el de intendente de Aguaray, del norte salte\u00f1o, un municipio que hab\u00eda sido intervenido debido a que el exintendente Jorge Enrique Prado est\u00e1 siendo juzgado por el millonario robo de ca\u00f1os del gasoducto del NEA.<\/p>\n\n\n\n<p>All\u00ed, Guillermo Aleman, de la Agrupaci\u00f3n Democr\u00e1tica Comunal \u2013tambi\u00e9n integrante de uno de los frentes oficialistas-, se quedaba con el 31,37% de los sufragios, sobre Roberto Balverdi, del Partido Justicialista, que alcanzaba el 21,24% de los votos, con el 95% de las mesas escrutadas.<\/p>\n\n\n\n<p>En cuanto a los convencionales constituyentes, que ser\u00e1n los responsables de trabajar en la reforma parcial de la Constituci\u00f3n provincial durante los pr\u00f3ximos tres meses, el espacio oficialista conquist\u00f3 38 cargos de los 60 que se disputaban.<\/p>\n\n\n\n<p>\"Hoy nace un nuevo movimiento en Salta, un movimiento provincial, donde abrimos la puerta, los brazos y el coraz\u00f3n a todos los salte\u00f1os de bien que quieran acompa\u00f1arnos para sacar a Salta adelante\", expres\u00f3 S\u00e1enz, tras lo que afirm\u00f3: \"en toda mi carrera pol\u00edtica nunca necesit\u00e9 ni ped\u00ed la bendici\u00f3n de un dirigente nacional\".<\/p>\n\n\n\n<p>Tambi\u00e9n destac\u00f3 que la del oficialismo salte\u00f1o \"fue una ingenier\u00eda electoral arriesgada, porque lo m\u00e1s f\u00e1cil era llevar una sola lista\", pero aclar\u00f3 que de esa manera \"dejaban a muchos sin participar\".<\/p>\n\n\n\n<p>\"Con estos dos frentes les dimos la posibilidad a todos aquellos que quer\u00edan presentar sus propuestas en cada rinc\u00f3n de la provincia\", indic\u00f3, tras lo que a\u00f1adi\u00f3: \"Fueron los salte\u00f1os los que determinaron que, de 30 diputados, 20 sean de este frente, de 60 convencionales 38 sean de este frente, y que de 12 senadores 9 sean de este frente\".<\/p>\n\n\n\n<p>Durante la jornada electoral, que se desarroll\u00f3 con normalidad, el 60,20% del padr\u00f3n se volc\u00f3 a las urnas de un total de 1.052.535 personas que estaban habilitadas para sufragar, y los salte\u00f1os votaron con el sistema de Boleta \u00danica Electr\u00f3nica.<\/p>\n\n\n\n<p>Siete frentes, 26 partidos y 36 agrupaciones municipales participaron de las elecciones provinciales, con 1.017 listas presentadas y un total de 10.676 candidatos.<\/p>\n\n\n\n<p>Inicialmente, la fecha estaba programada para el 4 julio, pero S\u00e1enz decidi\u00f3 posponerla por la complicada situaci\u00f3n que atravesaba la provincia por el coronavirus, en tanto esta noche el resultado del escrutinio provisorio se conoci\u00f3 dos horas y media despu\u00e9s de cerrados los comicios.<\/p>\n","protected":false},"excerpt":{"rendered":"<p>Unidos por Salta y Gana Salta obtuvieron 9 de las 12 bancas que estaban en juego en la C\u00e1mara de Senadores. Los frentes oficialistas Unidos por Salta y Gana Salta se quedaron con 9 de las 12 bancas que estaban en juego en la C\u00e1mara de Senadores, adem\u00e1s de 20 de 30 diputados, 38 de [&hellip;]<\/p>\n","protected":false},"author":5,"featured_media":308020,"comment_status":"open","ping_status":"open","sticky":false,"template":"","format":"standard","meta":{"_stopmodifiedupdate":false,"_modified_date":"","inline_featured_image":false},"categories":[5],"tags":[],"jetpack_featured_media_url":"https:\/\/notinor.com\/jujuy\/wp-content\/uploads\/2021\/08\/SALTA.jpg","_links":{"self":[{"href":"https:\/\/notinor.com\/jujuy\/wp-json\/wp\/v2\/posts\/308019"}],"collection":[{"href":"https:\/\/notinor.com\/jujuy\/wp-json\/wp\/v2\/posts"}],"about":[{"href":"https:\/\/notinor.com\/jujuy\/wp-json\/wp\/v2\/types\/post"}],"author":[{"embeddable":true,"href":"https:\/\/notinor.com\/jujuy\/wp-json\/wp\/v2\/users\/5"}],"replies":[{"embeddable":true,"href":"https:\/\/notinor.com\/jujuy\/wp-json\/wp\/v2\/comments?post=308019"}],"version-history":[{"count":1,"href":"https:\/\/notinor.com\/jujuy\/wp-json\/wp\/v2\/posts\/308019\/revisions"}],"predecessor-version":[{"id":308021,"href":"https:\/\/notinor.com\/jujuy\/wp-json\/wp\/v2\/posts\/308019\/revisions\/308021"}],"wp:featuredmedia":[{"embeddable":true,"href":"https:\/\/notinor.com\/jujuy\/wp-json\/wp\/v2\/media\/308020"}],"wp:attachment":[{"href":"https:\/\/notinor.com\/jujuy\/wp-json\/wp\/v2\/media?parent=308019"}],"wp:term":[{"taxonomy":"category","embeddable":true,"href":"https:\/\/notinor.com\/jujuy\/wp-json\/wp\/v2\/categories?post=308019"},{"taxonomy":"post_tag","embeddable":true,"href":"https:\/\/notinor.com\/jujuy\/wp-json\/wp\/v2\/tags?post=308019"}],"curies":[{"name":"wp","href":"https:\/\/api.w.org\/{rel}","templated":true}]}}