{"id":308016,"date":"2021-08-16T11:47:03","date_gmt":"2021-08-16T14:47:03","guid":{"rendered":"https:\/\/notinor.com\/jujuy\/?p=308016"},"modified":"2021-08-16T11:47:07","modified_gmt":"2021-08-16T14:47:07","slug":"elisa-carrio-explico-por-que-no-apoya-el-juicio-politico-contra-alberto-fernandez","status":"publish","type":"post","link":"https:\/\/notinor.com\/jujuy\/elisa-carrio-explico-por-que-no-apoya-el-juicio-politico-contra-alberto-fernandez\/","title":{"rendered":"Elisa Carri\u00f3 explic\u00f3 por qu\u00e9 no apoya el juicio pol\u00edtico contra Alberto Fern\u00e1ndez"},"content":{"rendered":"\n<p>La exdiputada nacional se\u00f1al\u00f3 que prefiere que \"no gobierne Crisrina Kirchner\".<\/p>\n\n\n\n<div class=\"wp-block-image\"><figure class=\"aligncenter size-large\"><img decoding=\"async\" loading=\"lazy\" width=\"640\" height=\"480\" src=\"https:\/\/notinor.com\/jujuy\/wp-content\/uploads\/2021\/08\/ELISA-640x480.jpg\" alt=\"\" class=\"wp-image-308017\" srcset=\"https:\/\/notinor.com\/jujuy\/wp-content\/uploads\/2021\/08\/ELISA-640x480.jpg 640w, https:\/\/notinor.com\/jujuy\/wp-content\/uploads\/2021\/08\/ELISA-487x365.jpg 487w, https:\/\/notinor.com\/jujuy\/wp-content\/uploads\/2021\/08\/ELISA.jpg 700w\" sizes=\"(max-width: 640px) 100vw, 640px\" \/><\/figure><\/div>\n\n\n\n<p>En medio del esc\u00e1ndalo que gener\u00f3 la foto del brindis en la Quinta de Olivos en plena cuarentena, Juntos por el Cambio realizar\u00e1 un pedido de juicio pol\u00edtico al presidente Alberto Fern\u00e1ndez.\u00a0<strong>Sin embargo, desde la Coalici\u00f3n C\u00edvica no acompa\u00f1ar\u00e1n.<\/strong><\/p>\n\n\n\n<p>Sobre esto la l\u00edder del espacio, Elisa Carri\u00f3, sintetiz\u00f3 los motivos con una frase:&nbsp;<strong>\u201cPrefiero que no gobierne Cristina Kirchner\u201d.<\/strong>&nbsp;Esto es por las las consecuencias pol\u00edticas que podr\u00eda tener un proceso de esas caracter\u00edsticas en el Congreso.<\/p>\n\n\n\n<p>\u201cNo tenemos que ser funcionales al enojo de Cristina, para que despu\u00e9s de la derrota electoral lo culpe, lo haga renunciar y ella asuma la Presidencia, porque ah\u00ed s\u00ed vamos a estar en Rusia y en Venezuela;&nbsp;<strong>yo prefiero que no gobierne Cristina Kirchner\u201d, asegur\u00f3 Carri\u00f3.<\/strong><\/p>\n\n\n\n<p>La oposici\u00f3n no tiene los votos necesarios para avanzar con la propuesta. Para dar vuelta ese escenario, necesita irremediablemente del acompa\u00f1amiento de legisladores que responden la vicepresidenta.<\/p>\n\n\n\n<p>La ex diputada, que este a\u00f1o no ser\u00e1 candidata, asegur\u00f3 adem\u00e1s que ella no hace denuncias durante las campa\u00f1as electorales porque pueden desvirtuar el foco de debate.<\/p>\n\n\n\n<p>Con el objetivo de despejar el esc\u00e1ndalo y cerrar filas con sus socios pol\u00edticos del Frente de Todos,&nbsp;Alberto Fern\u00e1ndez ir\u00e1 junto a Cristina Kirchner y Sergio Massa a Avellaneda, tierra de Jorge Ferraresi, ex intendente y actual integrante del gabinete nacional.Fuente: Infobae<\/p>\n\n\n\n<p>TEMAS:<\/p>\n","protected":false},"excerpt":{"rendered":"<p>La exdiputada nacional se\u00f1al\u00f3 que prefiere que \"no gobierne Crisrina Kirchner\". En medio del esc\u00e1ndalo que gener\u00f3 la foto del brindis en la Quinta de Olivos en plena cuarentena, Juntos por el Cambio realizar\u00e1 un pedido de juicio pol\u00edtico al presidente Alberto Fern\u00e1ndez.\u00a0Sin embargo, desde la Coalici\u00f3n C\u00edvica no acompa\u00f1ar\u00e1n. Sobre esto la l\u00edder del [&hellip;]<\/p>\n","protected":false},"author":5,"featured_media":308017,"comment_status":"open","ping_status":"open","sticky":false,"template":"","format":"standard","meta":{"_stopmodifiedupdate":false,"_modified_date":"","inline_featured_image":false},"categories":[501],"tags":[],"jetpack_featured_media_url":"https:\/\/notinor.com\/jujuy\/wp-content\/uploads\/2021\/08\/ELISA.jpg","_links":{"self":[{"href":"https:\/\/notinor.com\/jujuy\/wp-json\/wp\/v2\/posts\/308016"}],"collection":[{"href":"https:\/\/notinor.com\/jujuy\/wp-json\/wp\/v2\/posts"}],"about":[{"href":"https:\/\/notinor.com\/jujuy\/wp-json\/wp\/v2\/types\/post"}],"author":[{"embeddable":true,"href":"https:\/\/notinor.com\/jujuy\/wp-json\/wp\/v2\/users\/5"}],"replies":[{"embeddable":true,"href":"https:\/\/notinor.com\/jujuy\/wp-json\/wp\/v2\/comments?post=308016"}],"version-history":[{"count":1,"href":"https:\/\/notinor.com\/jujuy\/wp-json\/wp\/v2\/posts\/308016\/revisions"}],"predecessor-version":[{"id":308018,"href":"https:\/\/notinor.com\/jujuy\/wp-json\/wp\/v2\/posts\/308016\/revisions\/308018"}],"wp:featuredmedia":[{"embeddable":true,"href":"https:\/\/notinor.com\/jujuy\/wp-json\/wp\/v2\/media\/308017"}],"wp:attachment":[{"href":"https:\/\/notinor.com\/jujuy\/wp-json\/wp\/v2\/media?parent=308016"}],"wp:term":[{"taxonomy":"category","embeddable":true,"href":"https:\/\/notinor.com\/jujuy\/wp-json\/wp\/v2\/categories?post=308016"},{"taxonomy":"post_tag","embeddable":true,"href":"https:\/\/notinor.com\/jujuy\/wp-json\/wp\/v2\/tags?post=308016"}],"curies":[{"name":"wp","href":"https:\/\/api.w.org\/{rel}","templated":true}]}}