{"id":308005,"date":"2021-08-16T11:26:21","date_gmt":"2021-08-16T14:26:21","guid":{"rendered":"https:\/\/notinor.com\/jujuy\/?p=308005"},"modified":"2021-08-16T11:26:26","modified_gmt":"2021-08-16T14:26:26","slug":"la-vacuna-argentina-podria-entrar-en-fase-1-a-principios-de-2022","status":"publish","type":"post","link":"https:\/\/notinor.com\/jujuy\/la-vacuna-argentina-podria-entrar-en-fase-1-a-principios-de-2022\/","title":{"rendered":"La vacuna argentina podr\u00eda entrar en fase 1 a principios de 2022"},"content":{"rendered":"\n<p>El presidente de la Agencia Nacional de Promoci\u00f3n de la Investigaci\u00f3n, el Desarrollo Tecnol\u00f3gico y la Innovaci\u00f3n, Fernando Peirano, destac\u00f3 que el proyecto desarrollado por la Universidad Nacional de San Mart\u00edn y el Conicet, es \"el que est\u00e1 avanzando m\u00e1s r\u00e1pido\".<a><\/a><a><\/a><a><\/a><a><\/a><a><\/a><img decoding=\"async\" src=\"https:\/\/www.telam.com.ar\/advf\/imagenes\/2021\/08\/610d28dea527e_1004x565.jpg\" alt=\"Peirano explic\u00f3 que la vacuna est\u00e1 pensada para ser &quot;un booster, es decir un refuerzo&quot;\">Peirano explic\u00f3 que la vacuna est\u00e1 pensada para ser \"un booster, es decir un refuerzo\"<br>La vacuna contra el coronavirus que est\u00e1n desarrollando en conjunto el Conicet y la Universidad de San Mart\u00edn (Unsam) ser\u00e1 utilizada como un \"booster\", un refuerzo de otras, y los ensayos con voluntarios de fase 1 podr\u00edan comenzar a principios de 2022, asegur\u00f3 este lunes el presidente de la Agencia Nacional de Promoci\u00f3n de la Investigaci\u00f3n, el Desarrollo Tecnol\u00f3gico y la Innovaci\u00f3n (I+D+i), Fernando Peirano.<\/p>\n\n\n\n<p>El funcionario destac\u00f3 que&nbsp;<strong>el proyecto de la vacuna argentina contra el coronavirus \"Arvac Cecilia Grierson<\/strong>\", dirigido por Juliana Cassataro, del equipo del Instituto de Investigaciones Biotecnol\u00f3gicas de la Universidad Nacional de San Mart\u00edn y el Conicet,&nbsp;<strong>es \"el que est\u00e1 avanzando m\u00e1s r\u00e1pido\".<\/strong><\/p>\n\n\n\n<p>\"La expectativa es que bien a principio del a\u00f1o que viene comience el trabajo en voluntarios, es decir la fase 1, para probar la seguridad y la eficacia de esa vacuna\", se\u00f1al\u00f3 Peirano en di\u00e1logo con radio AM 750.<\/p>\n\n\n\n<p>La vacuna en desarrollo es el primer proyecto seleccionado por la Agencia Nacional de Promoci\u00f3n de la Investigaci\u00f3n, el Desarrollo Tecnol\u00f3gico y la Innovaci\u00f3n (Agencia I+D+i) en el marco de la Unidad Coronavirus que integra junto con el Ministerio de Ciencia, Tecnolog\u00eda e Innovaci\u00f3n de la Naci\u00f3n y el Conicet.<\/p>\n\n\n\n<p><\/p>\n\n\n\n<p><strong>\"Est\u00e1 pensada para ser un booster, es decir un refuerzo\"<\/strong>, explic\u00f3 Peirano y estim\u00f3 que se podr\u00e1 utilizar para ampliar el calendario de vacunaci\u00f3n \"incluyendo una vacuna regular frente al coronavirus\".<\/p>\n\n\n\n<p>En ese sentido,&nbsp;<strong>destac\u00f3 la importancia de que esa vacuna regular \"sea dise\u00f1ada, producida y aplicada en Argentina, y tambi\u00e9n en Am\u00e9rica Latina y en otros pa\u00edses del mundo\".<\/strong><\/p>\n\n\n\n<p>El grupo interdisciplinario de investigadores e investigadoras obtuvo dos prototipos de vacuna que en estudios en modelos animales demostraron capacidad para inducir muy buenos niveles de anticuerpos neutralizantes del virus y respuesta inmune celular T, en l\u00ednea con los requerimientos actuales para vacunas que previenen la Covid-19.<\/p>\n\n\n\n<p>Por otro lado,&nbsp;<strong>el funcionario remarc\u00f3 que la vacuna en desarrollo \"Arvac Cecilia Grierson\" no es el \u00fanico proyecto, sino que \"hay otros en marcha que vienen atr\u00e1s y los estamos terminando de evaluar&nbsp;<\/strong>para darle un apoyo fuerte, el apoyo de los recursos necesarios para atravesar la fase precl\u00ednica\".<\/p>\n\n\n\n<p>\"As\u00ed que la Argentina ah\u00ed tiene un potencial donde la vacuna sin duda es salud, pero tambi\u00e9n es desarrollo, es capacidad de presentarnos al mundo y contribuir con algo que es muy necesario hoy por hoy\", finaliz\u00f3.<\/p>\n","protected":false},"excerpt":{"rendered":"<p>El presidente de la Agencia Nacional de Promoci\u00f3n de la Investigaci\u00f3n, el Desarrollo Tecnol\u00f3gico y la Innovaci\u00f3n, Fernando Peirano, destac\u00f3 que el proyecto desarrollado por la Universidad Nacional de San Mart\u00edn y el Conicet, es \"el que est\u00e1 avanzando m\u00e1s r\u00e1pido\".Peirano explic\u00f3 que la vacuna est\u00e1 pensada para ser \"un booster, es decir un refuerzo\"La [&hellip;]<\/p>\n","protected":false},"author":40,"featured_media":308007,"comment_status":"open","ping_status":"open","sticky":false,"template":"","format":"standard","meta":{"_stopmodifiedupdate":false,"_modified_date":"","inline_featured_image":false},"categories":[5],"tags":[],"jetpack_featured_media_url":"https:\/\/notinor.com\/jujuy\/wp-content\/uploads\/2021\/08\/610d28dea527e_1004x565.jpg","_links":{"self":[{"href":"https:\/\/notinor.com\/jujuy\/wp-json\/wp\/v2\/posts\/308005"}],"collection":[{"href":"https:\/\/notinor.com\/jujuy\/wp-json\/wp\/v2\/posts"}],"about":[{"href":"https:\/\/notinor.com\/jujuy\/wp-json\/wp\/v2\/types\/post"}],"author":[{"embeddable":true,"href":"https:\/\/notinor.com\/jujuy\/wp-json\/wp\/v2\/users\/40"}],"replies":[{"embeddable":true,"href":"https:\/\/notinor.com\/jujuy\/wp-json\/wp\/v2\/comments?post=308005"}],"version-history":[{"count":1,"href":"https:\/\/notinor.com\/jujuy\/wp-json\/wp\/v2\/posts\/308005\/revisions"}],"predecessor-version":[{"id":308008,"href":"https:\/\/notinor.com\/jujuy\/wp-json\/wp\/v2\/posts\/308005\/revisions\/308008"}],"wp:featuredmedia":[{"embeddable":true,"href":"https:\/\/notinor.com\/jujuy\/wp-json\/wp\/v2\/media\/308007"}],"wp:attachment":[{"href":"https:\/\/notinor.com\/jujuy\/wp-json\/wp\/v2\/media?parent=308005"}],"wp:term":[{"taxonomy":"category","embeddable":true,"href":"https:\/\/notinor.com\/jujuy\/wp-json\/wp\/v2\/categories?post=308005"},{"taxonomy":"post_tag","embeddable":true,"href":"https:\/\/notinor.com\/jujuy\/wp-json\/wp\/v2\/tags?post=308005"}],"curies":[{"name":"wp","href":"https:\/\/api.w.org\/{rel}","templated":true}]}}