{"id":308000,"date":"2021-08-16T11:19:45","date_gmt":"2021-08-16T14:19:45","guid":{"rendered":"https:\/\/notinor.com\/jujuy\/?p=308000"},"modified":"2021-08-16T11:19:50","modified_gmt":"2021-08-16T14:19:50","slug":"diplomaticos-y-otros-ciudadanos-aceleran-su-salida-de-afganistan","status":"publish","type":"post","link":"https:\/\/notinor.com\/jujuy\/diplomaticos-y-otros-ciudadanos-aceleran-su-salida-de-afganistan\/","title":{"rendered":"Diplom\u00e1ticos y otros ciudadanos aceleran su salida de Afganist\u00e1n"},"content":{"rendered":"\n<p>Estados Unidos tom\u00f3 las riendas del control del tr\u00e1fico a\u00e9reo en el aeropuerto de Kabul para facilitar sus evacuaciones y las de sus aliados.<\/p>\n\n\n\n<div class=\"wp-block-image\"><figure class=\"aligncenter size-large is-resized\"><img decoding=\"async\" loading=\"lazy\" src=\"https:\/\/notinor.com\/jujuy\/wp-content\/uploads\/2021\/08\/afganistan-640x480.jpg\" alt=\"\" class=\"wp-image-308001\" width=\"548\" height=\"411\" srcset=\"https:\/\/notinor.com\/jujuy\/wp-content\/uploads\/2021\/08\/afganistan-640x480.jpg 640w, https:\/\/notinor.com\/jujuy\/wp-content\/uploads\/2021\/08\/afganistan-487x365.jpg 487w, https:\/\/notinor.com\/jujuy\/wp-content\/uploads\/2021\/08\/afganistan-768x576.jpg 768w, https:\/\/notinor.com\/jujuy\/wp-content\/uploads\/2021\/08\/afganistan-750x563.jpg 750w, https:\/\/notinor.com\/jujuy\/wp-content\/uploads\/2021\/08\/afganistan.jpg 1024w\" sizes=\"(max-width: 548px) 100vw, 548px\" \/><\/figure><\/div>\n\n\n\n<p>Los gobiernos extranjeros han acelerado la evacuaci\u00f3n de sus diplom\u00e1ticos y otros ciudadanos de Afganist\u00e1n tras la toma del poder por los talibanes y el caos que reina en Kabul, a\u00fan m\u00e1s visible en su aeropuerto por donde los empleados de las embajadas y miles de civiles tratan de salir del pa\u00eds.<\/p>\n\n\n\n<p>Estados Unidos ha culminado el traslado al aeropuerto de todo el personal de su embajada, aproximadamente 4.000 personas, horas despu\u00e9s de iniciar una evacuaci\u00f3n a\u00e9rea.<\/p>\n\n\n\n<p>Para reforzar esa operaci\u00f3n, el Pent\u00e1gono autoriz\u00f3 este domingo el env\u00edo de 1.000 soldados m\u00e1s a Kabul, lo que significa que, en un plazo de 48 horas, habr\u00e1 \"aproximadamente 6.000\" militares estadounidenses en el aeropuerto de la capital afgana, confirm\u00f3 el portavoz del Pent\u00e1gono, John Kirby.<\/p>\n\n\n\n<p>El primer avi\u00f3n militar de transporte tipo A400M de las fuerzas a\u00e9reas alemanas parti\u00f3 sobre las 05.00 GMT de hoy del aeropuerto de Wunstorf (centro de Alemania) para participar en la evacuaci\u00f3n del personal de la embajada y otros nacionales, as\u00ed como trabajadores locales afganos.<\/p>\n\n\n\n<p>De Kabul sali\u00f3 ya la noche pasada un grupo de unos 40 alemanes a bordo de un aparato estadounidense, que fueron trasladados a Doha, en el emirato de Qatar, informa la televisi\u00f3n p\u00fablica ARD.<\/p>\n\n\n\n<p>La totalidad del personal de la embajada y sus familiares se encuentra en la terminal militar del aeropuerto de Kabul. Ah\u00ed permanecer\u00e1 un equipo m\u00ednimo, inform\u00f3 el ministro de Exteriores, Heiko Maas, para organizar el operativo.<\/p>\n\n\n\n<p>El prop\u00f3sito de Alemania es evacuar a \"cuantas personas sea posible\", tanto personal de la embajada y sus familiares como colaboradores locales, afirm\u00f3 asimismo la ministra de Defensa, Annegret Kramp-Karrenbauer.<\/p>\n\n\n\n<p>Jap\u00f3n evacuar\u00e1 tambi\u00e9n al personal de su embajada y ha pedido a sus nacionales residentes en Afganist\u00e1n que abandonen el pa\u00eds si no hay una causa de fuerza mayor que los retenga all\u00ed.<\/p>\n\n\n\n<p>La delegaci\u00f3n diplom\u00e1tica japonesa, integrada por m\u00e1s de diez empleados, ya ha abandonado la embajada y est\u00e1 a la espera de ser evacuada del territorio, seg\u00fan detalles publicados este lunes por la cadena p\u00fablica NHK.<\/p>\n\n\n\n<p>Australia y Nueva Zelanda tambi\u00e9n informaron este lunes que evacuar\u00e1n a sus ciudadanos y a decenas de afganos que trabajaron para ellos en Afganist\u00e1n.<\/p>\n\n\n\n<p>Espa\u00f1a env\u00eda este lunes dos aviones con destino a Dub\u00e1i para cubrir la primera fase de repatriaci\u00f3n del personal de la embajada de Kabul, de los espa\u00f1oles que quedan all\u00ed y \"de todos aquellos afganos y sus familias que durante a\u00f1os han colaborado con nuestro pa\u00eds\".<\/p>\n\n\n\n<p>As\u00ed lo han informado esta noche los Ministerios de Exteriores y Defensa en un comunicado conjunto, en el que destacan que se aceleran los planes de evacuaci\u00f3n tras la toma de Kabul por los talibanes.<\/p>\n\n\n\n<p>Se trata de dos aviones A400, un avi\u00f3n de transporte militar de Airbus con capacidad para m\u00e1s de un centenar de personas cada uno de ellos.<\/p>\n\n\n\n<p>El primer vuelo checo de evacuaci\u00f3n de Afganist\u00e1n aterriz\u00f3 este lunes en Praga con 46 personas a bordo, inform\u00f3 el primer ministro de la Rep\u00fablica Checa, Andrej Babis.<\/p>\n\n\n\n<p>Tras precisar que \"46 checos y traductores afganos con sus familias\" llegaron bien, Babis agradeci\u00f3 a las Fuerzas Armadas Checas por el exitoso operativo y asegur\u00f3 que se planean m\u00e1s vuelos de evacuaci\u00f3n, inform\u00f3 Radio Praga.<\/p>\n\n\n\n<p>El Ministerio de Exteriores saud\u00ed anunci\u00f3 este domingo que todo el personal de su misi\u00f3n diplom\u00e1tica en Kabul ha sido evacuado y ya se encuentra en Arabia Saud\u00ed \"en buen estado\", tras la entrada en la capital afgana de los talibanes.<\/p>\n\n\n\n<p>Tambi\u00e9n Emiratos \u00c1rabes Unidos se uni\u00f3 al grupo de pa\u00edses que est\u00e1n evacuando su embajada al anunciar en las \u00faltimas horas que est\u00e1 llevando a cabo la salida de su personal diplom\u00e1tico y que estaba facilitando la marcha de los de otros pa\u00edses a trav\u00e9s de sus aeropuertos.<\/p>\n\n\n\n<p>Suecia ha completado la evacuaci\u00f3n del personal de su embajada en Afganist\u00e1n y prepara ya la de los colaboradores afganos, informaron hoy fuentes del Ministerio de Exteriores de Estocolmo.<\/p>\n\n\n\n<p>Suecia, como Noruega y Dinamarca, comunicaron el cierre de sus embajadas el pasado fin de semana y aceleraron tambi\u00e9n entonces los preparativos para la evacuaci\u00f3n de su personal.<\/p>\n\n\n\n<p>Finlandia cerr\u00f3 hoy formalmente su legaci\u00f3n diplom\u00e1tica en Kabul e inici\u00f3 la evacuaci\u00f3n tanto de su personal como de sus trabajadores afganos, inform\u00f3 el Ministerio de Exteriores desde Helsinki.<\/p>\n\n\n\n<p>Por otro lado, miles de personas desesperadas por huir de Afganist\u00e1n desataron el caos este lunes en el aeropuerto de Kabul, intentando abordar vuelos de repatriaci\u00f3n en el primer d\u00eda del pa\u00eds bajo el control de los talibanes, despu\u00e9s de que el propio presidente afgano, Ashra Ghani, huyera ayer en secreto.<\/p>\n\n\n\n<p>La mayor\u00eda son ciudadanos afganos que se apresuraron al aeropuerto llevados por la idea de que Estados Unidos va a sacar a los afganos, dijo a Efe un funcionario del aeropuerto, que pidi\u00f3 el anonimato.<\/p>\n","protected":false},"excerpt":{"rendered":"<p>Estados Unidos tom\u00f3 las riendas del control del tr\u00e1fico a\u00e9reo en el aeropuerto de Kabul para facilitar sus evacuaciones y las de sus aliados. Los gobiernos extranjeros han acelerado la evacuaci\u00f3n de sus diplom\u00e1ticos y otros ciudadanos de Afganist\u00e1n tras la toma del poder por los talibanes y el caos que reina en Kabul, a\u00fan [&hellip;]<\/p>\n","protected":false},"author":5,"featured_media":308001,"comment_status":"open","ping_status":"open","sticky":false,"template":"","format":"standard","meta":{"_stopmodifiedupdate":false,"_modified_date":"","inline_featured_image":false},"categories":[6],"tags":[],"jetpack_featured_media_url":"https:\/\/notinor.com\/jujuy\/wp-content\/uploads\/2021\/08\/afganistan.jpg","_links":{"self":[{"href":"https:\/\/notinor.com\/jujuy\/wp-json\/wp\/v2\/posts\/308000"}],"collection":[{"href":"https:\/\/notinor.com\/jujuy\/wp-json\/wp\/v2\/posts"}],"about":[{"href":"https:\/\/notinor.com\/jujuy\/wp-json\/wp\/v2\/types\/post"}],"author":[{"embeddable":true,"href":"https:\/\/notinor.com\/jujuy\/wp-json\/wp\/v2\/users\/5"}],"replies":[{"embeddable":true,"href":"https:\/\/notinor.com\/jujuy\/wp-json\/wp\/v2\/comments?post=308000"}],"version-history":[{"count":1,"href":"https:\/\/notinor.com\/jujuy\/wp-json\/wp\/v2\/posts\/308000\/revisions"}],"predecessor-version":[{"id":308003,"href":"https:\/\/notinor.com\/jujuy\/wp-json\/wp\/v2\/posts\/308000\/revisions\/308003"}],"wp:featuredmedia":[{"embeddable":true,"href":"https:\/\/notinor.com\/jujuy\/wp-json\/wp\/v2\/media\/308001"}],"wp:attachment":[{"href":"https:\/\/notinor.com\/jujuy\/wp-json\/wp\/v2\/media?parent=308000"}],"wp:term":[{"taxonomy":"category","embeddable":true,"href":"https:\/\/notinor.com\/jujuy\/wp-json\/wp\/v2\/categories?post=308000"},{"taxonomy":"post_tag","embeddable":true,"href":"https:\/\/notinor.com\/jujuy\/wp-json\/wp\/v2\/tags?post=308000"}],"curies":[{"name":"wp","href":"https:\/\/api.w.org\/{rel}","templated":true}]}}