{"id":307993,"date":"2021-08-16T11:10:02","date_gmt":"2021-08-16T14:10:02","guid":{"rendered":"https:\/\/notinor.com\/jujuy\/?p=307993"},"modified":"2021-08-16T11:10:08","modified_gmt":"2021-08-16T14:10:08","slug":"desbarataron-una-fiesta-clandestina-y-demoraron-a-39-personas-en-ledesma","status":"publish","type":"post","link":"https:\/\/notinor.com\/jujuy\/desbarataron-una-fiesta-clandestina-y-demoraron-a-39-personas-en-ledesma\/","title":{"rendered":"Desbarataron una fiesta clandestina y demoraron a 39 personas en Ledesma"},"content":{"rendered":"\n<p>Durante la madrugada de hoy, Polic\u00eda de la Provincia procedi\u00f3 al arresto de 39 personas que participaban de una fiesta clandestina que se realizaba en un pub de la localidad de Chalic\u00e1n.<\/p>\n\n\n\n<figure class=\"wp-block-image is-resized\"><img decoding=\"async\" loading=\"lazy\" src=\"https:\/\/us.cdn.eltribuno.com\/082021\/1629119682046.jpg?&amp;cw=320\" alt=\"39 personas arrestadas en una fiesta clandestina\" width=\"1124\" height=\"643\"\/><\/figure>\n\n\n\n<p>Esta madrugada, personal de la polic\u00eda de la Unidad Regional 2 y 4, desbarataron una\u00a0<strong>fiesta clandestina<\/strong>\u00a0que se estaba realizando en la localidad\u00a0<strong>Chalican<\/strong>, perteneciente al departamento de\u00a0<strong>Ledesma<\/strong>.<\/p>\n\n\n\n<p>La fiesta se estaba realizando en un Pub de la zona, donde participaban&nbsp;<strong>39 personas<\/strong>&nbsp;que no respetaban ninguna medida sanitaria, ni distanciamiento ni el uso de barbijo. Adem\u00e1s todos se encontraban bailando y consumiendo bebidas alcoh\u00f3licas.<\/p>\n\n\n\n<p>Ante esta situaci\u00f3n, el personal policial de la unidad regional 2 y 4 procedieron a la demora de las 39 personas que quedaron alojadas en la Seccional 40 de la zona a disposici\u00f3n de las autoridades contravencionales.<\/p>\n\n\n\n<figure><iframe loading=\"lazy\" src=\"https:\/\/www.facebook.com\/plugins\/post.php?href=https%3A%2F%2Fwww.facebook.com%2FJefaturadePolicia%2Fposts%2F857544094870199&amp;show_text=true&amp;width=500\" width=\"500\" height=\"704\" allowfullscreen=\"allowfullscreen\"><\/iframe><\/figure>\n\n\n\n<p>Cabe recordar que la propagaci\u00f3n del virus que nos azota desde hace m\u00e1s de un a\u00f1o y medio, se da mayormente en las reuniones y juntadas no permitidas por la cantidad de participantes y mayormente por no respetar con las medidas sanitarias.<\/p>\n\n\n\n<p>Desde el COE provincial, ya se hab\u00eda anunciado que los picos de contagios por coronavirus se dieron en este 2021 en las fechas especiales como ser d\u00eda del padre y el d\u00eda del amigo.<\/p>\n\n\n\n<p>Absolutamente nadie de los presentes se encontraba cumpliendo con las medidas de bioseguridad y distanciamiento social. Todos los arrestados quedaron a disposici\u00f3n del juzgado contravencional ya que se encontraban violando las restricciones vigentes por la pandemia de coronavirus.<\/p>\n","protected":false},"excerpt":{"rendered":"<p>Durante la madrugada de hoy, Polic\u00eda de la Provincia procedi\u00f3 al arresto de 39 personas que participaban de una fiesta clandestina que se realizaba en un pub de la localidad de Chalic\u00e1n. Esta madrugada, personal de la polic\u00eda de la Unidad Regional 2 y 4, desbarataron una\u00a0fiesta clandestina\u00a0que se estaba realizando en la localidad\u00a0Chalican, perteneciente [&hellip;]<\/p>\n","protected":false},"author":40,"featured_media":307994,"comment_status":"open","ping_status":"open","sticky":false,"template":"","format":"standard","meta":{"_stopmodifiedupdate":false,"_modified_date":"","inline_featured_image":false},"categories":[3],"tags":[],"jetpack_featured_media_url":"https:\/\/notinor.com\/jujuy\/wp-content\/uploads\/2021\/08\/fiesta-clandestina.png","_links":{"self":[{"href":"https:\/\/notinor.com\/jujuy\/wp-json\/wp\/v2\/posts\/307993"}],"collection":[{"href":"https:\/\/notinor.com\/jujuy\/wp-json\/wp\/v2\/posts"}],"about":[{"href":"https:\/\/notinor.com\/jujuy\/wp-json\/wp\/v2\/types\/post"}],"author":[{"embeddable":true,"href":"https:\/\/notinor.com\/jujuy\/wp-json\/wp\/v2\/users\/40"}],"replies":[{"embeddable":true,"href":"https:\/\/notinor.com\/jujuy\/wp-json\/wp\/v2\/comments?post=307993"}],"version-history":[{"count":1,"href":"https:\/\/notinor.com\/jujuy\/wp-json\/wp\/v2\/posts\/307993\/revisions"}],"predecessor-version":[{"id":307995,"href":"https:\/\/notinor.com\/jujuy\/wp-json\/wp\/v2\/posts\/307993\/revisions\/307995"}],"wp:featuredmedia":[{"embeddable":true,"href":"https:\/\/notinor.com\/jujuy\/wp-json\/wp\/v2\/media\/307994"}],"wp:attachment":[{"href":"https:\/\/notinor.com\/jujuy\/wp-json\/wp\/v2\/media?parent=307993"}],"wp:term":[{"taxonomy":"category","embeddable":true,"href":"https:\/\/notinor.com\/jujuy\/wp-json\/wp\/v2\/categories?post=307993"},{"taxonomy":"post_tag","embeddable":true,"href":"https:\/\/notinor.com\/jujuy\/wp-json\/wp\/v2\/tags?post=307993"}],"curies":[{"name":"wp","href":"https:\/\/api.w.org\/{rel}","templated":true}]}}