{"id":307990,"date":"2021-08-16T11:04:40","date_gmt":"2021-08-16T14:04:40","guid":{"rendered":"https:\/\/notinor.com\/jujuy\/?p=307990"},"modified":"2021-08-16T11:04:44","modified_gmt":"2021-08-16T14:04:44","slug":"como-funcionan-los-servicios-en-jujuy-hoy-feriado","status":"publish","type":"post","link":"https:\/\/notinor.com\/jujuy\/como-funcionan-los-servicios-en-jujuy-hoy-feriado\/","title":{"rendered":"Como funcionan los servicios en Jujuy hoy feriado"},"content":{"rendered":"\n<p>La Municipalidad de San Salvador de Jujuy inform\u00f3 que la modalidad de las prestaciones de los servicios para el feriado del 16 de agosto tiene, por ejemplo, a la recolecci\u00f3n de residuos trabajando de manera normal, aunque en el caso de la limpieza y el barrido tendr\u00e1n servicio reducido. El servicio especial de micro basurales tendr\u00e1 funcionamiento normal.<\/p>\n\n\n\n<figure class=\"wp-block-image is-resized\"><img decoding=\"async\" loading=\"lazy\" src=\"https:\/\/media.todojujuy.com\/p\/c709e6d533e04ae4dd8dfbb7a6d5ef6d\/adjuntos\/227\/imagenes\/001\/391\/0001391157\/recolector-residuos.png\" alt=\"San Salvador de Jujuy: modifican el horario de recolecci\u00f3n de residuos\" width=\"1157\" height=\"652\"\/><\/figure>\n\n\n\n<p>La empresa LIMSA inform\u00f3 que la recolecci\u00f3n de residuos domiciliarios, comercial y pat\u00f3genos, ser\u00e1 normal, al igual que el barrido en la v\u00eda p\u00fablica y la recolecci\u00f3n de contenedores municipales, pero en el caso del barrido mec\u00e1nico no habr\u00e1 servicio.<\/p>\n\n\n\n<p>Los mercados municipales, seg\u00fan inform\u00f3 la Direcci\u00f3n de Mercados, funcionar\u00e1n con horarios especiales. Por ejemplo el Mercado Municipal de Concentraci\u00f3n y Abasto trabajar\u00e1 de 7 a 14: el Mercado Central 6 de Agosto de 8 a 12:30, el Municipal Hip\u00f3lito Yrigoyen de 8 a 12:30, y el del Sur Municipal de 9 a 14. El martes 17 de agosto la atenci\u00f3n ser\u00e1 normal en los dos turnos, ma\u00f1ana y tarde.<\/p>\n\n\n\n<figure class=\"wp-block-image\"><img decoding=\"async\" src=\"https:\/\/media.todojujuy.com\/p\/ef460a6ccbf76ab77e8cbf9e01b65a8d\/adjuntos\/227\/imagenes\/001\/343\/0001343102\/mercados.png?0000-00-00-00-00-00\" alt=\"\"\/><\/figure>\n\n\n\n<p>En cuanto a los cementerios indicaron que permanecer\u00e1n abiertos de 9 a 17 para visitas, bajo el cumplimiento de las medidas de bioseguridad dispuestas por el COE. Mientras que la administraci\u00f3n atender\u00e1 de 9 a 12 en el Cementerio El Salvador.<\/p>\n\n\n\n<p>En el caso del transporte urbano de pasajeros, es decir los colectivos, las frecuencias se ver\u00e1n reducidas, como suele suceder en estos d\u00edas. El servicio alternativo trabajar\u00e1 acotado de acuerdo a la decisi\u00f3n de cada propietario de veh\u00edculo.<\/p>\n\n\n\n<p>Los supermercados, en general, permanecer\u00e1n abiertos hasta las 14, y los comercios privados del microcentro en su mayor\u00eda estar\u00e1n cerrados, salvo los atendidos por sus due\u00f1os, casi similar a los barriales, que estar\u00e1n abiertos sobre todo en la ma\u00f1ana y hasta las primeras horas de la tarde.<\/p>\n","protected":false},"excerpt":{"rendered":"<p>La Municipalidad de San Salvador de Jujuy inform\u00f3 que la modalidad de las prestaciones de los servicios para el feriado del 16 de agosto tiene, por ejemplo, a la recolecci\u00f3n de residuos trabajando de manera normal, aunque en el caso de la limpieza y el barrido tendr\u00e1n servicio reducido. El servicio especial de micro basurales [&hellip;]<\/p>\n","protected":false},"author":40,"featured_media":307991,"comment_status":"open","ping_status":"open","sticky":false,"template":"","format":"standard","meta":{"_stopmodifiedupdate":false,"_modified_date":"","inline_featured_image":false},"categories":[2],"tags":[],"jetpack_featured_media_url":"https:\/\/notinor.com\/jujuy\/wp-content\/uploads\/2021\/08\/recolector-residuos.jpg","_links":{"self":[{"href":"https:\/\/notinor.com\/jujuy\/wp-json\/wp\/v2\/posts\/307990"}],"collection":[{"href":"https:\/\/notinor.com\/jujuy\/wp-json\/wp\/v2\/posts"}],"about":[{"href":"https:\/\/notinor.com\/jujuy\/wp-json\/wp\/v2\/types\/post"}],"author":[{"embeddable":true,"href":"https:\/\/notinor.com\/jujuy\/wp-json\/wp\/v2\/users\/40"}],"replies":[{"embeddable":true,"href":"https:\/\/notinor.com\/jujuy\/wp-json\/wp\/v2\/comments?post=307990"}],"version-history":[{"count":1,"href":"https:\/\/notinor.com\/jujuy\/wp-json\/wp\/v2\/posts\/307990\/revisions"}],"predecessor-version":[{"id":307992,"href":"https:\/\/notinor.com\/jujuy\/wp-json\/wp\/v2\/posts\/307990\/revisions\/307992"}],"wp:featuredmedia":[{"embeddable":true,"href":"https:\/\/notinor.com\/jujuy\/wp-json\/wp\/v2\/media\/307991"}],"wp:attachment":[{"href":"https:\/\/notinor.com\/jujuy\/wp-json\/wp\/v2\/media?parent=307990"}],"wp:term":[{"taxonomy":"category","embeddable":true,"href":"https:\/\/notinor.com\/jujuy\/wp-json\/wp\/v2\/categories?post=307990"},{"taxonomy":"post_tag","embeddable":true,"href":"https:\/\/notinor.com\/jujuy\/wp-json\/wp\/v2\/tags?post=307990"}],"curies":[{"name":"wp","href":"https:\/\/api.w.org\/{rel}","templated":true}]}}