{"id":307987,"date":"2021-08-16T10:11:12","date_gmt":"2021-08-16T13:11:12","guid":{"rendered":"https:\/\/notinor.com\/jujuy\/?p=307987"},"modified":"2021-08-16T10:11:16","modified_gmt":"2021-08-16T13:11:16","slug":"festejos-por-el-dia-de-las-infancias-en-perico","status":"publish","type":"post","link":"https:\/\/notinor.com\/jujuy\/festejos-por-el-dia-de-las-infancias-en-perico\/","title":{"rendered":"Festejos por el D\u00eda de Las Infancias en Perico"},"content":{"rendered":"\n<p>En la jornada de hoy, el Concejal Federico Manente y la Concejal Gloria Espinoza, en el marco de los festejos por el d\u00eda de las Infancias, entregaron golosinas y pancitos a los organizadores de los festejos en distintos barrios de la Ciudad.<\/p>\n\n\n\n<figure class=\"wp-block-image size-large is-resized\"><img decoding=\"async\" loading=\"lazy\" src=\"https:\/\/notinor.com\/jujuy\/wp-content\/uploads\/2021\/08\/WhatsApp-Image-2021-08-15-at-22.01.09.jpeg\" alt=\"\" class=\"wp-image-307988\" width=\"1156\" height=\"771\"\/><\/figure>\n\n\n\n<p> Muchos perique\u00f1os hacen un gran esfuerzo para celebrar este d\u00eda y hacer pasar un grato momento a los m\u00e1s chiquitos. El Gobernador Gerardo Morales y la Ministra Natalia Sarapura, enviaron golosinas e insumos para los chocolates y pancitos que entregamos en seguiremos repartiendo a los que nos solicitaron, adem\u00e1s de lo que junto a la Concejal, compramos para aportar a tan lindos e importantes eventos.<\/p>\n","protected":false},"excerpt":{"rendered":"<p>En la jornada de hoy, el Concejal Federico Manente y la Concejal Gloria Espinoza, en el marco de los festejos por el d\u00eda de las Infancias, entregaron golosinas y pancitos a los organizadores de los festejos en distintos barrios de la Ciudad. Muchos perique\u00f1os hacen un gran esfuerzo para celebrar este d\u00eda y hacer pasar [&hellip;]<\/p>\n","protected":false},"author":40,"featured_media":307988,"comment_status":"open","ping_status":"open","sticky":false,"template":"","format":"standard","meta":{"_stopmodifiedupdate":false,"_modified_date":"","inline_featured_image":false},"categories":[4],"tags":[],"jetpack_featured_media_url":"https:\/\/notinor.com\/jujuy\/wp-content\/uploads\/2021\/08\/WhatsApp-Image-2021-08-15-at-22.01.09.jpeg","_links":{"self":[{"href":"https:\/\/notinor.com\/jujuy\/wp-json\/wp\/v2\/posts\/307987"}],"collection":[{"href":"https:\/\/notinor.com\/jujuy\/wp-json\/wp\/v2\/posts"}],"about":[{"href":"https:\/\/notinor.com\/jujuy\/wp-json\/wp\/v2\/types\/post"}],"author":[{"embeddable":true,"href":"https:\/\/notinor.com\/jujuy\/wp-json\/wp\/v2\/users\/40"}],"replies":[{"embeddable":true,"href":"https:\/\/notinor.com\/jujuy\/wp-json\/wp\/v2\/comments?post=307987"}],"version-history":[{"count":1,"href":"https:\/\/notinor.com\/jujuy\/wp-json\/wp\/v2\/posts\/307987\/revisions"}],"predecessor-version":[{"id":307989,"href":"https:\/\/notinor.com\/jujuy\/wp-json\/wp\/v2\/posts\/307987\/revisions\/307989"}],"wp:featuredmedia":[{"embeddable":true,"href":"https:\/\/notinor.com\/jujuy\/wp-json\/wp\/v2\/media\/307988"}],"wp:attachment":[{"href":"https:\/\/notinor.com\/jujuy\/wp-json\/wp\/v2\/media?parent=307987"}],"wp:term":[{"taxonomy":"category","embeddable":true,"href":"https:\/\/notinor.com\/jujuy\/wp-json\/wp\/v2\/categories?post=307987"},{"taxonomy":"post_tag","embeddable":true,"href":"https:\/\/notinor.com\/jujuy\/wp-json\/wp\/v2\/tags?post=307987"}],"curies":[{"name":"wp","href":"https:\/\/api.w.org\/{rel}","templated":true}]}}