{"id":307983,"date":"2021-08-16T10:06:29","date_gmt":"2021-08-16T13:06:29","guid":{"rendered":"https:\/\/notinor.com\/jujuy\/?p=307983"},"modified":"2021-08-16T10:06:35","modified_gmt":"2021-08-16T13:06:35","slug":"asistencia-a-merenderos-y-comedores-de-barrios-de-perico","status":"publish","type":"post","link":"https:\/\/notinor.com\/jujuy\/asistencia-a-merenderos-y-comedores-de-barrios-de-perico\/","title":{"rendered":"Asistencia a Merenderos y Comedores de  Barrios de Perico"},"content":{"rendered":"\n<p>Con la agenda social en Perico, los Concejales Federico Manente y la Concejal Gloria Espinoza, visitaron los Merenderos \"Rulitos\", \"Luz Clarita\", \"Comedor Feliz\" y el Centro Vecinal del Barrio Virgen del Valle. La visita de los ediles de la UCR, fue dialogar y revalorizar el trabajo S\u00f3lidario que realizan d\u00eda a d\u00eda.<\/p>\n\n\n\n<figure class=\"wp-block-image size-large is-resized\"><img decoding=\"async\" loading=\"lazy\" src=\"https:\/\/notinor.com\/jujuy\/wp-content\/uploads\/2021\/08\/WhatsApp-Image-2021-08-15-at-22.25.14.jpeg\" alt=\"\" class=\"wp-image-307985\" width=\"1144\" height=\"859\"\/><\/figure>\n\n\n\n<p> Durante las visitas tambi\u00e9n, desde el Ministerio de Desarrollo Humano, entregamos refuerzos Alimentarios e insumos para garantizar el rol fundamental que cumplen en cada sector de la Ciudad de Perico.<\/p>\n","protected":false},"excerpt":{"rendered":"<p>Con la agenda social en Perico, los Concejales Federico Manente y la Concejal Gloria Espinoza, visitaron los Merenderos \"Rulitos\", \"Luz Clarita\", \"Comedor Feliz\" y el Centro Vecinal del Barrio Virgen del Valle. La visita de los ediles de la UCR, fue dialogar y revalorizar el trabajo S\u00f3lidario que realizan d\u00eda a d\u00eda. Durante las visitas [&hellip;]<\/p>\n","protected":false},"author":40,"featured_media":307985,"comment_status":"open","ping_status":"open","sticky":false,"template":"","format":"standard","meta":{"_stopmodifiedupdate":false,"_modified_date":"","inline_featured_image":false},"categories":[4],"tags":[],"jetpack_featured_media_url":"https:\/\/notinor.com\/jujuy\/wp-content\/uploads\/2021\/08\/WhatsApp-Image-2021-08-15-at-22.25.14.jpeg","_links":{"self":[{"href":"https:\/\/notinor.com\/jujuy\/wp-json\/wp\/v2\/posts\/307983"}],"collection":[{"href":"https:\/\/notinor.com\/jujuy\/wp-json\/wp\/v2\/posts"}],"about":[{"href":"https:\/\/notinor.com\/jujuy\/wp-json\/wp\/v2\/types\/post"}],"author":[{"embeddable":true,"href":"https:\/\/notinor.com\/jujuy\/wp-json\/wp\/v2\/users\/40"}],"replies":[{"embeddable":true,"href":"https:\/\/notinor.com\/jujuy\/wp-json\/wp\/v2\/comments?post=307983"}],"version-history":[{"count":1,"href":"https:\/\/notinor.com\/jujuy\/wp-json\/wp\/v2\/posts\/307983\/revisions"}],"predecessor-version":[{"id":307986,"href":"https:\/\/notinor.com\/jujuy\/wp-json\/wp\/v2\/posts\/307983\/revisions\/307986"}],"wp:featuredmedia":[{"embeddable":true,"href":"https:\/\/notinor.com\/jujuy\/wp-json\/wp\/v2\/media\/307985"}],"wp:attachment":[{"href":"https:\/\/notinor.com\/jujuy\/wp-json\/wp\/v2\/media?parent=307983"}],"wp:term":[{"taxonomy":"category","embeddable":true,"href":"https:\/\/notinor.com\/jujuy\/wp-json\/wp\/v2\/categories?post=307983"},{"taxonomy":"post_tag","embeddable":true,"href":"https:\/\/notinor.com\/jujuy\/wp-json\/wp\/v2\/tags?post=307983"}],"curies":[{"name":"wp","href":"https:\/\/api.w.org\/{rel}","templated":true}]}}