{"id":307980,"date":"2021-08-16T09:40:26","date_gmt":"2021-08-16T12:40:26","guid":{"rendered":"https:\/\/notinor.com\/jujuy\/?p=307980"},"modified":"2021-08-16T16:11:06","modified_gmt":"2021-08-16T19:11:06","slug":"elecciones-en-salta-no-hay-confianza-en-las-dirigencias-para-que-cambien-la-realidad","status":"publish","type":"post","link":"https:\/\/notinor.com\/jujuy\/elecciones-en-salta-no-hay-confianza-en-las-dirigencias-para-que-cambien-la-realidad\/","title":{"rendered":"Elecciones en Salta: \"No hay confianza en las dirigencias para que cambien la realidad\""},"content":{"rendered":"\n<p>El diputado de Juntos por el Cambio+, <strong>Carlos Zapata<\/strong>, se refiri\u00f3 as\u00ed a la baja asistencia dela gente a las urnas en la jornada de ayer. \"Esto le quita legitimidad al Gobierno\", afirm\u00f3. Ayer&nbsp; se desarrollaron las elecciones legislativas en la provincia de <strong>Salta<\/strong> y los salte\u00f1os eligieron 12 senadores, 30 diputados provinciales, 343 concejales, 60 convencionales constituyentes y el intendente del municipio de Aguaray. En los comicios competieron siete frentes electorales, 26 partidos pol\u00edticos y 36 agrupaciones municipales, que presentaron 1.017 listas con 10.676 candidatos en toda la provincia.<\/p>\n\n\n\n<figure class=\"is-layout-flex wp-block-gallery-1 wp-block-gallery columns-1 is-cropped\"><ul class=\"blocks-gallery-grid\"><li class=\"blocks-gallery-item\"><figure><img decoding=\"async\" loading=\"lazy\" width=\"840\" height=\"473\" src=\"https:\/\/notinor.com\/jujuy\/wp-content\/uploads\/2021\/08\/zapata-840x473.jpeg\" alt=\"\" data-id=\"307981\" data-full-url=\"https:\/\/notinor.com\/jujuy\/wp-content\/uploads\/2021\/08\/zapata.jpeg\" data-link=\"https:\/\/notinor.com\/jujuy\/?attachment_id=307981\" class=\"wp-image-307981\" srcset=\"https:\/\/notinor.com\/jujuy\/wp-content\/uploads\/2021\/08\/zapata-840x473.jpeg 840w, https:\/\/notinor.com\/jujuy\/wp-content\/uploads\/2021\/08\/zapata-649x365.jpeg 649w, https:\/\/notinor.com\/jujuy\/wp-content\/uploads\/2021\/08\/zapata-768x432.jpeg 768w, https:\/\/notinor.com\/jujuy\/wp-content\/uploads\/2021\/08\/zapata-750x422.jpeg 750w, https:\/\/notinor.com\/jujuy\/wp-content\/uploads\/2021\/08\/zapata-1140x641.jpeg 1140w, https:\/\/notinor.com\/jujuy\/wp-content\/uploads\/2021\/08\/zapata.jpeg 1200w\" sizes=\"(max-width: 840px) 100vw, 840px\" \/><\/figure><\/li><\/ul><\/figure>\n\n\n\n<p>El diputado provincial Carlos Zapata, manifest\u00f3 a <strong>Notinor <\/strong>que \"yo presido el partido Ahora Patria, cuyo principal referente es Alfredo Olmedo. En esta ocasi\u00f3n, nosotros conformamos una alianza en la provincia, que tambi\u00e9n se replica para las pr\u00f3ximas elecciones nacionales, que se llama Juntos por el Cambio+ y que tambi\u00e9n integran el PRO Salta y la UCR\".<\/p>\n\n\n\n<p>\"Esto es para dar una muestra respecto a d\u00f3nde nos ubicamos con respecto a los oficialismos, tanto provinciales como nacionales. Hemos decidido con el <strong>PRO Salta<\/strong> armar una lista unidad en todos los departamentos donde participamos, que son 16 de los 23 que tiene la provincia. En algunos departamentos, la UCR sali\u00f3 como la hist\u00f3rica Lista 3. Entiendo que eso es una decisi\u00f3n estrat\u00e9gica, como corresponde en pol\u00edtica y hay que respetar las decisiones que toman cada uno de los afiliados\", se\u00f1al\u00f3.<\/p>\n\n\n\n<p>\"El armado de la oferta electoral siempre tiene su margen de maniobra o de manejo por parte del oficialismo y se presenta cierto tipo de confusi\u00f3n que, por supuesto, se financia con los recursos p\u00fablicos que maneja el oficialismo, claramente identificado con el gobierno nacional, que es el Frente de Todos. El Gobernador arm\u00f3 dos frentes: uno se llama Gana Salta y el otro Unidos por Salta, que se pretenden presentar como si fueran dos alternativas distintas, opciones diversas, pero son la misma opci\u00f3n\", asegur\u00f3.<\/p>\n\n\n\n<p>Y agreg\u00f3 que \"la raz\u00f3n que los llev\u00f3 a hacer esto y presentar estas opciones poco claras para el electorado es porque se suspendieron las<strong> elecciones PASO <\/strong>por este a\u00f1o y hay tanta cantidad de partidos pol\u00edticos que conforman el frente que llev\u00f3 a ganar al Gobernador S\u00e1enz, que todos reclamaban su protagonismo. Hay una gran divisi\u00f3n que ha aprovechado y se presenta a esta elecci\u00f3n como opciones distintas, pero en realidad est\u00e1 unificado. El oficialismo son dos frentes\", dijo.<\/p>\n\n\n\n<p>El<strong> legislador salte\u00f1o<\/strong> explic\u00f3 tambi\u00e9n que \"en esta elecci\u00f3n en Salta, tambi\u00e9n se llama a elecci\u00f3n de convencionales constituyentes para modificar nuestra Carta Magna, que b\u00e1sicamente son referidos a la duraci\u00f3n de los jueces del m\u00e1ximo tribunal de la provincia y a las posibilidades de reelecci\u00f3n de gobernador, intendentes y concejales\".<\/p>\n\n\n\n<p><strong>Baja asistencia a la votaci\u00f3n<\/strong><\/p>\n\n\n\n<p>Por otro lado, <strong>Zapata <\/strong>se refiri\u00f3 adem\u00e1s a la baja concurrencia de los votantes a las escuelas donde se llevaba adelante el sufragio. \u201cLa baja asistencia a los lugares de votaci\u00f3n resulta preocupante. Un pueblo que se desentiende de la pol\u00edtica significa un pueblo que descree de la pol\u00edtica, no hay confianza en las dirigencias para que cambien la realidad\", indic\u00f3 Zapata.<\/p>\n\n\n\n<p>En cuanto a las posibilidades de su fuerza pol\u00edtica y el poder que tiene el oficialismo salte\u00f1o, el legislador de <strong>Juntos por el Cambio+<\/strong> afirm\u00f3 que \"yo entiendo que el oficialismo va a mantener la mayor\u00eda en la c\u00e1mara, ya que en la composici\u00f3n manten\u00eda dos tercios propios, pero podr\u00eda haber algunos diputados que piensen en beneficio del pueblo y no en beneficio del Gobierno\". \"El problema es cuando se encolumnan y se disciplina para que defiendan al Gobierno y no al pueblo, all\u00ed se empieza a diluir el concepto de democracia y de rep\u00fablica. Posiblemente se conserven los n\u00fameros que hay hasta ahora, pero con una baja votaci\u00f3n, con lo que se empieza a quitar legitimidad al poder del Gobierno\", dijo.<\/p>\n\n\n\n<p><strong>Problemas internos<\/strong><\/p>\n\n\n\n<p>Hace algunas semanas, <strong>Carlos Zapata<\/strong> fue denunciado por el diputado H\u00e9ctor Chib\u00e1n, quien hab\u00eda realizado una presentaci\u00f3n en la Justicia para que permitan a su lista presentarse en las internas de J<strong>untos por el Cambio+<\/strong> y ser precandidato a diputado nacional en las PASO del 12 de septiembre, despu\u00e9s de haber sido rechazado por la Junta Electoral de su propio frente, que integra Zapata.<\/p>\n\n\n\n<p>Chib\u00e1n acus\u00f3 entonces a Zapata de \"poco \u00e9tico\" por ser juez y parte en la contienda. Al respecto, Zapata sostuvo que \"el problema dentro del frente es que la UCR tiene una interna no resuelta. El diputado Chib\u00e1n perdi\u00f3 la interna de la UCR y la conducci\u00f3n no ha sido capaz de unificar la representaci\u00f3n para presentar una sola lista y se present\u00f3 el diputado Chib\u00e1n\".<\/p>\n\n\n\n<p>\"Yo no soy ni fue presidente de la Junta Electoral, firm\u00e9 un s\u00f3lo documento que se resolvi\u00f3 por unanimidad (son seis miembros de Junta Electoral) y el diputado Chib\u00e1n quiso hacer un desembarco proselitista con esto. Yo lo voy a respetar, pero cada uno dice lo que puede, con lo que puede y con la cabeza que tiene\", enfatiz\u00f3.<\/p>\n","protected":false},"excerpt":{"rendered":"<p>El diputado de Juntos por el Cambio+, Carlos Zapata, se refiri\u00f3 as\u00ed a la baja asistencia dela gente a las urnas en la jornada de ayer. \"Esto le quita legitimidad al Gobierno\", afirm\u00f3. Ayer&nbsp; se desarrollaron las elecciones legislativas en la provincia de Salta y los salte\u00f1os eligieron 12 senadores, 30 diputados provinciales, 343 concejales, [&hellip;]<\/p>\n","protected":false},"author":1,"featured_media":307981,"comment_status":"open","ping_status":"open","sticky":false,"template":"","format":"standard","meta":{"_stopmodifiedupdate":false,"_modified_date":"","inline_featured_image":false},"categories":[2],"tags":[],"jetpack_featured_media_url":"https:\/\/notinor.com\/jujuy\/wp-content\/uploads\/2021\/08\/zapata.jpeg","_links":{"self":[{"href":"https:\/\/notinor.com\/jujuy\/wp-json\/wp\/v2\/posts\/307980"}],"collection":[{"href":"https:\/\/notinor.com\/jujuy\/wp-json\/wp\/v2\/posts"}],"about":[{"href":"https:\/\/notinor.com\/jujuy\/wp-json\/wp\/v2\/types\/post"}],"author":[{"embeddable":true,"href":"https:\/\/notinor.com\/jujuy\/wp-json\/wp\/v2\/users\/1"}],"replies":[{"embeddable":true,"href":"https:\/\/notinor.com\/jujuy\/wp-json\/wp\/v2\/comments?post=307980"}],"version-history":[{"count":2,"href":"https:\/\/notinor.com\/jujuy\/wp-json\/wp\/v2\/posts\/307980\/revisions"}],"predecessor-version":[{"id":308058,"href":"https:\/\/notinor.com\/jujuy\/wp-json\/wp\/v2\/posts\/307980\/revisions\/308058"}],"wp:featuredmedia":[{"embeddable":true,"href":"https:\/\/notinor.com\/jujuy\/wp-json\/wp\/v2\/media\/307981"}],"wp:attachment":[{"href":"https:\/\/notinor.com\/jujuy\/wp-json\/wp\/v2\/media?parent=307980"}],"wp:term":[{"taxonomy":"category","embeddable":true,"href":"https:\/\/notinor.com\/jujuy\/wp-json\/wp\/v2\/categories?post=307980"},{"taxonomy":"post_tag","embeddable":true,"href":"https:\/\/notinor.com\/jujuy\/wp-json\/wp\/v2\/tags?post=307980"}],"curies":[{"name":"wp","href":"https:\/\/api.w.org\/{rel}","templated":true}]}}