{"id":307977,"date":"2021-08-15T19:45:40","date_gmt":"2021-08-15T22:45:40","guid":{"rendered":"https:\/\/notinor.com\/jujuy\/?p=307977"},"modified":"2021-08-15T19:45:45","modified_gmt":"2021-08-15T22:45:45","slug":"elecciones-en-salta-queremos-sumar-voces-a-la-oposicion-y-que-haya-un-equilibrio-de-poderes","status":"publish","type":"post","link":"https:\/\/notinor.com\/jujuy\/elecciones-en-salta-queremos-sumar-voces-a-la-oposicion-y-que-haya-un-equilibrio-de-poderes\/","title":{"rendered":"Elecciones en Salta: \"Queremos sumar voces a la oposici\u00f3n y que haya un equilibrio de poderes\""},"content":{"rendered":"\n<p>En la jornada de hoy se llevaron a cabo elecciones legislativas en la provincia de Salta, en las que se eligieron a diputados y senadores provinciales. El candidato a diputado provincial por el Frente Juntos por el Cambio+, <strong>Roque Cornejo<\/strong>, habl\u00f3 sobre las posibilidades de su espacio pol\u00edtico y el rol que debe cumplir la oposici\u00f3n en la Legislatura.<\/p>\n\n\n\n<figure class=\"is-layout-flex wp-block-gallery-1 wp-block-gallery columns-1 is-cropped\"><ul class=\"blocks-gallery-grid\"><li class=\"blocks-gallery-item\"><figure><img decoding=\"async\" loading=\"lazy\" width=\"400\" height=\"407\" src=\"https:\/\/notinor.com\/jujuy\/wp-content\/uploads\/2021\/08\/cornejo.jpg\" alt=\"\" data-id=\"307978\" data-full-url=\"https:\/\/notinor.com\/jujuy\/wp-content\/uploads\/2021\/08\/cornejo.jpg\" data-link=\"https:\/\/notinor.com\/jujuy\/?attachment_id=307978\" class=\"wp-image-307978\" srcset=\"https:\/\/notinor.com\/jujuy\/wp-content\/uploads\/2021\/08\/cornejo.jpg 400w, https:\/\/notinor.com\/jujuy\/wp-content\/uploads\/2021\/08\/cornejo-359x365.jpg 359w, https:\/\/notinor.com\/jujuy\/wp-content\/uploads\/2021\/08\/cornejo-75x75.jpg 75w\" sizes=\"(max-width: 400px) 100vw, 400px\" \/><\/figure><\/li><\/ul><\/figure>\n\n\n\n<p>Detr\u00e1s del oficialismo vienen compitiendo \"<strong>Juntos por el Cambio+<\/strong>\" y el \"Frente de Todos\", quienes dirimir\u00e1n un espacio por la minor\u00eda. En la elecci\u00f3n se eligen 12 senadores y 30 diputados provinciales, casi 350 concejales y 60 convencionales constituyentes.<\/p>\n\n\n\n<p><strong>Roque Cornejo <\/strong>es candidato a diputado provincial por el Frente Juntos por el Cambio+ y representa al partido Ahora Patria de Alfredo Olmedo. En di\u00e1logo con Notinor, Cornejo manifest\u00f3 que \"la verdad es que estamos con mucho entusiasmo y con mucha expectativa, creemos que hubo una muy buena recepci\u00f3n de la campa\u00f1a por parte del electorado, realmente estamos muy contentos de haber participado de este acto eleccionario. Gracias a Dios esta fiesta de la democracia se est\u00e1 desarrollando con normalidad en nuestra ciudad\".<\/p>\n\n\n\n<p>\"Nosotros vamos como un frente opositor al Poder Ejecutivo local, somos un frente que tiene en claro el rol que debe cumplir una oposici\u00f3n en toda democracia, en cuanto hace a la divisi\u00f3n y al control de los poderes entre s\u00ed, por eso son tan importantes las elecciones de medio t\u00e9rmino, tanto las provinciales como las nacionales\", dijo.<\/p>\n\n\n\n<p>Adem\u00e1s, remarc\u00f3 que \"en este caso, en nuestra provincia, la C\u00e1mara de Diputados la mayor\u00eda est\u00e1 compuesta por el oficialismo provincial y la primer minor\u00eda tambi\u00e9n responde al oficialismo provincial. Lo que queremos nosotros es sumar m\u00e1s voces a la oposici\u00f3n para que podamos efectivizar realmente un equilibrio de poderes\", sostuvo.<\/p>\n\n\n\n<p><strong>Ped\u00edan carnet de vacunaci\u00f3n a fiscales<\/strong><\/p>\n\n\n\n<p>En la ma\u00f1ana de hoy, Cornejo declar\u00f3 ante la prensa que en algunas escuelas del interior de la provincia se estaba exigiendo a los fiscales el carnet de vacunaci\u00f3n contra el Covid-19 para poder desempe\u00f1ar su funci\u00f3n, ante lo cual el diputado asegur\u00f3 que \"yo, como diputado, tengo que preservar lo que es el orden constitucional. Los requisitos para ser fiscales los establece una ley especial y no se pueden modificar por una recomendaci\u00f3n del COE lo que son los requisitos. Con esto se les estaba impidiendo participar a algunos fiscales generales y de mesa en algunas escuelas del interior de la provincia.<\/p>\n\n\n\n<p>El candidato a legislador destac\u00f3 que \"en algunas escuelas, solamente a los fiscales de mesa se les estaba pidiendo el carnet de vacunaci\u00f3n, estas personas no cuentan con el carnet de vacunaci\u00f3n por diferentes motivos personales y estos datos son reservados y solamente pueden ser exigidos en cuestiones vinculadas al orden p\u00fablico en s\u00ed o en casos de que con su sola presencia se est\u00e9 poniendo en peligro a la poblaci\u00f3n\", indic\u00f3.<\/p>\n\n\n\n<p>Cornejo puntualiz\u00f3 que \"la vacuna no es suficiente en este sentido, todos conocemos personas que se han vacunado y han contagiado a otras personas. En lo que estamos de acuerdo es que no se deje participar en las elecciones a aquellas personas que tengan fiebre, para ello se toma la temperatura a todos al ingreso a la escuela. Pero exigir a las personas que se vacunen me parece ocultar los derechos electorales de las personas\".<\/p>\n\n\n\n<p>\"Yo me expres\u00e9 en este sentido en virtud de que tuve llamadas de fiscales del interior de la provincia, ellos me llamaron pregunt\u00e1ndome por esta inquietud y preocupados. Esto no es una movida ideol\u00f3gica, yo personalmente estoy a favor de la vacuna, yo estoy vacunado y mi familia tambi\u00e9n, simplemente pretendemos preservar los derechos y garant\u00edas constitucionales de los salte\u00f1os\", explic\u00f3.<\/p>\n\n\n\n<p><strong>Irregularidades en la votaci\u00f3n<\/strong><\/p>\n\n\n\n<p>Consultado sobre si se produjeron algunos otros inconvenientes durante la jornada de votaci\u00f3n en Salta, Cornejo se\u00f1al\u00f3 que \"hemos tenido alg\u00fan que otro episodio menor, en el sentido de algunas personas que colocaron una suerte de locaciones en las cercan\u00edas de algunas escuelas para indicar d\u00f3nde votar y con el peligro de que se est\u00e9 induciendo el voto, ya que no era algo organizado por la Secretar\u00eda Electoral, sino que eran particulares aparentemente vinculados a alguna de las listas que forman parte de esta elecci\u00f3n\".<\/p>\n\n\n\n<p>\"A fin de preservar la independencia de criterios, se ha convocado a la fuerza policial para que se les invite a desalojar estos gazebos que estaban colocados en la v\u00eda p\u00fablica a menos de 100 metros de las escuelas\", relat\u00f3.<\/p>\n\n\n\n<p>Finalmente, el representante de Olmedo asegur\u00f3 que \"nosotros estamos muy confiados en el electorado, en cumplir el rol donde ellos nos coloquen, hemos reiterado p\u00fablicamente en varias oportunidades nuestra vocaci\u00f3n de oposici\u00f3n, una oposici\u00f3n de control, pero que tambi\u00e9n va a presentar propuestas y proyectos superadores\", concluy\u00f3.<\/p>\n","protected":false},"excerpt":{"rendered":"<p>En la jornada de hoy se llevaron a cabo elecciones legislativas en la provincia de Salta, en las que se eligieron a diputados y senadores provinciales. El candidato a diputado provincial por el Frente Juntos por el Cambio+, Roque Cornejo, habl\u00f3 sobre las posibilidades de su espacio pol\u00edtico y el rol que debe cumplir la [&hellip;]<\/p>\n","protected":false},"author":1,"featured_media":307978,"comment_status":"open","ping_status":"open","sticky":false,"template":"","format":"standard","meta":{"_stopmodifiedupdate":false,"_modified_date":"","inline_featured_image":false},"categories":[2],"tags":[],"jetpack_featured_media_url":"https:\/\/notinor.com\/jujuy\/wp-content\/uploads\/2021\/08\/cornejo.jpg","_links":{"self":[{"href":"https:\/\/notinor.com\/jujuy\/wp-json\/wp\/v2\/posts\/307977"}],"collection":[{"href":"https:\/\/notinor.com\/jujuy\/wp-json\/wp\/v2\/posts"}],"about":[{"href":"https:\/\/notinor.com\/jujuy\/wp-json\/wp\/v2\/types\/post"}],"author":[{"embeddable":true,"href":"https:\/\/notinor.com\/jujuy\/wp-json\/wp\/v2\/users\/1"}],"replies":[{"embeddable":true,"href":"https:\/\/notinor.com\/jujuy\/wp-json\/wp\/v2\/comments?post=307977"}],"version-history":[{"count":1,"href":"https:\/\/notinor.com\/jujuy\/wp-json\/wp\/v2\/posts\/307977\/revisions"}],"predecessor-version":[{"id":307979,"href":"https:\/\/notinor.com\/jujuy\/wp-json\/wp\/v2\/posts\/307977\/revisions\/307979"}],"wp:featuredmedia":[{"embeddable":true,"href":"https:\/\/notinor.com\/jujuy\/wp-json\/wp\/v2\/media\/307978"}],"wp:attachment":[{"href":"https:\/\/notinor.com\/jujuy\/wp-json\/wp\/v2\/media?parent=307977"}],"wp:term":[{"taxonomy":"category","embeddable":true,"href":"https:\/\/notinor.com\/jujuy\/wp-json\/wp\/v2\/categories?post=307977"},{"taxonomy":"post_tag","embeddable":true,"href":"https:\/\/notinor.com\/jujuy\/wp-json\/wp\/v2\/tags?post=307977"}],"curies":[{"name":"wp","href":"https:\/\/api.w.org\/{rel}","templated":true}]}}