{"id":307969,"date":"2021-08-15T17:39:30","date_gmt":"2021-08-15T20:39:30","guid":{"rendered":"https:\/\/notinor.com\/jujuy\/?p=307969"},"modified":"2021-08-15T17:39:36","modified_gmt":"2021-08-15T20:39:36","slug":"salta-elige-diputados-y-senadores-provinciales","status":"publish","type":"post","link":"https:\/\/notinor.com\/jujuy\/salta-elige-diputados-y-senadores-provinciales\/","title":{"rendered":"Salta elige diputados y senadores provinciales"},"content":{"rendered":"\n<p>La Provincia de Salta se encuentra hoy 15 de Agosto en una elecci\u00f3n provincial para elegir autoridades legislativas. 1.052.535 salte\u00f1os concurren a las urnas para elegir 2 senadores y 30 diputados provinciales, 343 concejales, 60 convencionales constituyentes y el intendente del municipio de Aguaray.<\/p>\n\n\n\n<figure class=\"is-layout-flex wp-block-gallery-1 wp-block-gallery columns-1 is-cropped\"><ul class=\"blocks-gallery-grid\"><li class=\"blocks-gallery-item\"><figure><img decoding=\"async\" loading=\"lazy\" width=\"390\" height=\"480\" src=\"https:\/\/notinor.com\/jujuy\/wp-content\/uploads\/2021\/08\/Jxc-salta-1-390x480.jpg\" alt=\"\" data-id=\"307963\" data-full-url=\"https:\/\/notinor.com\/jujuy\/wp-content\/uploads\/2021\/08\/Jxc-salta-1.jpg\" data-link=\"https:\/\/notinor.com\/jujuy\/salta-elige-diputados-y-senadores-provinciales__trashed\/jxc-salta-1\/\" class=\"wp-image-307963\" srcset=\"https:\/\/notinor.com\/jujuy\/wp-content\/uploads\/2021\/08\/Jxc-salta-1-390x480.jpg 390w, https:\/\/notinor.com\/jujuy\/wp-content\/uploads\/2021\/08\/Jxc-salta-1-297x365.jpg 297w, https:\/\/notinor.com\/jujuy\/wp-content\/uploads\/2021\/08\/Jxc-salta-1-768x944.jpg 768w, https:\/\/notinor.com\/jujuy\/wp-content\/uploads\/2021\/08\/Jxc-salta-1-750x922.jpg 750w, https:\/\/notinor.com\/jujuy\/wp-content\/uploads\/2021\/08\/Jxc-salta-1.jpg 976w\" sizes=\"(max-width: 390px) 100vw, 390px\" \/><\/figure><\/li><\/ul><\/figure>\n\n\n\n<p>Cabe destacar que en los comicios <strong>compiten siete frentes electorales<\/strong>, (26 partidos pol\u00edticos y 36 agrupaciones municipales, que presentaron 1.017 listas con 10.676 candidatos en toda la provincia).<\/p>\n\n\n\n<p>Competir\u00e1n en los comicios de este domingo el frente macrista \u00ab<strong>Juntos por el Cambio +<\/strong>\u00bb, y dos alianzas que representan a agrupaciones de izquierda: \u00abFrente de izquierda y de Trabajadores-Unidad\u00bb y el \u00abFrente Partido Obrero-MAS\u00bb.<\/p>\n\n\n\n<p>Tambi\u00e9n los frentes oficialistas \u00abGana Salta\u00bb y \u00abUnidos por Salta\u00bb; a los que se le suman dos facciones que responden al kirchnerismo: el \u00abFrente de Todos\u00bb y \u00abSalta para todos\u00bb.<br>Fuentes judiciales informaron que a partir de las 8 comenzaron a abrirse las <strong>3.198 mesas electorales dispuestas en 505 establecimientos <\/strong>de todo el territorio provincial, con normalidad hasta el momento.<\/p>\n\n\n\n<p>El diputado nacional del PRO, <strong>Mart\u00edn Grande<\/strong>, que es candidato a senador por Salta Capital de Juntos por el Cambio, consider\u00f3 que \u201cm\u00e1s all\u00e1 del resultado, creo que nosotros ya hemos ganado\u201d. \u201cEstamos orgullosos de participar y de lo que hicimos, m\u00e1s all\u00e1 de las condiciones diferentes y de tener que batallar contra el aparato del Estado\u201d, expres\u00f3 Grande, en di\u00e1logo con los medios.<\/p>\n\n\n\n<figure class=\"is-layout-flex wp-block-gallery-3 wp-block-gallery columns-1 is-cropped\"><ul class=\"blocks-gallery-grid\"><li class=\"blocks-gallery-item\"><figure><img decoding=\"async\" loading=\"lazy\" width=\"459\" height=\"376\" src=\"https:\/\/notinor.com\/jujuy\/wp-content\/uploads\/2021\/08\/saenz-salta-1.jpeg\" alt=\"\" data-id=\"307964\" data-full-url=\"https:\/\/notinor.com\/jujuy\/wp-content\/uploads\/2021\/08\/saenz-salta-1.jpeg\" data-link=\"https:\/\/notinor.com\/jujuy\/salta-elige-diputados-y-senadores-provinciales__trashed\/saenz-salta-1\/\" class=\"wp-image-307964\" srcset=\"https:\/\/notinor.com\/jujuy\/wp-content\/uploads\/2021\/08\/saenz-salta-1.jpeg 459w, https:\/\/notinor.com\/jujuy\/wp-content\/uploads\/2021\/08\/saenz-salta-1-446x365.jpeg 446w\" sizes=\"(max-width: 459px) 100vw, 459px\" \/><\/figure><\/li><\/ul><\/figure>\n\n\n\n<p>Para estas elecciones, que se realizan a trav\u00e9s del Sistema de Boleta Electr\u00f3nica, fueron convocadas alrededor de 6.400 autoridades de mesa, que percibir\u00e1n por su desempe\u00f1o <strong>4.500 pesos<\/strong>, con una suma adicional de 1.000 pesos en concepto de reintegro por los alimentos que pudieran consumir durante la jornada electoral.<\/p>\n\n\n\n<p>El de Salta es el tercer test electoral del a\u00f1o, tras los comicios en junio pasado en Misiones y Jujuy, donde con comodidad se impusieron los oficialismos provinciales.<\/p>\n","protected":false},"excerpt":{"rendered":"<p>La Provincia de Salta se encuentra hoy 15 de Agosto en una elecci\u00f3n provincial para elegir autoridades legislativas. 1.052.535 salte\u00f1os concurren a las urnas para elegir 2 senadores y 30 diputados provinciales, 343 concejales, 60 convencionales constituyentes y el intendente del municipio de Aguaray. Cabe destacar que en los comicios compiten siete frentes electorales, (26 [&hellip;]<\/p>\n","protected":false},"author":1,"featured_media":307963,"comment_status":"open","ping_status":"open","sticky":false,"template":"","format":"standard","meta":{"_stopmodifiedupdate":false,"_modified_date":"","inline_featured_image":false},"categories":[2],"tags":[],"jetpack_featured_media_url":"https:\/\/notinor.com\/jujuy\/wp-content\/uploads\/2021\/08\/Jxc-salta-1.jpg","_links":{"self":[{"href":"https:\/\/notinor.com\/jujuy\/wp-json\/wp\/v2\/posts\/307969"}],"collection":[{"href":"https:\/\/notinor.com\/jujuy\/wp-json\/wp\/v2\/posts"}],"about":[{"href":"https:\/\/notinor.com\/jujuy\/wp-json\/wp\/v2\/types\/post"}],"author":[{"embeddable":true,"href":"https:\/\/notinor.com\/jujuy\/wp-json\/wp\/v2\/users\/1"}],"replies":[{"embeddable":true,"href":"https:\/\/notinor.com\/jujuy\/wp-json\/wp\/v2\/comments?post=307969"}],"version-history":[{"count":1,"href":"https:\/\/notinor.com\/jujuy\/wp-json\/wp\/v2\/posts\/307969\/revisions"}],"predecessor-version":[{"id":307970,"href":"https:\/\/notinor.com\/jujuy\/wp-json\/wp\/v2\/posts\/307969\/revisions\/307970"}],"wp:featuredmedia":[{"embeddable":true,"href":"https:\/\/notinor.com\/jujuy\/wp-json\/wp\/v2\/media\/307963"}],"wp:attachment":[{"href":"https:\/\/notinor.com\/jujuy\/wp-json\/wp\/v2\/media?parent=307969"}],"wp:term":[{"taxonomy":"category","embeddable":true,"href":"https:\/\/notinor.com\/jujuy\/wp-json\/wp\/v2\/categories?post=307969"},{"taxonomy":"post_tag","embeddable":true,"href":"https:\/\/notinor.com\/jujuy\/wp-json\/wp\/v2\/tags?post=307969"}],"curies":[{"name":"wp","href":"https:\/\/api.w.org\/{rel}","templated":true}]}}