{"id":307947,"date":"2021-08-15T16:30:29","date_gmt":"2021-08-15T19:30:29","guid":{"rendered":"https:\/\/notinor.com\/jujuy\/?p=307947"},"modified":"2021-08-15T16:54:21","modified_gmt":"2021-08-15T19:54:21","slug":"gerardo-morales-agradecio-a-la-pachamama-en-cannava","status":"publish","type":"post","link":"https:\/\/notinor.com\/jujuy\/gerardo-morales-agradecio-a-la-pachamama-en-cannava\/","title":{"rendered":"Gerardo Morales agradeci\u00f3 a la Pachamama en Cannava"},"content":{"rendered":"\n<p>Agosto es un mes muy especial para todos los juje\u00f1os en relaci\u00f3n con la celebraci\u00f3n y agradecimiento a la Pachamama y por el \u00c9xodo Juje\u00f1o, en este marco el gobernador agradeci\u00f3 a la Pachamama en las instalaciones de Cannava, empresa estatal pionera en la producci\u00f3n de aceite de cannabis medicinal.<\/p>\n\n\n\n<figure class=\"is-layout-flex wp-block-gallery-1 wp-block-gallery columns-1 is-cropped\"><ul class=\"blocks-gallery-grid\"><li class=\"blocks-gallery-item\"><figure><img decoding=\"async\" loading=\"lazy\" width=\"656\" height=\"480\" src=\"https:\/\/notinor.com\/jujuy\/wp-content\/uploads\/2021\/08\/morales-sarapura-656x480.jpg\" alt=\"\" data-id=\"307948\" data-full-url=\"https:\/\/notinor.com\/jujuy\/wp-content\/uploads\/2021\/08\/morales-sarapura.jpg\" data-link=\"https:\/\/notinor.com\/jujuy\/?attachment_id=307948\" class=\"wp-image-307948\" srcset=\"https:\/\/notinor.com\/jujuy\/wp-content\/uploads\/2021\/08\/morales-sarapura-656x480.jpg 656w, https:\/\/notinor.com\/jujuy\/wp-content\/uploads\/2021\/08\/morales-sarapura-499x365.jpg 499w, https:\/\/notinor.com\/jujuy\/wp-content\/uploads\/2021\/08\/morales-sarapura-768x562.jpg 768w, https:\/\/notinor.com\/jujuy\/wp-content\/uploads\/2021\/08\/morales-sarapura-750x548.jpg 750w, https:\/\/notinor.com\/jujuy\/wp-content\/uploads\/2021\/08\/morales-sarapura-1140x834.jpg 1140w, https:\/\/notinor.com\/jujuy\/wp-content\/uploads\/2021\/08\/morales-sarapura.jpg 1280w\" sizes=\"(max-width: 656px) 100vw, 656px\" \/><\/figure><\/li><\/ul><\/figure>\n\n\n\n<p>Fue el primer mandatario que difundi\u00f3 en redes sociales este acontecimiento y afirm\u00f3 que \u201cEn <a href=\"https:\/\/www.facebook.com\/CannavaSE\/?__cft__%5b0%5d=AZVbwTfrvukWWBajiOUK61CRdUoAOKxDAeWvWOp3_1hkV3FatjTjFPtf_hT6nqmAo37XPDXddwiKCQ6Z5qqgJUgaqmuveEwjbo__toi0H9WxcQuod4Fiy-j6Er_Ddhw_1Idl-2n3zHiXg-zjIFIuqy9c&amp;__tn__=kK-R\">Cannava<\/a>, rendimos nuestro homenaje y agradecimiento a la Pacha por permitirnos desarrollar este y todos los proyectos que mejorar\u00e1n la calidad de vida de nuestro pueblo y de todo el pa\u00eds. \u00a1Gracias madre tierra por todo lo que nos das!\u201d, expres\u00f3 el gobernador.<\/p>\n\n\n\n<figure class=\"is-layout-flex wp-block-gallery-3 wp-block-gallery columns-1 is-cropped\"><ul class=\"blocks-gallery-grid\"><li class=\"blocks-gallery-item\"><figure><img decoding=\"async\" loading=\"lazy\" width=\"721\" height=\"480\" src=\"https:\/\/notinor.com\/jujuy\/wp-content\/uploads\/2021\/08\/morales-sarapura-gaston-pacha-721x480.jpg\" alt=\"\" data-id=\"307949\" data-full-url=\"https:\/\/notinor.com\/jujuy\/wp-content\/uploads\/2021\/08\/morales-sarapura-gaston-pacha.jpg\" data-link=\"https:\/\/notinor.com\/jujuy\/?attachment_id=307949\" class=\"wp-image-307949\" srcset=\"https:\/\/notinor.com\/jujuy\/wp-content\/uploads\/2021\/08\/morales-sarapura-gaston-pacha-721x480.jpg 721w, https:\/\/notinor.com\/jujuy\/wp-content\/uploads\/2021\/08\/morales-sarapura-gaston-pacha-548x365.jpg 548w, https:\/\/notinor.com\/jujuy\/wp-content\/uploads\/2021\/08\/morales-sarapura-gaston-pacha-768x511.jpg 768w, https:\/\/notinor.com\/jujuy\/wp-content\/uploads\/2021\/08\/morales-sarapura-gaston-pacha-750x499.jpg 750w, https:\/\/notinor.com\/jujuy\/wp-content\/uploads\/2021\/08\/morales-sarapura-gaston-pacha-1140x759.jpg 1140w, https:\/\/notinor.com\/jujuy\/wp-content\/uploads\/2021\/08\/morales-sarapura-gaston-pacha.jpg 1280w\" sizes=\"(max-width: 721px) 100vw, 721px\" \/><\/figure><\/li><\/ul><\/figure>\n\n\n\n<p>Recordemos que <strong>Cannava <\/strong>nace a partir de la iniciativa del Gobierno de Jujuy, con el prop\u00f3sito de satisfacer demandas de salud p\u00fablica y poner al alcance de la poblaci\u00f3n los primeros derivados de <strong>cannabis de grado m\u00e9dico,<\/strong> cumpliendo con los est\u00e1ndares de buenas pr\u00e1cticas agr\u00edcolas y buenas pr\u00e1cticas de manufactura, en l\u00ednea con los requisitos que impone la<strong> ANMAT<\/strong>. Es el sost\u00e9n estatal, institucional y t\u00e9cnico de todo el proceso productivo, desde el cultivo hasta la producci\u00f3n y comercializaci\u00f3n de sus derivados medicinales.<\/p>\n\n\n\n<p>Acompa\u00f1aron al gobernador Morales, la Ministra de Desarrollo Humano <strong>Natalia Sarapura <\/strong>y el Presidente de Cannava <strong>Gast\u00f3n Morales<\/strong>.<\/p>\n\n\n\n<figure class=\"wp-block-image size-large\"><img decoding=\"async\" loading=\"lazy\" width=\"721\" height=\"480\" src=\"https:\/\/notinor.com\/jujuy\/wp-content\/uploads\/2021\/08\/pacha-721x480.jpg\" alt=\"\" class=\"wp-image-307950\" srcset=\"https:\/\/notinor.com\/jujuy\/wp-content\/uploads\/2021\/08\/pacha-721x480.jpg 721w, https:\/\/notinor.com\/jujuy\/wp-content\/uploads\/2021\/08\/pacha-548x365.jpg 548w, https:\/\/notinor.com\/jujuy\/wp-content\/uploads\/2021\/08\/pacha-768x511.jpg 768w, https:\/\/notinor.com\/jujuy\/wp-content\/uploads\/2021\/08\/pacha-750x499.jpg 750w, https:\/\/notinor.com\/jujuy\/wp-content\/uploads\/2021\/08\/pacha-1140x759.jpg 1140w, https:\/\/notinor.com\/jujuy\/wp-content\/uploads\/2021\/08\/pacha.jpg 1280w\" sizes=\"(max-width: 721px) 100vw, 721px\" \/><\/figure>\n","protected":false},"excerpt":{"rendered":"<p>Agosto es un mes muy especial para todos los juje\u00f1os en relaci\u00f3n con la celebraci\u00f3n y agradecimiento a la Pachamama y por el \u00c9xodo Juje\u00f1o, en este marco el gobernador agradeci\u00f3 a la Pachamama en las instalaciones de Cannava, empresa estatal pionera en la producci\u00f3n de aceite de cannabis medicinal. Fue el primer mandatario que [&hellip;]<\/p>\n","protected":false},"author":1,"featured_media":307948,"comment_status":"open","ping_status":"open","sticky":false,"template":"","format":"standard","meta":{"_stopmodifiedupdate":false,"_modified_date":"","inline_featured_image":false},"categories":[2],"tags":[],"jetpack_featured_media_url":"https:\/\/notinor.com\/jujuy\/wp-content\/uploads\/2021\/08\/morales-sarapura.jpg","_links":{"self":[{"href":"https:\/\/notinor.com\/jujuy\/wp-json\/wp\/v2\/posts\/307947"}],"collection":[{"href":"https:\/\/notinor.com\/jujuy\/wp-json\/wp\/v2\/posts"}],"about":[{"href":"https:\/\/notinor.com\/jujuy\/wp-json\/wp\/v2\/types\/post"}],"author":[{"embeddable":true,"href":"https:\/\/notinor.com\/jujuy\/wp-json\/wp\/v2\/users\/1"}],"replies":[{"embeddable":true,"href":"https:\/\/notinor.com\/jujuy\/wp-json\/wp\/v2\/comments?post=307947"}],"version-history":[{"count":3,"href":"https:\/\/notinor.com\/jujuy\/wp-json\/wp\/v2\/posts\/307947\/revisions"}],"predecessor-version":[{"id":307957,"href":"https:\/\/notinor.com\/jujuy\/wp-json\/wp\/v2\/posts\/307947\/revisions\/307957"}],"wp:featuredmedia":[{"embeddable":true,"href":"https:\/\/notinor.com\/jujuy\/wp-json\/wp\/v2\/media\/307948"}],"wp:attachment":[{"href":"https:\/\/notinor.com\/jujuy\/wp-json\/wp\/v2\/media?parent=307947"}],"wp:term":[{"taxonomy":"category","embeddable":true,"href":"https:\/\/notinor.com\/jujuy\/wp-json\/wp\/v2\/categories?post=307947"},{"taxonomy":"post_tag","embeddable":true,"href":"https:\/\/notinor.com\/jujuy\/wp-json\/wp\/v2\/tags?post=307947"}],"curies":[{"name":"wp","href":"https:\/\/api.w.org\/{rel}","templated":true}]}}