{"id":307942,"date":"2021-08-15T12:30:14","date_gmt":"2021-08-15T15:30:14","guid":{"rendered":"https:\/\/notinor.com\/jujuy\/?p=307942"},"modified":"2021-08-15T12:30:19","modified_gmt":"2021-08-15T15:30:19","slug":"appojuy-celebro-once-anos-de-vida-junto-al-apoyo-del-municipio","status":"publish","type":"post","link":"https:\/\/notinor.com\/jujuy\/appojuy-celebro-once-anos-de-vida-junto-al-apoyo-del-municipio\/","title":{"rendered":"APPOJUY celebr\u00f3 once a\u00f1os de vida junto al apoyo del municipio"},"content":{"rendered":"\n<p>Mediante un sencillo acto que cont\u00f3 con las alocuciones del intendente Ra\u00fal \"Chuli\" Jorge; del presidente del Concejo Deliberante, Lisandro Aguiar; y de la vicepresidente de APPOJUY, Mirta Ortega, se rememoraron los m\u00e1s importantes momentos de la creaci\u00f3n de la asociaci\u00f3n que fue generando nuevos proyectos que adicionaron al Paseo de las Plantas como ejemplo del trabajo conjunto entre el sector p\u00fablico y privado, eventos que adquirieron relevancia provincial y nacional, como La Flor M\u00e1s Bella y Jujuy en Flor.<\/p>\n\n\n\n<div class=\"wp-block-image\"><figure class=\"aligncenter size-large\"><img decoding=\"async\" loading=\"lazy\" width=\"480\" height=\"480\" src=\"https:\/\/notinor.com\/jujuy\/wp-content\/uploads\/2021\/08\/PLANTAS-1-480x480.jpg\" alt=\"\" class=\"wp-image-307944\" srcset=\"https:\/\/notinor.com\/jujuy\/wp-content\/uploads\/2021\/08\/PLANTAS-1-480x480.jpg 480w, https:\/\/notinor.com\/jujuy\/wp-content\/uploads\/2021\/08\/PLANTAS-1-365x365.jpg 365w, https:\/\/notinor.com\/jujuy\/wp-content\/uploads\/2021\/08\/PLANTAS-1-768x768.jpg 768w, https:\/\/notinor.com\/jujuy\/wp-content\/uploads\/2021\/08\/PLANTAS-1-75x75.jpg 75w, https:\/\/notinor.com\/jujuy\/wp-content\/uploads\/2021\/08\/PLANTAS-1-750x750.jpg 750w, https:\/\/notinor.com\/jujuy\/wp-content\/uploads\/2021\/08\/PLANTAS-1-1140x1140.jpg 1140w, https:\/\/notinor.com\/jujuy\/wp-content\/uploads\/2021\/08\/PLANTAS-1.jpg 1280w\" sizes=\"(max-width: 480px) 100vw, 480px\" \/><\/figure><\/div>\n\n\n\n<p>En este contexto, se present\u00f3 una placa honor\u00edfica en reconocimiento al ex presidente Domingo Faustino Sarmiento como un gran promotor de los espacios verdes como herramienta fundamental de la urbanizaci\u00f3n, y tambi\u00e9n se entregaron diplomas de reconocimiento a miembros de la asociaci\u00f3n.<\/p>\n\n\n\n<p>Al t\u00e9rmino del acto, el intendente Jorge, expres\u00f3, \"es un d\u00eda feliz para esta intendencia, acompa\u00f1ar a los 46 productores del Departamento General Belgrano y de otros lugares cercanos del interior, que hacen de esto un paseo tradicional que est\u00e1 en el calendario de la recreaci\u00f3n de los juje\u00f1os para el aprovisionamiento de plantas ornamentales, flores y \u00e1rboles, con precios acomodados a los bolsillos de los juje\u00f1os, y que permite que esta agrupaci\u00f3n inquebrantable genere y participe de eventos muy importantes, hay que destacar la calidad de la organizaci\u00f3n, son un ejemplo de lo que tiene que ser una alianza estrat\u00e9gica entre el sector p\u00fablico y el sector privado\".<\/p>\n\n\n\n<p>Por su parte, el presidente del Concejo Deliberante Capitalino, Lisandro Aguiar, sostuvo, \"desde el Concejo Deliberante acompa\u00f1amos a APPOJUY y al Ejecutivo Municipal en este proyecto tan importante que se ha transformado en un paseo tradicional dentro de nuestra ciudad, cada s\u00e1bado miles de vecinos vienen a conocer a estos productores que generan hermosos productos para los hogares\".<\/p>\n\n\n\n<p>Adem\u00e1s, la vocera de la Comisi\u00f3n Directiva de APPOJUY, Graciela de S\u00e1nchez, asegur\u00f3, \"con gran alegr\u00eda festejamos este onceavo aniversario de nuestra asociaci\u00f3n, con nuevos desaf\u00edos, nuevos planteos, muy felices de contar con la presencia de las autoridades del Municipio y una gran afluencia de p\u00fablico\". Resumiendo el sentir de las 46 familias de productores, S\u00e1nchez puntualiz\u00f3, \"para nosotros el Paseo de las Plantas significa una enorme oportunidad de crecimiento, apreciamos este espacio para la muestra y venta de nuestros productos, y destac\u00f3, \"este acompa\u00f1amiento de la Municipalidad que es ostensible en los eventos que ya son \u00edconos, como La Flor M\u00e1s Bella y Jujuy en Flor, constituye estos espacios privilegiados de socializaci\u00f3n y de visibilizaci\u00f3n del sector flor\u00edcola\".<\/p>\n\n\n\n<p>El acto fue presidido por el intendente de San Salvador de Jujuy, Ra\u00fal \"Chuli\" Jorge, y se cont\u00f3 con la presencia del presidente del Concejo Deliberante, Lisandro Aguiar; la subsecretaria de Planificaci\u00f3n, Desarrollo y Modernizaci\u00f3n, Adriana D\u00edaz; la directora general de Desarrollo, Viviana G\u00f3mez, y el presidente de la Asociaci\u00f3n de Productores Plantas Ornamentales de Jujuy, ingeniero agr\u00f3nomo Gabriel S\u00e1nchez quien estuvo acompa\u00f1ado por el pleno de la Comisi\u00f3n Directiva.<\/p>\n\n\n\n<div class=\"wp-block-image\"><figure class=\"aligncenter size-large\"><img decoding=\"async\" loading=\"lazy\" width=\"480\" height=\"480\" src=\"https:\/\/notinor.com\/jujuy\/wp-content\/uploads\/2021\/08\/PLANTAS-2-480x480.jpg\" alt=\"\" class=\"wp-image-307945\" srcset=\"https:\/\/notinor.com\/jujuy\/wp-content\/uploads\/2021\/08\/PLANTAS-2-480x480.jpg 480w, https:\/\/notinor.com\/jujuy\/wp-content\/uploads\/2021\/08\/PLANTAS-2-365x365.jpg 365w, https:\/\/notinor.com\/jujuy\/wp-content\/uploads\/2021\/08\/PLANTAS-2-768x768.jpg 768w, https:\/\/notinor.com\/jujuy\/wp-content\/uploads\/2021\/08\/PLANTAS-2-75x75.jpg 75w, https:\/\/notinor.com\/jujuy\/wp-content\/uploads\/2021\/08\/PLANTAS-2-750x750.jpg 750w, https:\/\/notinor.com\/jujuy\/wp-content\/uploads\/2021\/08\/PLANTAS-2-1140x1140.jpg 1140w, https:\/\/notinor.com\/jujuy\/wp-content\/uploads\/2021\/08\/PLANTAS-2.jpg 1280w\" sizes=\"(max-width: 480px) 100vw, 480px\" \/><\/figure><\/div>\n","protected":false},"excerpt":{"rendered":"<p>Mediante un sencillo acto que cont\u00f3 con las alocuciones del intendente Ra\u00fal \"Chuli\" Jorge; del presidente del Concejo Deliberante, Lisandro Aguiar; y de la vicepresidente de APPOJUY, Mirta Ortega, se rememoraron los m\u00e1s importantes momentos de la creaci\u00f3n de la asociaci\u00f3n que fue generando nuevos proyectos que adicionaron al Paseo de las Plantas como ejemplo [&hellip;]<\/p>\n","protected":false},"author":5,"featured_media":307943,"comment_status":"open","ping_status":"open","sticky":false,"template":"","format":"standard","meta":{"_stopmodifiedupdate":false,"_modified_date":"","inline_featured_image":false},"categories":[13],"tags":[],"jetpack_featured_media_url":"https:\/\/notinor.com\/jujuy\/wp-content\/uploads\/2021\/08\/PLANTAS.jpg","_links":{"self":[{"href":"https:\/\/notinor.com\/jujuy\/wp-json\/wp\/v2\/posts\/307942"}],"collection":[{"href":"https:\/\/notinor.com\/jujuy\/wp-json\/wp\/v2\/posts"}],"about":[{"href":"https:\/\/notinor.com\/jujuy\/wp-json\/wp\/v2\/types\/post"}],"author":[{"embeddable":true,"href":"https:\/\/notinor.com\/jujuy\/wp-json\/wp\/v2\/users\/5"}],"replies":[{"embeddable":true,"href":"https:\/\/notinor.com\/jujuy\/wp-json\/wp\/v2\/comments?post=307942"}],"version-history":[{"count":1,"href":"https:\/\/notinor.com\/jujuy\/wp-json\/wp\/v2\/posts\/307942\/revisions"}],"predecessor-version":[{"id":307946,"href":"https:\/\/notinor.com\/jujuy\/wp-json\/wp\/v2\/posts\/307942\/revisions\/307946"}],"wp:featuredmedia":[{"embeddable":true,"href":"https:\/\/notinor.com\/jujuy\/wp-json\/wp\/v2\/media\/307943"}],"wp:attachment":[{"href":"https:\/\/notinor.com\/jujuy\/wp-json\/wp\/v2\/media?parent=307942"}],"wp:term":[{"taxonomy":"category","embeddable":true,"href":"https:\/\/notinor.com\/jujuy\/wp-json\/wp\/v2\/categories?post=307942"},{"taxonomy":"post_tag","embeddable":true,"href":"https:\/\/notinor.com\/jujuy\/wp-json\/wp\/v2\/tags?post=307942"}],"curies":[{"name":"wp","href":"https:\/\/api.w.org\/{rel}","templated":true}]}}