{"id":307931,"date":"2021-08-15T12:14:33","date_gmt":"2021-08-15T15:14:33","guid":{"rendered":"https:\/\/notinor.com\/jujuy\/?p=307931"},"modified":"2021-08-15T12:17:51","modified_gmt":"2021-08-15T15:17:51","slug":"los-hornitos-2021-con-protocolos-y-capacidad-reducida","status":"publish","type":"post","link":"https:\/\/notinor.com\/jujuy\/los-hornitos-2021-con-protocolos-y-capacidad-reducida\/","title":{"rendered":"\"Los Hornitos\" 2021 con  protocolos y capacidad reducida"},"content":{"rendered":"\n<p>El tradicional evento se realizar\u00e1 los d\u00edas 21&nbsp;&nbsp;y 22 de agosto&nbsp;&nbsp;de 12 a 16 hs.&nbsp;&nbsp;y de 20 a 24 y el 23 de agosto de 12 a 16 hs. Habr\u00e1 capacidad para 350 personas, 250 podr\u00e1n&nbsp;&nbsp;hacer su reserva a partir del 20 de agosto al WhatsApp: 3885823401, de 9 a 20hs.,&nbsp;para el patio de comidas y 100 podr\u00e1n ingresar seg\u00fan orden de llegada para estar frente al escenario, respetando todos los protocolos de bioseguridad.&nbsp;<\/p>\n\n\n\n<div class=\"wp-block-image\"><figure class=\"aligncenter size-large is-resized\"><img decoding=\"async\" loading=\"lazy\" src=\"https:\/\/notinor.com\/jujuy\/wp-content\/uploads\/2021\/08\/HORNITOS-723x480.jpg\" alt=\"\" class=\"wp-image-307933\" width=\"380\" height=\"252\" srcset=\"https:\/\/notinor.com\/jujuy\/wp-content\/uploads\/2021\/08\/HORNITOS-723x480.jpg 723w, https:\/\/notinor.com\/jujuy\/wp-content\/uploads\/2021\/08\/HORNITOS-550x365.jpg 550w, https:\/\/notinor.com\/jujuy\/wp-content\/uploads\/2021\/08\/HORNITOS-768x510.jpg 768w, https:\/\/notinor.com\/jujuy\/wp-content\/uploads\/2021\/08\/HORNITOS-1536x1020.jpg 1536w, https:\/\/notinor.com\/jujuy\/wp-content\/uploads\/2021\/08\/HORNITOS-750x498.jpg 750w, https:\/\/notinor.com\/jujuy\/wp-content\/uploads\/2021\/08\/HORNITOS-1140x757.jpg 1140w, https:\/\/notinor.com\/jujuy\/wp-content\/uploads\/2021\/08\/HORNITOS.jpg 1600w\" sizes=\"(max-width: 380px) 100vw, 380px\" \/><\/figure><\/div>\n\n\n\n<p>En conferencia de prensa, en el Sal\u00f3n de los Intendentes, Ra\u00fal \u201cChuli\u201d Jorge, junto al secretario y subsecretaria de Planificaci\u00f3n, a cargo de Cultura y Turismo, Luciano C\u00f3rdoba y Adriana D\u00edaz, respectivamente; la directora gral. de Cultura,&nbsp;&nbsp;Alejandra Guti\u00e9rrez y el director general de Planificaci\u00f3n, Alejandro Soruco, anunciaron la realizaci\u00f3n de una nueva edici\u00f3n de \"Los Hornitos\u201d.<\/p>\n\n\n\n<p>En este sentido, el Intendente Municipal reconoci\u00f3: \u201chay una decisi\u00f3n firme del Municipio de San Salvador de Jujuy, entendiendo las&nbsp;&nbsp;buenas noticias de que est\u00e1n bajando los casos y que&nbsp;se est\u00e1&nbsp;&nbsp;vacunando&nbsp;&nbsp;m\u00e1s gente, de poder realizar este evento, tan arraigado del esp\u00edritu de la cultura&nbsp;&nbsp;de nuestro pueblo,&nbsp;&nbsp;y poder reversionar&nbsp;\"Los Hornitos\" adecu\u00e1ndonos a todos los protocolos de bioseguridad\u201d.&nbsp;<\/p>\n\n\n\n<p>Por su parte, Luciano C\u00f3rdoba, asegur\u00f3 que la versi\u00f3n de este a\u00f1o&nbsp;&nbsp;ser\u00e1 una versi\u00f3n adaptada a estos tiempos \u201cque tiene que ver con el respeto a los protocolos de bioseguridad, va a ser una festival reducido&nbsp;&nbsp;en cuanto a su capacidad presencial en un formato h\u00edbrido\", asegur\u00f3,&nbsp;&nbsp;pero destac\u00f3 que gracias a la posibilidad que permiten las redes sociales se podr\u00e1 seguir a trav\u00e9s de las redes de #CulturaMuniJujuy.&nbsp;&nbsp;Explic\u00f3 tambi\u00e9n que se est\u00e1 trabajando&nbsp;&nbsp;en un acuerdo con la direcci\u00f3n de Turismo y los gastron\u00f3micos de la ciudad para que se puedan sumar con alg\u00fan tipo de promociones \u201cpara que v\u00eda delivery la gente&nbsp;&nbsp;pueda comprar comida regional y vivir&nbsp;&nbsp;desde sus casa el espect\u00e1culo de \"Los Hornitos\"\u201d.&nbsp;&nbsp;<\/p>\n\n\n\n<p>Finalmente, Alejandro Soruco brind\u00f3 detalles en referencia a los centros vecinales que van a participar ofreciendo sus comida \u201cvamos a estar reducidos en el patio de comidas, solo ser\u00e1n doce centro vecinales&nbsp;&nbsp;los que van a&nbsp;&nbsp;tener su stand. Entre todos los centros vecinales inscriptos se realizar\u00e1 un sorteo para determinar esas plazas\u201d. Adem\u00e1s&nbsp;&nbsp;explic\u00f3 que por protocolos s\u00f3lo se ofrecer\u00e1n empanadas tamales y locro ,\u201ctodo ser\u00e1 muy controlado por Seguridad Alimentaria\u201d asegur\u00f3 .<\/p>\n\n\n\n<p>La cartelera&nbsp;<br>La directora gral de Cultura, Alejandra Guti\u00e9rrez&nbsp;&nbsp;anunci\u00f3 que \"habr\u00e1 parejas de los<br>Ballets: El Criollo, Runakuna Wi\u00f1ay, El Juje\u00f1o, Caporales Alma y Coraz\u00f3n , y Juventud Prolongada que van a estar haciendo unos peque\u00f1os micros culturales entre grupo y grupo para amenizar el cambio&nbsp;&nbsp;de artistitas\", y detall\u00f3 cu\u00e1les ser\u00e1n los grupos que participar\u00e1n en la edici\u00f3n 2021 de los hornitos:&nbsp;<br>Viernes 21 de 12 a 16 hs.<br>Masi Manta&nbsp;<br>Milagros Fassola&nbsp;<br>Salamanqueros&nbsp;<br>M\u00f3nica Pacheco&nbsp;<br>Barracanes&nbsp;&nbsp;<br>Copleros&nbsp;<\/p>\n\n\n\n<p>Viernes 21de 20 a 24<br>La Noche&nbsp;<br>El\u00edas Abalos&nbsp;<br>Gustavo Pati\u00f1o&nbsp;<br>Ariel Alcobedo&nbsp;<br>Jasy Memby&nbsp;<br>Elena Mattos&nbsp;<\/p>\n\n\n\n<p>S\u00e1bado 22 de 12 a 16 hs&nbsp;<br>Mariana Barraza&nbsp;<br>Lautaro Paredes&nbsp;<br>Crisalido&nbsp;<br>Ang\u00e9lica Sim\u00f3n&nbsp;<br>La Pacha&nbsp;<\/p>\n\n\n\n<p>S\u00e1bado 22 de 20 a 24 hs&nbsp;<br>Daniela Garcia&nbsp;&nbsp;<br>Quebracho&nbsp;<br>Tati Dominguez&nbsp;<br>Tom\u00e1s Lipan&nbsp;<br>Coroico&nbsp;<\/p>\n\n\n\n<p>Domingo 23&nbsp;&nbsp;de 12 a 16<br>Elsa Tapia y Grito Coplero&nbsp;<br>Jesy Carrasco&nbsp;<br>Becho Riveiro<br>Kepianco<br>Chalican&nbsp;<\/p>\n\n\n\n<div class=\"wp-block-image\"><figure class=\"aligncenter size-large\"><img decoding=\"async\" loading=\"lazy\" width=\"384\" height=\"480\" src=\"https:\/\/notinor.com\/jujuy\/wp-content\/uploads\/2021\/08\/HORNITOS-1-384x480.jpg\" alt=\"\" class=\"wp-image-307935\" srcset=\"https:\/\/notinor.com\/jujuy\/wp-content\/uploads\/2021\/08\/HORNITOS-1-384x480.jpg 384w, https:\/\/notinor.com\/jujuy\/wp-content\/uploads\/2021\/08\/HORNITOS-1-292x365.jpg 292w, https:\/\/notinor.com\/jujuy\/wp-content\/uploads\/2021\/08\/HORNITOS-1-768x960.jpg 768w, https:\/\/notinor.com\/jujuy\/wp-content\/uploads\/2021\/08\/HORNITOS-1-750x938.jpg 750w, https:\/\/notinor.com\/jujuy\/wp-content\/uploads\/2021\/08\/HORNITOS-1.jpg 918w\" sizes=\"(max-width: 384px) 100vw, 384px\" \/><\/figure><\/div>\n","protected":false},"excerpt":{"rendered":"<p>El tradicional evento se realizar\u00e1 los d\u00edas 21&nbsp;&nbsp;y 22 de agosto&nbsp;&nbsp;de 12 a 16 hs.&nbsp;&nbsp;y de 20 a 24 y el 23 de agosto de 12 a 16 hs. Habr\u00e1 capacidad para 350 personas, 250 podr\u00e1n&nbsp;&nbsp;hacer su reserva a partir del 20 de agosto al WhatsApp: 3885823401, de 9 a 20hs.,&nbsp;para el patio de comidas [&hellip;]<\/p>\n","protected":false},"author":5,"featured_media":307932,"comment_status":"open","ping_status":"open","sticky":false,"template":"","format":"standard","meta":{"_stopmodifiedupdate":false,"_modified_date":"","inline_featured_image":false},"categories":[514],"tags":[],"jetpack_featured_media_url":"https:\/\/notinor.com\/jujuy\/wp-content\/uploads\/2021\/08\/HOTNITOS.jpg","_links":{"self":[{"href":"https:\/\/notinor.com\/jujuy\/wp-json\/wp\/v2\/posts\/307931"}],"collection":[{"href":"https:\/\/notinor.com\/jujuy\/wp-json\/wp\/v2\/posts"}],"about":[{"href":"https:\/\/notinor.com\/jujuy\/wp-json\/wp\/v2\/types\/post"}],"author":[{"embeddable":true,"href":"https:\/\/notinor.com\/jujuy\/wp-json\/wp\/v2\/users\/5"}],"replies":[{"embeddable":true,"href":"https:\/\/notinor.com\/jujuy\/wp-json\/wp\/v2\/comments?post=307931"}],"version-history":[{"count":2,"href":"https:\/\/notinor.com\/jujuy\/wp-json\/wp\/v2\/posts\/307931\/revisions"}],"predecessor-version":[{"id":307936,"href":"https:\/\/notinor.com\/jujuy\/wp-json\/wp\/v2\/posts\/307931\/revisions\/307936"}],"wp:featuredmedia":[{"embeddable":true,"href":"https:\/\/notinor.com\/jujuy\/wp-json\/wp\/v2\/media\/307932"}],"wp:attachment":[{"href":"https:\/\/notinor.com\/jujuy\/wp-json\/wp\/v2\/media?parent=307931"}],"wp:term":[{"taxonomy":"category","embeddable":true,"href":"https:\/\/notinor.com\/jujuy\/wp-json\/wp\/v2\/categories?post=307931"},{"taxonomy":"post_tag","embeddable":true,"href":"https:\/\/notinor.com\/jujuy\/wp-json\/wp\/v2\/tags?post=307931"}],"curies":[{"name":"wp","href":"https:\/\/api.w.org\/{rel}","templated":true}]}}