{"id":307928,"date":"2021-08-15T12:05:56","date_gmt":"2021-08-15T15:05:56","guid":{"rendered":"https:\/\/notinor.com\/jujuy\/?p=307928"},"modified":"2021-08-15T12:06:01","modified_gmt":"2021-08-15T15:06:01","slug":"el-gobierno-entrego-herramientas-e-insumos-a-comunidades-aborigenes-de-la-provincia","status":"publish","type":"post","link":"https:\/\/notinor.com\/jujuy\/el-gobierno-entrego-herramientas-e-insumos-a-comunidades-aborigenes-de-la-provincia\/","title":{"rendered":"El Gobierno entreg\u00f3 herramientas e insumos a comunidades abor\u00edgenes de la Provincia"},"content":{"rendered":"\n<p>l Gobernador, Gerardo Morales, entreg\u00f3 instrumentos laborales a 20 comunidades de diferentes regiones de la Provincia. Por su parte, los comuneros presentes, agradecieron el trabajo y la gesti\u00f3n del gobierno por el acompa\u00f1amiento y fortalecimiento en la producci\u00f3n rural.<\/p>\n\n\n\n<div class=\"wp-block-image\"><figure class=\"aligncenter is-resized\"><img decoding=\"async\" loading=\"lazy\" src=\"https:\/\/media.prensa.jujuy.gob.ar\/p\/4b63fc109e160968cea35222609ff3e2\/adjuntos\/301\/imagenes\/000\/292\/0000292531\/gm-entregadeelemelementos-productores-tumbaya.jpg\" alt=\"El Gobierno entreg\u00f3 herramientas e insumos a comunidades abor\u00edgenes de la Provincia\" width=\"648\" height=\"429\" title=\"El Gobierno entreg\u00f3 herramientas e insumos a comunidades abor\u00edgenes de la Provincia\"\/><\/figure><\/div>\n\n\n\n<p><a href=\"https:\/\/media.prensa.jujuy.gob.ar\/p\/1062885e6e5040bfc140afab9fa10750\/adjuntos\/301\/imagenes\/000\/292\/0000292543\/gm-entregadeelemelementos-productores-tumbaya.jpg\"><\/a><\/p>\n\n\n\n<p>El Programa de Fortalecimiento Provincial\u00a0Social, tiene un sentido especial por su connotaci\u00f3n en la producci\u00f3n agr\u00edcola rural, que viene a fortalecer y mantener viva la esencia de cada zona, asimismo, conjugando el arraigo y el respeto con el fin de revalorizar la actividad comunitaria.<\/p>\n\n\n\n<p>En ese marco, el gobernador Morales felicit\u00f3 a las comunidades presentes, por su actividad y su trabajo solidarios en estos tiempos dif\u00edciles. \u201cEs un gusto estar acompa\u00f1ando este programa, que viene a fortalecer el trabajo de las comunidades\", continuo \"hay que profundizar estos proyectos, porque estas m\u00e1quinas, permitir\u00e1n mejorar la labor en la agricultura como tambi\u00e9n en la conservaci\u00f3n y en la pr\u00e1ctica en las zonas rurales\u201d, remarc\u00f3.<\/p>\n\n\n\n<p>En otro orden, el mandatario Provincial, anticip\u00f3 las pr\u00f3ximas obras educativas para el pueblo de Tumbaya. \u201cVamos a construir una escuela primaria nueva, la cual tendr\u00e1 apertura para el nivel inicial. Habr\u00e1 una secundaria rural coordinada por TIC, incluye todo en el marco del Plan Educativo\u201d, adem\u00e1s recalc\u00f3 que \u201cvamos a reparar el 100% de los establecimientos educativos\u201d, la administraci\u00f3n tiene previsto construir 258 instituciones.<\/p>\n\n\n\n<p>\u201cEste gobierno tiene una fuerte apuesta a la educaci\u00f3n, quiero que todos los ni\u00f1os y ni\u00f1as tenga acceso a una educaci\u00f3n para que tenga un futuro, para ello, debemos trabajar unidos y con energ\u00eda para que nuestra Pacha nos acompa\u00f1e\u201d, finaliz\u00f3 el Gobernador.<\/p>\n\n\n\n<p>Por su parte la ministra de Desarrollo Humano, Natalia Sarapura, reconoci\u00f3 a las comunidades por su gran labor diaria y por el fortalecimiento continuo en la pr\u00e1ctica comunitaria, \u201clas comunidades hacen un trabajo magn\u00edfico en la agricultura, por ejemplo, revalorizar la semilla y su tarea en la diversidad del mismo, entre ello, la recuperaci\u00f3n de un producto como el yac\u00f3n iniciado por la comunidad de Laguna de Tesorero. El trabajo comunitario es una forma de vida, es \u00fanica en el mundo, cuanto la valoro y respeto\u201d, enfatiz\u00f3.<\/p>\n\n\n\n<p>\u201cNuestra Provincia tiene su potencia en la diversidad cultural. Construir para que sea m\u00e1s pluricultural. Garantizar el buen vivir para todas las comunidades. Potenciar la autoprotecci\u00f3n para el consumo y hacer de manera comunitaria. Realizar un tiempo de di\u00e1logo y de encuentros, ese es el camino. Hay una pol\u00edtica avanzada no solo institucional sino tambi\u00e9n en lo humano respetando la ley. Agradezco a las comunidades presentes y a nuestro Gobernador por recorrer territorio, tiene una vocaci\u00f3n que permite ser el primer gobernador estar en cada rinc\u00f3n de la Provincia\u201d, subray\u00f3 la ministra.<\/p>\n\n\n\n<p>La Comisionada de Tumbaya, Joaquina Cruz, agradeci\u00f3 la visita del gobernador y valor\u00f3 la tarea del equipo de trabajo del gobierno que est\u00e1 siempre junto a los pueblos del norte; a su vez felicit\u00f3 a la ministra de Desarrollo Humano por su tarea social\u201d.<\/p>\n\n\n\n<p>Acompa\u00f1aron la entrega los siguientes legisladores provinciales, Humberto L\u00f3pez, Gaspar Santill\u00e1n y Victoria Luna Murillo, as\u00ed tambi\u00e9n, legisladores locales y pueblo en general.<\/p>\n\n\n\n<p>Las herramientas entregadas consistieron en: motocultivador, palas, picos, azadas, carretillas, rollos de mangueras, tanques de agua, bolsas de cementos, semillas, entre otros elementos.<\/p>\n\n\n\n<p>Comunidades Presentes<\/p>\n\n\n\n<p>El Comunero, Reynaldo Tolaba, agradeci\u00f3 la gesti\u00f3n del gobierno y por el Programa Social que viene a ayudar mucho a todas las comunidades, \u201ceste aporte que no est\u00e1n dando el gobierno de la Provincia, estas herramientas, viene a facilitar nuestro trabajo, quiero agradecer al Sr Gobernador, y a la ministra Natalia Sarapura\u201d, expres\u00f3 Tolaba.<\/p>\n\n\n\n<p>\u00b0 Uni\u00f3n Volc\u00e1n de Yacoraite<\/p>\n\n\n\n<p>\u00b0 San Francisco<\/p>\n\n\n\n<p>\u00b0 Maimaraes<\/p>\n\n\n\n<p>\u00b0 Arete Guazu<\/p>\n\n\n\n<p>\u00b0 Mina Pumahuasi<\/p>\n\n\n\n<p>\u00b0 Vicu\u00f1ayoc<\/p>\n\n\n\n<p>\u00b0 Santa Luc\u00eda de Calete<\/p>\n\n\n\n<p>\u00b0 Villa El Perchel<\/p>\n\n\n\n<p>\u00b0 El Bananal<\/p>\n\n\n\n<p>\u00b0 Piedra Negra<\/p>\n\n\n\n<p>\u00b0 Hermano Unidos<\/p>\n\n\n\n<p>\u00b0 Chalguamayoc<\/p>\n\n\n\n<p>\u00b0 La Ci\u00e9naga<\/p>\n\n\n\n<p>\u00b0 Tata Endi<\/p>\n\n\n\n<p>\u00b0 Laguna de Tesorero<\/p>\n\n\n\n<p>\u00b0 Los Chorrillos<\/p>\n","protected":false},"excerpt":{"rendered":"<p>l Gobernador, Gerardo Morales, entreg\u00f3 instrumentos laborales a 20 comunidades de diferentes regiones de la Provincia. Por su parte, los comuneros presentes, agradecieron el trabajo y la gesti\u00f3n del gobierno por el acompa\u00f1amiento y fortalecimiento en la producci\u00f3n rural. El Programa de Fortalecimiento Provincial\u00a0Social, tiene un sentido especial por su connotaci\u00f3n en la producci\u00f3n agr\u00edcola [&hellip;]<\/p>\n","protected":false},"author":5,"featured_media":307929,"comment_status":"open","ping_status":"open","sticky":false,"template":"","format":"standard","meta":{"_stopmodifiedupdate":false,"_modified_date":"","inline_featured_image":false},"categories":[4],"tags":[],"jetpack_featured_media_url":"https:\/\/notinor.com\/jujuy\/wp-content\/uploads\/2021\/08\/TUMBAYA.jpg","_links":{"self":[{"href":"https:\/\/notinor.com\/jujuy\/wp-json\/wp\/v2\/posts\/307928"}],"collection":[{"href":"https:\/\/notinor.com\/jujuy\/wp-json\/wp\/v2\/posts"}],"about":[{"href":"https:\/\/notinor.com\/jujuy\/wp-json\/wp\/v2\/types\/post"}],"author":[{"embeddable":true,"href":"https:\/\/notinor.com\/jujuy\/wp-json\/wp\/v2\/users\/5"}],"replies":[{"embeddable":true,"href":"https:\/\/notinor.com\/jujuy\/wp-json\/wp\/v2\/comments?post=307928"}],"version-history":[{"count":1,"href":"https:\/\/notinor.com\/jujuy\/wp-json\/wp\/v2\/posts\/307928\/revisions"}],"predecessor-version":[{"id":307930,"href":"https:\/\/notinor.com\/jujuy\/wp-json\/wp\/v2\/posts\/307928\/revisions\/307930"}],"wp:featuredmedia":[{"embeddable":true,"href":"https:\/\/notinor.com\/jujuy\/wp-json\/wp\/v2\/media\/307929"}],"wp:attachment":[{"href":"https:\/\/notinor.com\/jujuy\/wp-json\/wp\/v2\/media?parent=307928"}],"wp:term":[{"taxonomy":"category","embeddable":true,"href":"https:\/\/notinor.com\/jujuy\/wp-json\/wp\/v2\/categories?post=307928"},{"taxonomy":"post_tag","embeddable":true,"href":"https:\/\/notinor.com\/jujuy\/wp-json\/wp\/v2\/tags?post=307928"}],"curies":[{"name":"wp","href":"https:\/\/api.w.org\/{rel}","templated":true}]}}