{"id":306604,"date":"2021-08-01T10:45:00","date_gmt":"2021-08-01T13:45:00","guid":{"rendered":"https:\/\/notinor.com\/jujuy\/?p=306604"},"modified":"2021-08-01T10:45:06","modified_gmt":"2021-08-01T13:45:06","slug":"fallecio-gino-renni-su-exitosa-carrera-como-cantante","status":"publish","type":"post","link":"https:\/\/notinor.com\/jujuy\/fallecio-gino-renni-su-exitosa-carrera-como-cantante\/","title":{"rendered":"Falleci\u00f3 Gino Renni: su exitosa carrera como cantante"},"content":{"rendered":"\n<p>A los 78 a\u00f1os falleci\u00f3 el actor Gino Renni por las complicaciones derivadas de su cuadro de coronavirus. El actor hab\u00eda sido internado en el Instituto del Diagn\u00f3stico el pasado 7 de junio.<\/p>\n\n\n\n<div class=\"wp-block-image\"><figure class=\"aligncenter size-large\"><img decoding=\"async\" loading=\"lazy\" width=\"482\" height=\"480\" src=\"https:\/\/notinor.com\/jujuy\/wp-content\/uploads\/2021\/08\/gino-1-482x480.jpg\" alt=\"\" class=\"wp-image-306606\" srcset=\"https:\/\/notinor.com\/jujuy\/wp-content\/uploads\/2021\/08\/gino-1-482x480.jpg 482w, https:\/\/notinor.com\/jujuy\/wp-content\/uploads\/2021\/08\/gino-1-366x365.jpg 366w, https:\/\/notinor.com\/jujuy\/wp-content\/uploads\/2021\/08\/gino-1-75x75.jpg 75w, https:\/\/notinor.com\/jujuy\/wp-content\/uploads\/2021\/08\/gino-1.jpg 750w\" sizes=\"(max-width: 482px) 100vw, 482px\" \/><\/figure><\/div>\n\n\n\n<p>En sus m\u00e1s de 60 a\u00f1os de trayectoria, Gino Renni no solo se destac\u00f3 el el cine y la televisi\u00f3n, sino que tuvo una exitosa carrera musical. Grab\u00f3 y particip\u00f3 en temas de los m\u00e1s prestigiosos autores italianos, argentinos, propios y de otros pa\u00edses, en infinidad de LP, Singles y Dobles.<\/p>\n\n\n\n<p>En 1964 grab\u00f3 para el LP \u201cClub del Clan\u201d su primer tema \u201cUna lacrima sul viso\u201d, canci\u00f3n que triunf\u00f3 en el Festival de San Remo y luego particip\u00f3 en otros cuatro Minis LP con exitosos temas.<\/p>\n\n\n\n<p>Sin embargo, su primer LP lleg\u00f3 en octubre de ese a\u00f1o, llamado simplemente \u201cGino Renni\u201d.<\/p>\n\n\n\n<p>Seis a\u00f1os a\u00f1os m\u00e1s tarde, realiz\u00f3 su mayor venta discogr\u00e1fica con el \u00e1lbum \u201cLa Pampa \u00e8 Grossa\u201d, interpretado por el personaje El Tigro Giacomo Polenta. Tambi\u00e9n Lanz\u00f3 \u201cCarnavalucho\u201d y \u201cLa Tarantana\u201d.<\/p>\n\n\n\n<p>\u00a1En 1973 grab\u00f3 un remake del \u00e9xito de Fred Buscaglione en espa\u00f1ol y lo titul\u00f3 \u201c\u00a1Teresa, ten piedad\u201d, adem\u00e1s de \u201cQu\u00e9 M\u00e1quina!\u201d. Adem\u00e1s de participar en el Festival de Vi\u00f1a del Mar, grab\u00f3 \u201cVete\u201d y \u201cVoy a intentar\u201d. Este \u00faltimo conten\u00eda el tema que cantaba su personaje Franco en la telenovela \u201cNino, las cosas simples de la vida\u201d.<\/p>\n\n\n\n<p>Entre 1983 y 1984 particip\u00f3 del LP del programa \u201cMesa de Noticias\u201d, adem\u00e1s de \u201cAssassino Rock\u201d y \u201cPasta Cucinata\u201d que se convirtieron en totales \u00e9xitos de ventas.<\/p>\n\n\n\n<p>En 1987 lleg\u00f3 \u201cLa Conga Menefreguista\u201d con el personaje Il Bello Gigi. En este disco tom\u00f3 temas famosos y les cambi\u00f3 la letra por otras originales y c\u00f3micas.<\/p>\n\n\n\n<p>Su lanzamiento musical m\u00e1s reciente fue el CD \u201cGino A Tutti, Grazie\u201d, un \u00e1lbum de temas alegres y festivos que se origin\u00f3 por el \u00e9xito de los temas de la platea de Susana y tras ser convocado por Sony BMG.<\/p>\n\n\n\n<p>Se ha presentado como cantante en los mejores Clubes Nocturnos de Buenos Aires de los a\u00f1os 60; Tabar\u00eds, Marab\u00fa, King\u2019s, Whisky a Gog\u00f3, La Biga, Relieve, etc. Tambi\u00e9n en grandes shows en el Luna Park, Opera, Astros y Obras.<\/p>\n","protected":false},"excerpt":{"rendered":"<p>A los 78 a\u00f1os falleci\u00f3 el actor Gino Renni por las complicaciones derivadas de su cuadro de coronavirus. El actor hab\u00eda sido internado en el Instituto del Diagn\u00f3stico el pasado 7 de junio. En sus m\u00e1s de 60 a\u00f1os de trayectoria, Gino Renni no solo se destac\u00f3 el el cine y la televisi\u00f3n, sino que [&hellip;]<\/p>\n","protected":false},"author":5,"featured_media":306605,"comment_status":"open","ping_status":"open","sticky":false,"template":"","format":"standard","meta":{"_stopmodifiedupdate":false,"_modified_date":"","inline_featured_image":false,"spay_email":"","jetpack_publicize_message":""},"categories":[21],"tags":[],"jetpack_featured_media_url":"https:\/\/notinor.com\/jujuy\/wp-content\/uploads\/2021\/08\/gino.jpg","jetpack_publicize_connections":[],"_links":{"self":[{"href":"https:\/\/notinor.com\/jujuy\/wp-json\/wp\/v2\/posts\/306604"}],"collection":[{"href":"https:\/\/notinor.com\/jujuy\/wp-json\/wp\/v2\/posts"}],"about":[{"href":"https:\/\/notinor.com\/jujuy\/wp-json\/wp\/v2\/types\/post"}],"author":[{"embeddable":true,"href":"https:\/\/notinor.com\/jujuy\/wp-json\/wp\/v2\/users\/5"}],"replies":[{"embeddable":true,"href":"https:\/\/notinor.com\/jujuy\/wp-json\/wp\/v2\/comments?post=306604"}],"version-history":[{"count":1,"href":"https:\/\/notinor.com\/jujuy\/wp-json\/wp\/v2\/posts\/306604\/revisions"}],"predecessor-version":[{"id":306607,"href":"https:\/\/notinor.com\/jujuy\/wp-json\/wp\/v2\/posts\/306604\/revisions\/306607"}],"wp:featuredmedia":[{"embeddable":true,"href":"https:\/\/notinor.com\/jujuy\/wp-json\/wp\/v2\/media\/306605"}],"wp:attachment":[{"href":"https:\/\/notinor.com\/jujuy\/wp-json\/wp\/v2\/media?parent=306604"}],"wp:term":[{"taxonomy":"category","embeddable":true,"href":"https:\/\/notinor.com\/jujuy\/wp-json\/wp\/v2\/categories?post=306604"},{"taxonomy":"post_tag","embeddable":true,"href":"https:\/\/notinor.com\/jujuy\/wp-json\/wp\/v2\/tags?post=306604"}],"curies":[{"name":"wp","href":"https:\/\/api.w.org\/{rel}","templated":true}]}}