{"id":303866,"date":"2021-07-04T11:20:12","date_gmt":"2021-07-04T14:20:12","guid":{"rendered":"https:\/\/notinor.com\/jujuy\/?p=303866"},"modified":"2021-07-04T11:20:17","modified_gmt":"2021-07-04T14:20:17","slug":"lactancia-materna-y-vacunacion-anti-covid-las-10-preguntas-que-todas-las-madres-se-hacen","status":"publish","type":"post","link":"https:\/\/notinor.com\/jujuy\/lactancia-materna-y-vacunacion-anti-covid-las-10-preguntas-que-todas-las-madres-se-hacen\/","title":{"rendered":"Lactancia materna y vacunaci\u00f3n anti COVID: las 10 preguntas que todas las madres se hacen"},"content":{"rendered":"\n<p>La pediatra y puericultora mendocina Mar\u00eda Ignacia Moreno Benegas respondi\u00f3 a todas las dudas que generan miedo en las mam\u00e1s lactantes.<\/p>\n\n\n\n<div class=\"wp-block-image\"><figure class=\"aligncenter size-large\"><img decoding=\"async\" loading=\"lazy\" width=\"362\" height=\"480\" src=\"https:\/\/notinor.com\/jujuy\/wp-content\/uploads\/2021\/07\/BEBE-362x480.jpg\" alt=\"\" class=\"wp-image-303868\" srcset=\"https:\/\/notinor.com\/jujuy\/wp-content\/uploads\/2021\/07\/BEBE-362x480.jpg 362w, https:\/\/notinor.com\/jujuy\/wp-content\/uploads\/2021\/07\/BEBE-275x365.jpg 275w, https:\/\/notinor.com\/jujuy\/wp-content\/uploads\/2021\/07\/BEBE.jpg 600w\" sizes=\"(max-width: 362px) 100vw, 362px\" \/><\/figure><\/div>\n\n\n\n<p>La lactancia materna siempre genera dudas e inquietudes, sobre todo\u00a0en las mam\u00e1s primerizas. Aunque debiera ser un acto humano tan natural como lo es el nacimiento mismo, sucede que no es tan as\u00ed en la pr\u00e1ctica, y all\u00ed es donde\u00a0el rol de la puericultora para orientar y acompa\u00f1ar es clave.<\/p>\n\n\n\n<p>Si a esto le sumamos la enorme cantidad de dudas que surgen en medio de una pandemia, por un virus del que poco se conoce como el COVID,\u00a0el estr\u00e9s que pueden sufrir las mam\u00e1s se multiplica.<\/p>\n\n\n\n<p>La leche materna es el mejor alimento para el beb\u00e9 y le aporta numerosos beneficios, entre ellos, contiene los nutrientes que \u00e9l necesita y fortalece su sistema inmune, tanto a corto como a largo plazo. Pero \u00bfqu\u00e9 sucede con la lactancia materna y el COVID?<\/p>\n\n\n\n<p>La pediatra\u00a0Mar\u00eda Ignacia Moreno Benegas<strong>, <\/strong>destacada puericultora mendocina, responde a diario muchos interrogantes que preocupan a las mam\u00e1s que\u00a0dan\u00a0la teta o que est\u00e1n prontas a hacerlo.<\/p>\n\n\n\n<p>La Asociaci\u00f3n Civil Argentina de Puericultura (ACADP) define a la actividad&nbsp;como \"crianza, cuidado y desarrollo de los ni\u00f1os\"&nbsp;a trav\u00e9s del an\u00e1lisis de los distintos factores de crecimiento, el desarrollo de su inteligencia y las actividades que realiza en forma cotidiana, y de la b\u00fasqueda de un entorno de bienestar para el crecimiento y desarrollo desde su nacimiento hasta la adolescencia.<\/p>\n\n\n\n<p>La especialista, brind\u00f3\u00a0todas las respuestas necesarias para que las mam\u00e1s despejen sus dudas y disfruten con tranquilidad con sus peque\u00f1os de la lactancia materna.<\/p>\n\n\n\n<div class=\"wp-block-image\"><figure class=\"aligncenter is-resized\"><img decoding=\"async\" loading=\"lazy\" src=\"https:\/\/elsol-compress.s3-accelerate.amazonaws.com\/files\/16253290652061IMG_4158.jpg\" alt=\"\" width=\"606\" height=\"403\"\/><\/figure><\/div>\n\n\n\n<p><strong>- Si la madre que amamanta se vacuna contra el COVID \u00bfpuede colocarle otras vacunas del calendario a su beb\u00e9 antes de transcurridos 14 d\u00edas?<\/strong><\/p>\n\n\n\n<p>- S\u00ed, por supuesto, ya que el traspaso de los anticuerpos de la mam\u00e1 hacia el beb\u00e9 a trav\u00e9s de la leche materna, no interfiere con las respuestas que producen los bebitos a las vacunas que les colocan a ellos.<\/p>\n\n\n\n<p><strong>- \u00bfEl beb\u00e9 tambi\u00e9n puede tener efectos adversos como fiebre o molestias en el cuerpo luego de que la mam\u00e1 se vacune contra el COVID?<\/strong><\/p>\n\n\n\n<p>- No, ellos no hacen ninguna reacci\u00f3n inmunol\u00f3gica. Solo reciben los anticuerpos a trav\u00e9s de la leche entonces no deber\u00edan tener ning\u00fan tipo de efectos adversos.<\/p>\n\n\n\n<p><strong>- \u00bfLas vacunas contra el COVID pueden representar un riesgo para el ni\u00f1o amamantado?<\/strong><\/p>\n\n\n\n<p>- No, para la Organizaci\u00f3n Mundial de la Salud (OMS), las vacunas en estudio son vacunas que no contienen virus replicativos, entonces es muy poco probable que representen un riesgo para el ni\u00f1o que es amamantado. La OMS no recomienda suspender la lactancia materna antes, durante ni despu\u00e9s de la vacunaci\u00f3n.<\/p>\n\n\n\n<p><strong>- \u00bfLa cantidad de anticuerpos que va a portar la mam\u00e1 lactante es menor a la de otro adulto?<\/strong><\/p>\n\n\n\n<p>- Para nada, que lo anticuerpos se repliquen y traspasen hacia el beb\u00e9 a trav\u00e9s de la leche no disminuye en absoluto la cantidad de anticuerpos en la madre.<\/p>\n\n\n\n<div class=\"wp-block-image\"><figure class=\"aligncenter is-resized\"><img decoding=\"async\" loading=\"lazy\" src=\"https:\/\/elsol-compress.s3-accelerate.amazonaws.com\/files\/16253290652051IMG_4134.jpg\" alt=\"\" width=\"571\" height=\"379\"\/><\/figure><\/div>\n\n\n\n<p><strong>- \u00bfHay virus de Covid en la leche materna?<\/strong><\/p>\n\n\n\n<p>- Es importante destacar que los estudios han demostrado que la presencia del genoma del SARS-CoV-2 en la leche materna es poco com\u00fan (5%)y cuando ocurre, se asocia con s\u00edntomas leves en los reci\u00e9n nacidos.<\/p>\n\n\n\n<p><strong>- \u00bfHay vacunas m\u00e1s efectivas o seguras que otras?<\/strong><\/p>\n\n\n\n<p>- Todas est\u00e1n aprobadas por la OSM para las madres lactantes y no hay diferencia entre ellas.<\/p>\n\n\n\n<p><strong>- \u00bfHay anticuerpos en la leche materna de las mujeres que se enfermaron de Covid?<\/strong><\/p>\n\n\n\n<p>- S\u00ed, hay una alta prevalencia de anticuerpos anti-SARS-CoV-2 (IgA e IgG) en la leche materna de mujeres con COVID. Un 83% seg\u00fan la OMS. Esto quiere decir que es muy poco probable transmitir la enfermedad a trav\u00e9s de la leche, y si se sabe que un alto porcentaje de anticuerpos pasa a trav\u00e9s de la misma y confiere protecci\u00f3n al lactante. En base a estos hallazgos, se reafirma el apoyo a la lactancia materna en las mujeres con COVID-19 que deseen hacerlo. Siempre con las medidas de protecci\u00f3n.<\/p>\n\n\n\n<p><strong>- \u00bfLos beb\u00e9s lactantes deben internarse con la mam\u00e1 enferma de Covid para continuar siendo amantados?<\/strong><\/p>\n\n\n\n<p>- Los reci\u00e9n nacidos de madres con COVID-19 (que no requieren Cuidados Intensivos) pueden permanecer con su madre en internaci\u00f3n conjunta, manteniendo precauciones que incluyen distanciamiento mientras dure el periodo de contagio, uso de barbijo, higiene frecuente y ventilaci\u00f3n del ambiente.<\/p>\n\n\n\n<div class=\"wp-block-image\"><figure class=\"aligncenter is-resized\"><img decoding=\"async\" loading=\"lazy\" src=\"https:\/\/elsol-compress.s3-accelerate.amazonaws.com\/files\/16253290652061IMG_4153.jpg\" alt=\"\" width=\"608\" height=\"404\"\/><\/figure><\/div>\n\n\n\n<p><strong>- \u00bfHay vacunas Covid para mam\u00e1s lactantes menores de 18 a\u00f1os?<\/strong><\/p>\n\n\n\n<p>- Actualmente Argentina est\u00e1 vacunando a mam\u00e1s mayores de 18 a\u00f1os sin com\u00f3rbilidades, y en este grupo entran la mayor\u00eda de las madres en edad reproductiva que amamantan. Pero para las menores de 18 a\u00fan no hay vacunas disponibles en el pa\u00eds. Se cree que quedar\u00edan contempladas con la llegada de las vacunas pedi\u00e1tricas de Pfizer, en las pr\u00f3ximas semanas.<\/p>\n\n\n\n<p><strong>- En resumen \u00bfse aconceja entonces la vacunaci\u00f3n contra el Covid durante la lactancia?<\/strong><\/p>\n\n\n\n<p>- S\u00ed, totalmente. Si el deseo de la mam\u00e1 es continuar con la lactancia materna, ni la vacuna ni la enfermedad son criterios para interrumpirla.<\/p>\n","protected":false},"excerpt":{"rendered":"<p>La pediatra y puericultora mendocina Mar\u00eda Ignacia Moreno Benegas respondi\u00f3 a todas las dudas que generan miedo en las mam\u00e1s lactantes. La lactancia materna siempre genera dudas e inquietudes, sobre todo\u00a0en las mam\u00e1s primerizas. Aunque debiera ser un acto humano tan natural como lo es el nacimiento mismo, sucede que no es tan as\u00ed en [&hellip;]<\/p>\n","protected":false},"author":5,"featured_media":303867,"comment_status":"open","ping_status":"open","sticky":false,"template":"","format":"standard","meta":{"_stopmodifiedupdate":false,"_modified_date":"","inline_featured_image":false,"spay_email":"","jetpack_publicize_message":""},"categories":[828],"tags":[],"jetpack_featured_media_url":"https:\/\/notinor.com\/jujuy\/wp-content\/uploads\/2021\/07\/PEDIATRA.jpg","jetpack_publicize_connections":[],"_links":{"self":[{"href":"https:\/\/notinor.com\/jujuy\/wp-json\/wp\/v2\/posts\/303866"}],"collection":[{"href":"https:\/\/notinor.com\/jujuy\/wp-json\/wp\/v2\/posts"}],"about":[{"href":"https:\/\/notinor.com\/jujuy\/wp-json\/wp\/v2\/types\/post"}],"author":[{"embeddable":true,"href":"https:\/\/notinor.com\/jujuy\/wp-json\/wp\/v2\/users\/5"}],"replies":[{"embeddable":true,"href":"https:\/\/notinor.com\/jujuy\/wp-json\/wp\/v2\/comments?post=303866"}],"version-history":[{"count":1,"href":"https:\/\/notinor.com\/jujuy\/wp-json\/wp\/v2\/posts\/303866\/revisions"}],"predecessor-version":[{"id":303869,"href":"https:\/\/notinor.com\/jujuy\/wp-json\/wp\/v2\/posts\/303866\/revisions\/303869"}],"wp:featuredmedia":[{"embeddable":true,"href":"https:\/\/notinor.com\/jujuy\/wp-json\/wp\/v2\/media\/303867"}],"wp:attachment":[{"href":"https:\/\/notinor.com\/jujuy\/wp-json\/wp\/v2\/media?parent=303866"}],"wp:term":[{"taxonomy":"category","embeddable":true,"href":"https:\/\/notinor.com\/jujuy\/wp-json\/wp\/v2\/categories?post=303866"},{"taxonomy":"post_tag","embeddable":true,"href":"https:\/\/notinor.com\/jujuy\/wp-json\/wp\/v2\/tags?post=303866"}],"curies":[{"name":"wp","href":"https:\/\/api.w.org\/{rel}","templated":true}]}}