{"id":302258,"date":"2021-06-19T08:26:00","date_gmt":"2021-06-19T11:26:00","guid":{"rendered":"https:\/\/notinor.com\/jujuy\/?p=302258"},"modified":"2021-06-20T11:33:07","modified_gmt":"2021-06-20T14:33:07","slug":"transmision-online-de-inti-raymi-con-participacion-especial-de-artistas-jujenos","status":"publish","type":"post","link":"https:\/\/notinor.com\/jujuy\/transmision-online-de-inti-raymi-con-participacion-especial-de-artistas-jujenos\/","title":{"rendered":"Transmisi\u00f3n online de Inti Raymi con participaci\u00f3n especial de artistas juje\u00f1os"},"content":{"rendered":"\n<p>Hoy desde las 16 horas, a trav\u00e9s de los canales de Youtube de \u201cCultura Muni Jujuy\u201d y la fundaci\u00f3n Viento Norte, se podr\u00e1 participar de la transmisi\u00f3n v\u00eda streaming para aprender sobre el ceremonial del amanecer andino y descubrir los efectos pr\u00e1cticos de la sabidur\u00eda antigua americana. La misma contar\u00e1 con un anfitri\u00f3n, un moderador y dos personalidades de la cultura andina.<\/p>\n\n\n\n<figure class=\"wp-block-image size-large\"><img decoding=\"async\" loading=\"lazy\" width=\"383\" height=\"480\" src=\"https:\/\/notinor.com\/jujuy\/wp-content\/uploads\/2021\/06\/TRANSMISION-ONLINE-383x480.jpeg\" alt=\"\" class=\"wp-image-302259\" srcset=\"https:\/\/notinor.com\/jujuy\/wp-content\/uploads\/2021\/06\/TRANSMISION-ONLINE-383x480.jpeg 383w, https:\/\/notinor.com\/jujuy\/wp-content\/uploads\/2021\/06\/TRANSMISION-ONLINE-292x365.jpeg 292w, https:\/\/notinor.com\/jujuy\/wp-content\/uploads\/2021\/06\/TRANSMISION-ONLINE-768x961.jpeg 768w, https:\/\/notinor.com\/jujuy\/wp-content\/uploads\/2021\/06\/TRANSMISION-ONLINE-750x939.jpeg 750w, https:\/\/notinor.com\/jujuy\/wp-content\/uploads\/2021\/06\/TRANSMISION-ONLINE.jpeg 818w\" sizes=\"(max-width: 383px) 100vw, 383px\" \/><\/figure>\n\n\n\n<p>La direcci\u00f3n de Cultura, dependiente de la secretar\u00eda de Cultura y Turismo de la Municipalidad de San Salvador de Jujuy, invita a participar de una serie de actividades para aprender sobre la ceremonia del Amanecer Andino que se realizar\u00e1 de manera online.Por un lado, se contar\u00e1 con la presencia de Nicol\u00e1s Pauccar Calsina, Sacerdote y Or\u00e1culo nacido en la Naci\u00f3n Q\u2019ero. Es el primer Q\u2019ero que aprendi\u00f3 espa\u00f1ol para dar a conocer los rituales cham\u00e1nicos. Sintetiz\u00f3 el conocimiento ancestral de m\u00e1s de 3 mil a\u00f1os en procesos simples y aplicables a la vida cotidiana, para dejar de ser una m\u00e1quina biol\u00f3gica, y evolucionar a ser humano creador de su propia realidad. Tambi\u00e9n estar\u00e1 presente Yachaj Runa, Sacerdote Andino de Humahuaca. Aspira a que el mundo conozca la verdadera historia de nuestros pueblos del Abya Yala y extender este conocimiento, ya que somos los herederos de esa \u201cGran Cultura Milenaria\u201d.<\/p>\n\n\n\n<p>Las actividades estar\u00e1n amenizadas con la participaci\u00f3n especial de artistas que brindar\u00e1n su homenaje a la cultura ancestral y al sol. Participan: Salamanca, La Gallega, Pucho Gonz\u00e1lez, Banda Coya, Diableros Juje\u00f1os, Los Tekis, La Cantada, \u00cdtalo Ramos, Mariana Carrizo, y Jos\u00e9 Sim\u00f3n.<\/p>\n\n\n\n<p>La agenda para el d\u00eda de hoy empieza a las 16hs. con la apertura del Congreso Inti Raymi \u201cJuje\u00f1o Soy\u201d, La Cantada.<br>16.15 hs. Proyecci\u00f3n de \u201cHumano\u201d de Alan Stivelman, documental que registra el viaje de un joven argentino en busca de la iluminaci\u00f3n, adem\u00e1s se realizar\u00e1 una entrevista a Nicol\u00e1s Pauccar, sanador cham\u00e1nico nacido en la cultura q\u2019ero quien ha dedicado su vida a la transmisi\u00f3n de la cosmovisi\u00f3n andina. Siguiendo con \u00bfQu\u00e9 es Karma? Desarrollo del concepto para la cosmogon\u00eda andina.<\/p>\n\n\n\n<p>Luego, Inti Raymi: Yachaj Runa transmite el significado del ritual. Adem\u00e1s habr\u00e1 una entrevista a Yachaj Runa, Sacerdote andino de Humahuaca. Aspira a que el mundo conozca la verdadera historia de nuestros pueblos del Abya Yala, y extender este conocimiento m\u00e1s que una obligaci\u00f3n es su DERECHO, porque somos los herederos de esa \u201cGran Cultura Milenaria\u201d.<\/p>\n","protected":false},"excerpt":{"rendered":"<p>Hoy desde las 16 horas, a trav\u00e9s de los canales de Youtube de \u201cCultura Muni Jujuy\u201d y la fundaci\u00f3n Viento Norte, se podr\u00e1 participar de la transmisi\u00f3n v\u00eda streaming para aprender sobre el ceremonial del amanecer andino y descubrir los efectos pr\u00e1cticos de la sabidur\u00eda antigua americana. La misma contar\u00e1 con un anfitri\u00f3n, un moderador [&hellip;]<\/p>\n","protected":false},"author":5,"featured_media":302259,"comment_status":"open","ping_status":"open","sticky":false,"template":"","format":"standard","meta":{"_stopmodifiedupdate":false,"_modified_date":"","inline_featured_image":false,"spay_email":"","jetpack_publicize_message":""},"categories":[13],"tags":[],"jetpack_featured_media_url":"https:\/\/notinor.com\/jujuy\/wp-content\/uploads\/2021\/06\/TRANSMISION-ONLINE.jpeg","jetpack_publicize_connections":[],"_links":{"self":[{"href":"https:\/\/notinor.com\/jujuy\/wp-json\/wp\/v2\/posts\/302258"}],"collection":[{"href":"https:\/\/notinor.com\/jujuy\/wp-json\/wp\/v2\/posts"}],"about":[{"href":"https:\/\/notinor.com\/jujuy\/wp-json\/wp\/v2\/types\/post"}],"author":[{"embeddable":true,"href":"https:\/\/notinor.com\/jujuy\/wp-json\/wp\/v2\/users\/5"}],"replies":[{"embeddable":true,"href":"https:\/\/notinor.com\/jujuy\/wp-json\/wp\/v2\/comments?post=302258"}],"version-history":[{"count":1,"href":"https:\/\/notinor.com\/jujuy\/wp-json\/wp\/v2\/posts\/302258\/revisions"}],"predecessor-version":[{"id":302260,"href":"https:\/\/notinor.com\/jujuy\/wp-json\/wp\/v2\/posts\/302258\/revisions\/302260"}],"wp:featuredmedia":[{"embeddable":true,"href":"https:\/\/notinor.com\/jujuy\/wp-json\/wp\/v2\/media\/302259"}],"wp:attachment":[{"href":"https:\/\/notinor.com\/jujuy\/wp-json\/wp\/v2\/media?parent=302258"}],"wp:term":[{"taxonomy":"category","embeddable":true,"href":"https:\/\/notinor.com\/jujuy\/wp-json\/wp\/v2\/categories?post=302258"},{"taxonomy":"post_tag","embeddable":true,"href":"https:\/\/notinor.com\/jujuy\/wp-json\/wp\/v2\/tags?post=302258"}],"curies":[{"name":"wp","href":"https:\/\/api.w.org\/{rel}","templated":true}]}}