{"id":302242,"date":"2021-06-19T23:11:37","date_gmt":"2021-06-20T02:11:37","guid":{"rendered":"https:\/\/notinor.com\/jujuy\/?p=302242"},"modified":"2021-06-19T23:11:41","modified_gmt":"2021-06-20T02:11:41","slug":"jujuy-fallecieron-2-hombre-y-confirmaron-202-nuevos-casos-de-coronavirus","status":"publish","type":"post","link":"https:\/\/notinor.com\/jujuy\/jujuy-fallecieron-2-hombre-y-confirmaron-202-nuevos-casos-de-coronavirus\/","title":{"rendered":"Jujuy: fallecieron 2 hombre y confirmaron 202 nuevos casos de coronavirus"},"content":{"rendered":"\n<p>La provincia super\u00f3 los 33 mil contagios desde el inicio de la pandemia. <\/p>\n\n\n\n<figure class=\"wp-block-image size-large\"><img decoding=\"async\" loading=\"lazy\" width=\"840\" height=\"456\" src=\"https:\/\/notinor.com\/jujuy\/wp-content\/uploads\/2021\/04\/coronavirus-covid-operativo-e1618868853492-840x456.jpeg\" alt=\"\" class=\"wp-image-295017\" srcset=\"https:\/\/notinor.com\/jujuy\/wp-content\/uploads\/2021\/04\/coronavirus-covid-operativo-e1618868853492-840x456.jpeg 840w, https:\/\/notinor.com\/jujuy\/wp-content\/uploads\/2021\/04\/coronavirus-covid-operativo-e1618868853492-660x358.jpeg 660w, https:\/\/notinor.com\/jujuy\/wp-content\/uploads\/2021\/04\/coronavirus-covid-operativo-e1618868853492-768x417.jpeg 768w, https:\/\/notinor.com\/jujuy\/wp-content\/uploads\/2021\/04\/coronavirus-covid-operativo-e1618868853492-750x407.jpeg 750w, https:\/\/notinor.com\/jujuy\/wp-content\/uploads\/2021\/04\/coronavirus-covid-operativo-e1618868853492.jpeg 1016w\" sizes=\"(max-width: 840px) 100vw, 840px\" \/><\/figure>\n\n\n\n<p>Desde la Subdirecci\u00f3n de Epidemiolog\u00eda informaron en su reporte diario que <strong>hoy se confirmaron 202 nuevos casos de COVID-19 y 2 fallecimientos en Jujuy. Adem\u00e1s, recibieron el alta m\u00e9dica 289 pacientes.<\/strong><\/p>\n\n\n\n<p><strong>Detalle de casos positivos seg\u00fan localidad:<\/strong><\/p>\n\n\n\n<p>SAN SALVADOR DE JUJUY 87<br>LIBERTADOR GENERAL SAN MART\u00cdN 25<br>PERICO 19<br>SAN PEDRO 14<br>PALPAL\u00c1 10<br>EL CARMEN 10<br>SANTA ANA 6<br>TILCARA 5<br>PAMPA BLANCA 4<br>VOLC\u00c1N 3<br>PALMA SOLA 3<br>HUMAHUACA 3<br>MONTERRICO 2<br>LA MENDIETA 2<br>VALLE GRANDE 2<br>SUSQUES 1<br>REYES 1<br>LA QUIACA 1<br>JUELLA 1<br>HUACALERA 1<br>CALILEGUA 1<br>LA ALMONA 1<\/p>\n\n\n\n<p><strong>Se notificaron 2 fallecimientos por Covid-19<\/strong>: dos hombres entre 59 y 69 a\u00f1os de edad. Cabe aclarar que los fallecimientos reportados, son informados por el Registro Civil de la Provincia de Jujuy y corresponden al d\u00eda de ayer.<\/p>\n\n\n\n<p><strong>Estado de situaci\u00f3n desde el inicio de la pandemia:<\/strong><\/p>\n\n\n\n<p>Hasta el momento se realizaron 124.774 tests en toda la Provincia, arrojando un total de 33.042 casos positivos. Se recuperaron de la enfermedad 26.878. Fallecieron 1.173 personas.<\/p>\n\n\n\n<h4 class=\"has-text-align-center\"><strong><em>Ante el m\u00ednimo s\u00edntoma que tengas, qu\u00e9date en casa y consult\u00e1 con tu m\u00e9dico de cabecera o pod\u00e9s llamar al 0800-888-4767 las 24 horas o al 388 -4310494 (COE) de 08.00 a 20.00 hs.<\/em><\/strong><\/h4>\n","protected":false},"excerpt":{"rendered":"<p>La provincia super\u00f3 los 33 mil contagios desde el inicio de la pandemia. Desde la Subdirecci\u00f3n de Epidemiolog\u00eda informaron en su reporte diario que hoy se confirmaron 202 nuevos casos de COVID-19 y 2 fallecimientos en Jujuy. Adem\u00e1s, recibieron el alta m\u00e9dica 289 pacientes. Detalle de casos positivos seg\u00fan localidad: SAN SALVADOR DE JUJUY 87LIBERTADOR [&hellip;]<\/p>\n","protected":false},"author":1,"featured_media":295017,"comment_status":"open","ping_status":"open","sticky":false,"template":"","format":"standard","meta":{"_stopmodifiedupdate":false,"_modified_date":"","inline_featured_image":false},"categories":[2],"tags":[],"jetpack_featured_media_url":"https:\/\/notinor.com\/jujuy\/wp-content\/uploads\/2021\/04\/coronavirus-covid-operativo-e1618868853492.jpeg","_links":{"self":[{"href":"https:\/\/notinor.com\/jujuy\/wp-json\/wp\/v2\/posts\/302242"}],"collection":[{"href":"https:\/\/notinor.com\/jujuy\/wp-json\/wp\/v2\/posts"}],"about":[{"href":"https:\/\/notinor.com\/jujuy\/wp-json\/wp\/v2\/types\/post"}],"author":[{"embeddable":true,"href":"https:\/\/notinor.com\/jujuy\/wp-json\/wp\/v2\/users\/1"}],"replies":[{"embeddable":true,"href":"https:\/\/notinor.com\/jujuy\/wp-json\/wp\/v2\/comments?post=302242"}],"version-history":[{"count":1,"href":"https:\/\/notinor.com\/jujuy\/wp-json\/wp\/v2\/posts\/302242\/revisions"}],"predecessor-version":[{"id":302243,"href":"https:\/\/notinor.com\/jujuy\/wp-json\/wp\/v2\/posts\/302242\/revisions\/302243"}],"wp:featuredmedia":[{"embeddable":true,"href":"https:\/\/notinor.com\/jujuy\/wp-json\/wp\/v2\/media\/295017"}],"wp:attachment":[{"href":"https:\/\/notinor.com\/jujuy\/wp-json\/wp\/v2\/media?parent=302242"}],"wp:term":[{"taxonomy":"category","embeddable":true,"href":"https:\/\/notinor.com\/jujuy\/wp-json\/wp\/v2\/categories?post=302242"},{"taxonomy":"post_tag","embeddable":true,"href":"https:\/\/notinor.com\/jujuy\/wp-json\/wp\/v2\/tags?post=302242"}],"curies":[{"name":"wp","href":"https:\/\/api.w.org\/{rel}","templated":true}]}}