{"id":302239,"date":"2021-06-19T17:56:38","date_gmt":"2021-06-19T20:56:38","guid":{"rendered":"https:\/\/notinor.com\/jujuy\/?p=302239"},"modified":"2021-06-19T17:56:43","modified_gmt":"2021-06-19T20:56:43","slug":"accidente-multiple-en-la-ruta-66-al-menos-cuatro-personas-resultaron-heridas","status":"publish","type":"post","link":"https:\/\/notinor.com\/jujuy\/accidente-multiple-en-la-ruta-66-al-menos-cuatro-personas-resultaron-heridas\/","title":{"rendered":"Accidente m\u00faltiple en la Ruta 66, al menos cuatro personas resultaron heridas"},"content":{"rendered":"\n<p>Ocurri\u00f3 esta tarde en inmediaciones de la Terminal de \u00d3mnibus \"Gral. Manuel Eduardo Arias\". Las personas fueron derivadas al hospital. <\/p>\n\n\n\n<figure class=\"wp-block-image size-large\"><img decoding=\"async\" loading=\"lazy\" width=\"840\" height=\"473\" src=\"https:\/\/notinor.com\/jujuy\/wp-content\/uploads\/2021\/06\/20210619_170305-840x473.jpg\" alt=\"\" class=\"wp-image-302240\" srcset=\"https:\/\/notinor.com\/jujuy\/wp-content\/uploads\/2021\/06\/20210619_170305-840x473.jpg 840w, https:\/\/notinor.com\/jujuy\/wp-content\/uploads\/2021\/06\/20210619_170305-648x365.jpg 648w, https:\/\/notinor.com\/jujuy\/wp-content\/uploads\/2021\/06\/20210619_170305-768x432.jpg 768w, https:\/\/notinor.com\/jujuy\/wp-content\/uploads\/2021\/06\/20210619_170305-750x422.jpg 750w, https:\/\/notinor.com\/jujuy\/wp-content\/uploads\/2021\/06\/20210619_170305.jpg 899w\" sizes=\"(max-width: 840px) 100vw, 840px\" \/><\/figure>\n\n\n\n<p>Un m\u00faltiple accidente vial tuvo lugar esta tarde en San Salvador de Jujuy, en inmediaciones de la nueva Terminal de \u00d3mnibus \"Gral. Manuel Eduardo Arias\".<\/p>\n\n\n\n<p>Los hechos se dieron en dos circunstancias relacionadas una con la otra. Primero, un veh\u00edculo que era conducido por un hombre sin acompa\u00f1antes perdi\u00f3 el control del rodado y termin\u00f3 impactando con el guardarrail, en la intersecci\u00f3n de las rutas nacionales N\u00b09 y N\u00b066.<\/p>\n\n\n\n<p>A ra\u00edz del accidente y ya con la presencia de personal de Seguridad Vial, Polic\u00eda de la Provincia y del SAME 107 -ya que el hombre habr\u00eda sufrido la fractura de una pierna-, el tr\u00e1nsito se vio interrumpido y se acumul\u00f3 una fila de autom\u00f3viles en direcci\u00f3n a la terminal. <\/p>\n\n\n\n<p>Bajo esas circunstancias, otro veh\u00edculo conducido por otro hombre no atin\u00f3 a frenar a tiempo por el embotellamiento y termin\u00f3 impactando al menos con otros dos autom\u00f3viles.<\/p>\n\n\n\n<p>Fruto del choque, al menos 3 personas resultaron heridas, entre ellas 2 menores de edad. Inmediatamente la Polic\u00eda dio aviso al personal del SAME que design\u00f3 otras dos ambulancias para tratar y trasladar a los heridos.<\/p>\n\n\n\n<p>Las personas involucradas fueron derivadas al hospital \"Pablo Soria\" y al hospital de Ni\u00f1os \"Dr. H\u00e9ctor Quintana\". Si bien se registraron grandes p\u00e9rdidas materiales, no hubo que lamentar v\u00edctimas fatales. <\/p>\n\n\n\n<p><em>Fuente: El Tribuno de Jujuy <\/em><\/p>\n","protected":false},"excerpt":{"rendered":"<p>Ocurri\u00f3 esta tarde en inmediaciones de la Terminal de \u00d3mnibus \"Gral. Manuel Eduardo Arias\". Las personas fueron derivadas al hospital. Un m\u00faltiple accidente vial tuvo lugar esta tarde en San Salvador de Jujuy, en inmediaciones de la nueva Terminal de \u00d3mnibus \"Gral. Manuel Eduardo Arias\". Los hechos se dieron en dos circunstancias relacionadas una con [&hellip;]<\/p>\n","protected":false},"author":1,"featured_media":302240,"comment_status":"open","ping_status":"open","sticky":false,"template":"","format":"standard","meta":{"_stopmodifiedupdate":false,"_modified_date":"","inline_featured_image":false},"categories":[3],"tags":[],"jetpack_featured_media_url":"https:\/\/notinor.com\/jujuy\/wp-content\/uploads\/2021\/06\/20210619_170305.jpg","_links":{"self":[{"href":"https:\/\/notinor.com\/jujuy\/wp-json\/wp\/v2\/posts\/302239"}],"collection":[{"href":"https:\/\/notinor.com\/jujuy\/wp-json\/wp\/v2\/posts"}],"about":[{"href":"https:\/\/notinor.com\/jujuy\/wp-json\/wp\/v2\/types\/post"}],"author":[{"embeddable":true,"href":"https:\/\/notinor.com\/jujuy\/wp-json\/wp\/v2\/users\/1"}],"replies":[{"embeddable":true,"href":"https:\/\/notinor.com\/jujuy\/wp-json\/wp\/v2\/comments?post=302239"}],"version-history":[{"count":1,"href":"https:\/\/notinor.com\/jujuy\/wp-json\/wp\/v2\/posts\/302239\/revisions"}],"predecessor-version":[{"id":302241,"href":"https:\/\/notinor.com\/jujuy\/wp-json\/wp\/v2\/posts\/302239\/revisions\/302241"}],"wp:featuredmedia":[{"embeddable":true,"href":"https:\/\/notinor.com\/jujuy\/wp-json\/wp\/v2\/media\/302240"}],"wp:attachment":[{"href":"https:\/\/notinor.com\/jujuy\/wp-json\/wp\/v2\/media?parent=302239"}],"wp:term":[{"taxonomy":"category","embeddable":true,"href":"https:\/\/notinor.com\/jujuy\/wp-json\/wp\/v2\/categories?post=302239"},{"taxonomy":"post_tag","embeddable":true,"href":"https:\/\/notinor.com\/jujuy\/wp-json\/wp\/v2\/tags?post=302239"}],"curies":[{"name":"wp","href":"https:\/\/api.w.org\/{rel}","templated":true}]}}