{"id":302232,"date":"2021-06-19T12:18:34","date_gmt":"2021-06-19T15:18:34","guid":{"rendered":"https:\/\/notinor.com\/jujuy\/?p=302232"},"modified":"2021-06-19T12:18:37","modified_gmt":"2021-06-19T15:18:37","slug":"santiago-cafiero-confirmo-el-pago-extraordinario-para-jubilados","status":"publish","type":"post","link":"https:\/\/notinor.com\/jujuy\/santiago-cafiero-confirmo-el-pago-extraordinario-para-jubilados\/","title":{"rendered":"Santiago Cafiero confirm\u00f3 el pago extraordinario para jubilados"},"content":{"rendered":"\n<p>El jefe de Gabinete, Santiago Cafiero, confirm\u00f3 que la Administraci\u00f3n Nacional de la Seguridad Social (Anses) y el Ministerio de Econom\u00eda, ultiman los detalles del nuevo bono de refuerzo para jubilados.<\/p>\n\n\n\n<figure class=\"wp-block-image size-large\"><img decoding=\"async\" loading=\"lazy\" width=\"840\" height=\"468\" src=\"https:\/\/notinor.com\/jujuy\/wp-content\/uploads\/2021\/06\/BONO-1-840x468.jpg\" alt=\"\" class=\"wp-image-302234\" srcset=\"https:\/\/notinor.com\/jujuy\/wp-content\/uploads\/2021\/06\/BONO-1-840x468.jpg 840w, https:\/\/notinor.com\/jujuy\/wp-content\/uploads\/2021\/06\/BONO-1-655x365.jpg 655w, https:\/\/notinor.com\/jujuy\/wp-content\/uploads\/2021\/06\/BONO-1-500x280.jpg 500w, https:\/\/notinor.com\/jujuy\/wp-content\/uploads\/2021\/06\/BONO-1-768x428.jpg 768w, https:\/\/notinor.com\/jujuy\/wp-content\/uploads\/2021\/06\/BONO-1-750x418.jpg 750w, https:\/\/notinor.com\/jujuy\/wp-content\/uploads\/2021\/06\/BONO-1.jpg 997w\" sizes=\"(max-width: 840px) 100vw, 840px\" \/><\/figure>\n\n\n\n<p>\"Estamos trabajando con el Anses y el Ministerio de Econom\u00eda para ver bien el bono a jubilados\", se\u00f1al\u00f3 el funcionario en di\u00e1logo con Radio 10.<\/p>\n\n\n\n<p>La medida apuntar\u00e1 a los beneficiarios de haberes m\u00ednimos como compensatorio a la p\u00e9rdida de poder adquisitivo frente a la inflaci\u00f3n trimestral.<\/p>\n\n\n\n<p>\"Entre el 2017 y el 2018 las jubilaciones perdieron un 20%, fuimos dando aumentos desde el poder Ejecutivo todo el a\u00f1o pasado\", repas\u00f3 Cafiero.<\/p>\n\n\n\n<p>Tras la suba del 12,12% para el conjunto de las programas de Anses y la ampliaci\u00f3n de la Tarjeta Alimentar que se efectiviz\u00f3 en mayo, el titular de la cartera nacional insisti\u00f3 en que el Gobierno cuenta con \"una pol\u00edtica social sostenida\".<\/p>\n\n\n\n<p>\"El 57,7% de los chicos de nuestro pa\u00eds son pobres, por eso duplicamos el monto de la alimentar, tenemos una pol\u00edtica social sostenida. Duplicamos el programa Potencias Trabajo, ampliamos la asignaci\u00f3n universal por hijo, la tarjeta alimentar llega a mas personas\", apunt\u00f3.<\/p>\n\n\n\n<p>En abril y mayo ya hab\u00eda otorgado dos bonos de 1.500 pesos cada uno, en procura de \"ganarle\" a la inflaci\u00f3n.&nbsp; En ese momento lo recibieron unos 5 millones de jubilados, pensionados, pensiones no contributivas y PUAM que cobraban menos de $ 30.856.<\/p>\n\n\n\n<p>Fuentes de la administraci\u00f3n de Alberto Fern\u00e1ndez insistieron en que el \"objetivo\" es que quienes perciben la m\u00ednima \"sean los primeros beneficiados\".<\/p>\n\n\n\n<p>Aclararon que no s\u00f3lo se mira a ese sector, sino tambi\u00e9n a los asalariados, que tambi\u00e9n son castigados por la suba de precios.<\/p>\n\n\n\n<p>En estos seis primeros del a\u00f1o las jubilaciones y pensiones recibieron dos aumentos trimestrales (8,07% y 12,12%) lo que punta a punta representa un alza del 21,2%. Con una suba promedio de los precios del 3% en junio, la inflaci\u00f3n de la primera mitad de 2021 sumar\u00e1 el 25,1%. Representa una p\u00e9rdida inter-semestral del 3,1%.<\/p>\n\n\n\n<p>En tanto, la Administraci\u00f3n Federal de Ingresos P\u00fablicos (AFIP) extendi\u00f3 el reintegro del 15% en compras para beneficiarios de los haberes jubilatorios, Asignaci\u00f3n Universal por Hijo (AUH) y Asignaci\u00f3n Universal por Embarazo (AEU).<\/p>\n\n\n\n<p>El ministro de Desarrollo Social, Daniel Arroyo, confirm\u00f3 que se otorgar\u00e1 un bono extraordinario de 6.000 pesos para todas y todos los titulares del programa Potenciar Trabajo, que se acreditar\u00e1 en el mes de julio.<\/p>\n\n\n\n<p>\"Vamos a otorgar un bono extraordinario de mitad de a\u00f1o a cerca de un mill\u00f3n de personas que forman parte del programa Potenciar Trabajo, con el objetivo de sostener sus ingresos e inyectar dinero que promueva el consumo a nivel local\", explic\u00f3 el ministro.<\/p>\n\n\n\n<p>En ese marco, Arroyo explic\u00f3 que \"desde el Gobierno nacional vamos analizando de forma permanente la situaci\u00f3n social y este bono se suma a la ampliaci\u00f3n de la tarjeta Alimentar que efectivizamos a partir de mayo, siempre con el objetivo de llegar a quienes m\u00e1s lo necesitan, como se\u00f1ala el presidente Alberto Fern\u00e1ndez\".<\/p>\n\n\n\n<p>El Programa Nacional de Inclusi\u00f3n Socioproductiva y Desarrollo Local \"Potenciar Trabajo\" incluye a cerca de un mill\u00f3n de personas y tiene como objetivo contribuir a mejorar el empleo y generar nuevas propuestas productivas a trav\u00e9s del desarrollo de proyectos socio-productivos, socio-comunitarios, socio-laborales y la terminalidad educativa, con el fin de promover la inclusi\u00f3n social plena para personas que se encuentren en situaci\u00f3n de vulnerabilidad social y econ\u00f3mica.<\/p>\n\n\n\n<p>Adem\u00e1s de entregar un bono extraordinario de 6.000 pesos en julio, el Potenciar Trabajo aumentar\u00e1 seg\u00fan lo dispuesto por la resoluci\u00f3n del Consejo del Salario, ya que su monto corresponde al 50% de esta cifra. As\u00ed, el pr\u00f3ximo incremento sera del 35% en siete partes que se inici\u00f3 en abril de 2021 y finalizara en la liquidaci\u00f3n de febrero de 2022.<\/p>\n\n\n\n<p>Los aumentos se dividir\u00e1n de la siguiente manera:<\/p>\n\n\n\n<p>Abril: 9%<\/p>\n\n\n\n<p>Mayo: 4%<\/p>\n\n\n\n<p>Junio: 4%<\/p>\n\n\n\n<p>Julio: 3%<\/p>\n\n\n\n<p>Agosto: 5%<\/p>\n\n\n\n<p>Noviembre: 5%<\/p>\n\n\n\n<p>Febrero: 5%<\/p>\n\n\n\n<p>A trav\u00e9s de la resoluci\u00f3n 121, el Ministerio de Desarrollo Social oficializ\u00f3 la pr\u00f3rroga hasta el pr\u00f3ximo 18 de junio inclusive.<\/p>\n\n\n\n<p>La deben realizar las y los titulares de&nbsp; Potenciar Trabajo (incluye los titulares ex Argentina Trabaja, ex Ellas Hacen, ex Hacemos Futuro, ex Proyectos Productivos Comunitarios).<\/p>\n\n\n\n<p>La actualizaci\u00f3n es de car\u00e1cter PERSONAL y OBLIGATORIO y se podr\u00e1 realizar hasta el pr\u00f3ximo viernes 18 de junio inclusive.<\/p>\n\n\n\n<p>Adem\u00e1s de entregar un bono extraordinario de $6.000 en julio, el Potenciar Trabajo aumentar\u00e1 su monto en los pr\u00f3ximos meses<\/p>\n\n\n\n<p>Actualizaci\u00f3n de datos: \u00bfC\u00f3mo es el tr\u00e1mite?<\/p>\n\n\n\n<p>1) Actualizaci\u00f3n de datos personales<\/p>\n\n\n\n<p>All\u00ed la o el titular confirma o modifica sus datos personales (nombre, apellido, direcci\u00f3n real, n\u00famero de documento) y actualiza sus datos de contacto (tel\u00e9fonos, emails, modo de contacto preferido).<\/p>\n\n\n\n<p>2) Validaci\u00f3n o selecci\u00f3n de unidad de gesti\u00f3n<\/p>\n\n\n\n<p>All\u00ed la o el titular podr\u00e1:<\/p>\n\n\n\n<p>confirmar la unidad de gesti\u00f3n asignada,<\/p>\n\n\n\n<p>modificar la unidad de gesti\u00f3n asignada,<\/p>\n\n\n\n<p>elegir ninguna.<\/p>\n\n\n\n<p>En el caso de no tener asignada una unidad de gesti\u00f3n, al titular le aparecer\u00e1 la opci\u00f3n de modificarla. Desde esa opci\u00f3n, podr\u00e1 elegir directamente una unidad de gesti\u00f3n gubernamental o no gubernamental disponible en el listado.<\/p>\n\n\n\n<p>Ingresar a www.potenciar-trabajo.mds.gob.ar\/<\/p>\n\n\n\n<p>Podr\u00e1s identificarte con tu datos de Anses o bien con el Renaper<\/p>\n","protected":false},"excerpt":{"rendered":"<p>El jefe de Gabinete, Santiago Cafiero, confirm\u00f3 que la Administraci\u00f3n Nacional de la Seguridad Social (Anses) y el Ministerio de Econom\u00eda, ultiman los detalles del nuevo bono de refuerzo para jubilados. \"Estamos trabajando con el Anses y el Ministerio de Econom\u00eda para ver bien el bono a jubilados\", se\u00f1al\u00f3 el funcionario en di\u00e1logo con Radio [&hellip;]<\/p>\n","protected":false},"author":5,"featured_media":302233,"comment_status":"open","ping_status":"open","sticky":false,"template":"","format":"standard","meta":{"_stopmodifiedupdate":false,"_modified_date":"","inline_featured_image":false},"categories":[5],"tags":[],"jetpack_featured_media_url":"https:\/\/notinor.com\/jujuy\/wp-content\/uploads\/2021\/06\/BONO.jpg","_links":{"self":[{"href":"https:\/\/notinor.com\/jujuy\/wp-json\/wp\/v2\/posts\/302232"}],"collection":[{"href":"https:\/\/notinor.com\/jujuy\/wp-json\/wp\/v2\/posts"}],"about":[{"href":"https:\/\/notinor.com\/jujuy\/wp-json\/wp\/v2\/types\/post"}],"author":[{"embeddable":true,"href":"https:\/\/notinor.com\/jujuy\/wp-json\/wp\/v2\/users\/5"}],"replies":[{"embeddable":true,"href":"https:\/\/notinor.com\/jujuy\/wp-json\/wp\/v2\/comments?post=302232"}],"version-history":[{"count":1,"href":"https:\/\/notinor.com\/jujuy\/wp-json\/wp\/v2\/posts\/302232\/revisions"}],"predecessor-version":[{"id":302235,"href":"https:\/\/notinor.com\/jujuy\/wp-json\/wp\/v2\/posts\/302232\/revisions\/302235"}],"wp:featuredmedia":[{"embeddable":true,"href":"https:\/\/notinor.com\/jujuy\/wp-json\/wp\/v2\/media\/302233"}],"wp:attachment":[{"href":"https:\/\/notinor.com\/jujuy\/wp-json\/wp\/v2\/media?parent=302232"}],"wp:term":[{"taxonomy":"category","embeddable":true,"href":"https:\/\/notinor.com\/jujuy\/wp-json\/wp\/v2\/categories?post=302232"},{"taxonomy":"post_tag","embeddable":true,"href":"https:\/\/notinor.com\/jujuy\/wp-json\/wp\/v2\/tags?post=302232"}],"curies":[{"name":"wp","href":"https:\/\/api.w.org\/{rel}","templated":true}]}}