{"id":302220,"date":"2021-06-19T11:42:37","date_gmt":"2021-06-19T14:42:37","guid":{"rendered":"https:\/\/notinor.com\/jujuy\/?p=302220"},"modified":"2021-06-19T11:42:42","modified_gmt":"2021-06-19T14:42:42","slug":"cafiero-sobre-los-dichos-de-macri-nunca-pensamos-que-podia-llegar-a-ese-nivel-de-crueldad","status":"publish","type":"post","link":"https:\/\/notinor.com\/jujuy\/cafiero-sobre-los-dichos-de-macri-nunca-pensamos-que-podia-llegar-a-ese-nivel-de-crueldad\/","title":{"rendered":"Cafiero sobre los dichos de Macri: \"Nunca pensamos que pod\u00eda llegar a ese nivel de crueldad\""},"content":{"rendered":"\n<p>El jefe de Gabinete se refiri\u00f3 a la frase que lanz\u00f3 el expresidente durante una entrevista con El Sol donde sostuvo que el coronavirus es como una \"gripe, un poco m\u00e1s grave\".<\/p>\n\n\n\n<figure class=\"wp-block-image size-large\"><img decoding=\"async\" loading=\"lazy\" width=\"640\" height=\"480\" src=\"https:\/\/notinor.com\/jujuy\/wp-content\/uploads\/2021\/06\/CAFIERO-1-640x480.jpg\" alt=\"\" class=\"wp-image-302221\" srcset=\"https:\/\/notinor.com\/jujuy\/wp-content\/uploads\/2021\/06\/CAFIERO-1-640x480.jpg 640w, https:\/\/notinor.com\/jujuy\/wp-content\/uploads\/2021\/06\/CAFIERO-1-487x365.jpg 487w, https:\/\/notinor.com\/jujuy\/wp-content\/uploads\/2021\/06\/CAFIERO-1-768x576.jpg 768w, https:\/\/notinor.com\/jujuy\/wp-content\/uploads\/2021\/06\/CAFIERO-1-750x563.jpg 750w, https:\/\/notinor.com\/jujuy\/wp-content\/uploads\/2021\/06\/CAFIERO-1.jpg 1024w\" sizes=\"(max-width: 640px) 100vw, 640px\" \/><\/figure>\n\n\n\n<p>El jefe de Gabinete, Santiago Cafiero, dijo hoy que le causaron \"mucho dolor\" los dichos del expresidente Mauricio Macri sobre el coronavirus y afirm\u00f3 que nunca pens\u00f3 que \"pod\u00eda llegar a ese nivel de crueldad\".<\/p>\n\n\n\n<p>\"Lo pinta de cuerpo entero. Demuestra esa insensibilidad que demostr\u00f3 cuando condujo al pa\u00eds por cuatro a\u00f1os y lo vuelve a demostrar ahora\", asever\u00f3 Cafiero esta ma\u00f1ana en declaraciones a Radio 10.<\/p>\n\n\n\n<p>El viernes, Macri debi\u00f3 salir a pedir \"perd\u00f3n\" a los afectados por el coronavirus, tras haber caracterizado al virus como una \"gripe, un poco m\u00e1s grave\" durante una entrevista a El Sol.<\/p>\n\n\n\n<p>Ver tambi\u00e9n: \u201cNunca cre\u00ed que esta gripe un poco m\u00e1s grave es algo por lo que uno debe estar sin dormir\u201d<\/p>\n\n\n\n<p>\"Las declaraciones me producen mucho dolor pero poca sorpresa. No nos llama la atenci\u00f3n, pero nunca pensamos que pod\u00eda llegar a ese nivel de crueldad\", sostuvo Cafiero esta ma\u00f1ana sobre los dichos de Macri.<\/p>\n\n\n\n<p>Y agreg\u00f3: \"El exceso de politizaci\u00f3n que siempre le quiso poner a la pandemia, al virus, a la vacuna, lo dej\u00f3 de un modo muy marcado, muy al descubierto lo que verdaderamente piensa\".<\/p>\n\n\n\n<p>\"Es un hombre poderoso y rico, y piensa que tiene acceso a los mejores m\u00e9dicos, tratamientos, que puede ir al exterior a vacunarse, y viajar por el mundo cuando todos est\u00e1bamos aqu\u00ed, haciendo contenci\u00f3n del virus\", se\u00f1al\u00f3 el funcionario.<\/p>\n\n\n\n<p>Cafiero diferenci\u00f3 que \"mientras el Gobierno invert\u00eda en el sistema de salud para dar respuesta a aquellos que necesitaban atenci\u00f3n, \u00e9l se iba por el mundo y daba conferencias y dec\u00eda que m\u00e1s peligroso que el coronavirus era el populismo, solamente para congraciarse con una cuesti\u00f3n ideol\u00f3gica pol\u00edtica\".<\/p>\n\n\n\n<p>En esa l\u00ednea, juzg\u00f3 que ese tipo de actitud \"es la filosof\u00eda de alguien prepotente por el dinero y por el poder, pensando que nunca le va tocar\".<\/p>\n\n\n\n<p>Al mismo tiempo, el jefe de Gabinete enfatiz\u00f3 que \"por suerte los argentinos en octubre de 2019 votaron un cambio de gobierno y avanzaron hacia un modelo de producci\u00f3n y empleo que abandone esa idea individualista y abrace una idea comunitaria\"<\/p>\n\n\n\n<p>Cafiero valor\u00f3 finalmente que la \"sociedad acompa\u00f1\u00f3 y acompa\u00f1a\" las medidas adoptadas por el Gobierno nacional desde el inicio de la pandemia, en marzo del a\u00f1o pasado.<\/p>\n\n\n\n<p>\"\u00bfA qui\u00e9n le gusta el confinamiento?\", se pregunt\u00f3 y agreg\u00f3: \"Sirve, el confinamiento es duro pero sirve para cuidarnos entre todos\".<\/p>\n","protected":false},"excerpt":{"rendered":"<p>El jefe de Gabinete se refiri\u00f3 a la frase que lanz\u00f3 el expresidente durante una entrevista con El Sol donde sostuvo que el coronavirus es como una \"gripe, un poco m\u00e1s grave\". El jefe de Gabinete, Santiago Cafiero, dijo hoy que le causaron \"mucho dolor\" los dichos del expresidente Mauricio Macri sobre el coronavirus y [&hellip;]<\/p>\n","protected":false},"author":5,"featured_media":302221,"comment_status":"open","ping_status":"open","sticky":false,"template":"","format":"standard","meta":{"_stopmodifiedupdate":false,"_modified_date":"","inline_featured_image":false},"categories":[501],"tags":[],"jetpack_featured_media_url":"https:\/\/notinor.com\/jujuy\/wp-content\/uploads\/2021\/06\/CAFIERO-1.jpg","_links":{"self":[{"href":"https:\/\/notinor.com\/jujuy\/wp-json\/wp\/v2\/posts\/302220"}],"collection":[{"href":"https:\/\/notinor.com\/jujuy\/wp-json\/wp\/v2\/posts"}],"about":[{"href":"https:\/\/notinor.com\/jujuy\/wp-json\/wp\/v2\/types\/post"}],"author":[{"embeddable":true,"href":"https:\/\/notinor.com\/jujuy\/wp-json\/wp\/v2\/users\/5"}],"replies":[{"embeddable":true,"href":"https:\/\/notinor.com\/jujuy\/wp-json\/wp\/v2\/comments?post=302220"}],"version-history":[{"count":1,"href":"https:\/\/notinor.com\/jujuy\/wp-json\/wp\/v2\/posts\/302220\/revisions"}],"predecessor-version":[{"id":302222,"href":"https:\/\/notinor.com\/jujuy\/wp-json\/wp\/v2\/posts\/302220\/revisions\/302222"}],"wp:featuredmedia":[{"embeddable":true,"href":"https:\/\/notinor.com\/jujuy\/wp-json\/wp\/v2\/media\/302221"}],"wp:attachment":[{"href":"https:\/\/notinor.com\/jujuy\/wp-json\/wp\/v2\/media?parent=302220"}],"wp:term":[{"taxonomy":"category","embeddable":true,"href":"https:\/\/notinor.com\/jujuy\/wp-json\/wp\/v2\/categories?post=302220"},{"taxonomy":"post_tag","embeddable":true,"href":"https:\/\/notinor.com\/jujuy\/wp-json\/wp\/v2\/tags?post=302220"}],"curies":[{"name":"wp","href":"https:\/\/api.w.org\/{rel}","templated":true}]}}