{"id":302205,"date":"2021-06-19T11:19:25","date_gmt":"2021-06-19T14:19:25","guid":{"rendered":"https:\/\/notinor.com\/jujuy\/?p=302205"},"modified":"2021-06-19T11:19:30","modified_gmt":"2021-06-19T14:19:30","slug":"obras-de-desague-superficial-en-chijra","status":"publish","type":"post","link":"https:\/\/notinor.com\/jujuy\/obras-de-desague-superficial-en-chijra\/","title":{"rendered":"Obras de desag\u00fce superficial en Chijra"},"content":{"rendered":"\n<p>La Municipalidad de San Salvador de Jujuy, a trav\u00e9s de la secretar\u00eda de Obras P\u00fablicas y en conjunto con el Concejo Deliberante, se encuentra trabajando en el barrio Chijra, m\u00e1s precisamente en la calle Las Corzuelas, entre Los Pinos y El Pensamiento, por medio del Programa Argentina Hace II, con obras de desag\u00fces superficiales que son los cordones cuneta.<\/p>\n\n\n\n<div class=\"wp-block-image\"><figure class=\"aligncenter size-large is-resized\"><img decoding=\"async\" loading=\"lazy\" src=\"https:\/\/notinor.com\/jujuy\/wp-content\/uploads\/2021\/06\/Barrio-Chijra-2-754x480.jpg\" alt=\"\" class=\"wp-image-302206\" width=\"539\" height=\"343\" srcset=\"https:\/\/notinor.com\/jujuy\/wp-content\/uploads\/2021\/06\/Barrio-Chijra-2-754x480.jpg 754w, https:\/\/notinor.com\/jujuy\/wp-content\/uploads\/2021\/06\/Barrio-Chijra-2-573x365.jpg 573w, https:\/\/notinor.com\/jujuy\/wp-content\/uploads\/2021\/06\/Barrio-Chijra-2-768x489.jpg 768w, https:\/\/notinor.com\/jujuy\/wp-content\/uploads\/2021\/06\/Barrio-Chijra-2-750x478.jpg 750w, https:\/\/notinor.com\/jujuy\/wp-content\/uploads\/2021\/06\/Barrio-Chijra-2-1140x726.jpg 1140w, https:\/\/notinor.com\/jujuy\/wp-content\/uploads\/2021\/06\/Barrio-Chijra-2.jpg 1280w\" sizes=\"(max-width: 539px) 100vw, 539px\" \/><\/figure><\/div>\n\n\n\n<p>En este sentido, el Intendente, Ra\u00fal \u201cChuli\u201d Jorge, coment\u00f3 \u201chab\u00eda que solucionar el tema de Las Corzuelas, una calle con mucha pendiente que llega hasta la Colectora,\u00a0que imped\u00eda, de alguna manera, la soluci\u00f3n definitiva a un asentamiento que tiene m\u00e1s de 30 a\u00f1os y la llegada de este servicio para que mejore todo el sector. Por ello se decidi\u00f3\u00a0comenzar con el cord\u00f3n cuneta que son 700 metros y que beneficiar\u00e1 a todos los que viven en el sector, hace tanto tiempo\u201d.<\/p>\n\n\n\n<p>Por su parte, el presidente del Concejo Deliberante, Lisandro Aguiar, agreg\u00f3\u00a0\u201cla antig\u00fcedad del asentamiento sobre el arroyo es un incentivo para poder trabajar con los vecinos en este y otros asentamientos de la Ciudad, a fin de poder dotarlos de los servicios esenciales que son tan necesarios para la vida\u201d.<\/p>\n\n\n\n<p>Por \u00faltimo, el secretario de Obras P\u00fablicas, Aldo Montiel, explic\u00f3\u00a0\u201cesta obra va a beneficiar no solo a los vecinos, sino que mejorar\u00e1 el escurrimiento de las aguas en \u00e9pocas estivales. Es una obra de Argentina Hace II y el Municipio Capitalino, como las que estamos trabajando en otros barrios como Alto Comedero, Gral. Arias y vamos a estar en San Pedrito, en barrio Norte y tambi\u00e9n Los Huaicos\u201d.<\/p>\n","protected":false},"excerpt":{"rendered":"<p>La Municipalidad de San Salvador de Jujuy, a trav\u00e9s de la secretar\u00eda de Obras P\u00fablicas y en conjunto con el Concejo Deliberante, se encuentra trabajando en el barrio Chijra, m\u00e1s precisamente en la calle Las Corzuelas, entre Los Pinos y El Pensamiento, por medio del Programa Argentina Hace II, con obras de desag\u00fces superficiales que [&hellip;]<\/p>\n","protected":false},"author":5,"featured_media":302207,"comment_status":"open","ping_status":"open","sticky":false,"template":"","format":"standard","meta":{"_stopmodifiedupdate":false,"_modified_date":"","inline_featured_image":false},"categories":[514],"tags":[],"jetpack_featured_media_url":"https:\/\/notinor.com\/jujuy\/wp-content\/uploads\/2021\/06\/Barrio-Chijra.jpg","_links":{"self":[{"href":"https:\/\/notinor.com\/jujuy\/wp-json\/wp\/v2\/posts\/302205"}],"collection":[{"href":"https:\/\/notinor.com\/jujuy\/wp-json\/wp\/v2\/posts"}],"about":[{"href":"https:\/\/notinor.com\/jujuy\/wp-json\/wp\/v2\/types\/post"}],"author":[{"embeddable":true,"href":"https:\/\/notinor.com\/jujuy\/wp-json\/wp\/v2\/users\/5"}],"replies":[{"embeddable":true,"href":"https:\/\/notinor.com\/jujuy\/wp-json\/wp\/v2\/comments?post=302205"}],"version-history":[{"count":1,"href":"https:\/\/notinor.com\/jujuy\/wp-json\/wp\/v2\/posts\/302205\/revisions"}],"predecessor-version":[{"id":302208,"href":"https:\/\/notinor.com\/jujuy\/wp-json\/wp\/v2\/posts\/302205\/revisions\/302208"}],"wp:featuredmedia":[{"embeddable":true,"href":"https:\/\/notinor.com\/jujuy\/wp-json\/wp\/v2\/media\/302207"}],"wp:attachment":[{"href":"https:\/\/notinor.com\/jujuy\/wp-json\/wp\/v2\/media?parent=302205"}],"wp:term":[{"taxonomy":"category","embeddable":true,"href":"https:\/\/notinor.com\/jujuy\/wp-json\/wp\/v2\/categories?post=302205"},{"taxonomy":"post_tag","embeddable":true,"href":"https:\/\/notinor.com\/jujuy\/wp-json\/wp\/v2\/tags?post=302205"}],"curies":[{"name":"wp","href":"https:\/\/api.w.org\/{rel}","templated":true}]}}